{"id":473593,"date":"2025-10-18T23:41:30","date_gmt":"2025-10-18T23:41:30","guid":{"rendered":"https:\/\/www.europesays.com\/fr\/473593\/"},"modified":"2025-10-18T23:41:30","modified_gmt":"2025-10-18T23:41:30","slug":"pour-faire-decouvrir-la-gendarmerie-ce-lycee-breton-lance-une-classe-defense","status":"publish","type":"post","link":"https:\/\/www.europesays.com\/fr\/473593\/","title":{"rendered":"Pour faire d\u00e9couvrir la gendarmerie, ce lyc\u00e9e breton lance une classe d\u00e9fense"},"content":{"rendered":"<p>La d\u00e9fense se fait une place au <a href=\"https:\/\/lannion-perros.maville.com\/actu\/actudet_-le-college-lycee-saint-jo-bossuet-a-lannion-fait-le-plein-de-nouveautes-pour-la-rentree-_52677-6951000_actu.Htm\" target=\"_self\" rel=\"nofollow noopener\">lyc\u00e9e Saint-Joseph-Bossuet<\/a>, \u00e0 Lannion (C\u00f4tes-d\u2019Armor). Vendredi 17\u00a0octobre 2025, repr\u00e9sentants de l\u2019acad\u00e9mie de Rennes, de l\u2019\u00e9tablissement et de la gendarmerie ont sign\u00e9 une convention classe de d\u00e9fense et de s\u00e9curit\u00e9 globale. <strong>\u00ab\u00a0On va pouvoir faire d\u00e9couvrir les enjeux de d\u00e9fense et de citoyennet\u00e9\u00a0\u00bb,<\/strong> explique Val\u00e9rie Raveneau, directrice du coll\u00e8ge-lyc\u00e9e.<\/p>\n<p>Mais aussi mieux faire comprendre les missions de la gendarmerie. <strong>\u00ab\u00a0Par exemple, si nos enqu\u00eates peuvent para\u00eetre longues, c\u2019est parce que l\u2019on cherche la v\u00e9rit\u00e9 \u00e0 charge et \u00e0 d\u00e9charge. Et que pour bien faire les choses, il faut prendre le temps\u00a0\u00bb,<\/strong> illustre <a href=\"https:\/\/www.ouest-france.fr\/politique\/defense\/gendarmerie\/colonel-chanon-prenez-votre-commandement-nouveau-patron-pour-les-gendarmes-des-cotes-darmor-cc377294-9d47-11f0-ba76-fc23b95d5062#:~:text=Le%20nouveau%20commandant%20du%20groupement,et%20500%20r%C3%A9servistes%20du%20d%C3%A9partement.\" target=\"_self\" rel=\"nofollow noopener\">le colonel Emmanuel Chanon, commandant du groupement de gendarmerie des C\u00f4tes-d\u2019Armor<\/a>. Et pourquoi pas cr\u00e9er des vocations\u00a0?<\/p>\n<p>Des exp\u00e9riences avec du mat\u00e9riel de pro<\/p>\n<p>Des interventions seront ainsi r\u00e9alis\u00e9es par les militaires aupr\u00e8s des lyc\u00e9ens. <a href=\"https:\/\/lannion-perros.maville.com\/actu\/actudet_-avec-cette-mallette-scientifique-ces-lyceens-bretons-pourront-enqueter-comme-des-professionnels-_54028-6822920_actu.Htm\" target=\"_self\" rel=\"nofollow noopener\">Une mallette scientifique de pointe du dispositif \u00ab\u00a0Experts \u00e0 l\u2019\u00e9cole\u00a0\u00bb a aussi \u00e9t\u00e9 pr\u00eat\u00e9e \u00e0 l\u2019\u00e9tablissement en mai\u00a02025, pour une dur\u00e9e de trois ans<\/a>. Ruban de signalisation pour les sc\u00e8nes de crime, mat\u00e9riel d\u2019analyse balistique, de prise d\u2019empreintes ou de pr\u00e9l\u00e8vements\u2026 <strong>\u00ab\u00a0Elle contient de vrais outils de police scientifique\u00a0\u00bb,<\/strong> indique Anne Lefebvre, professeure de SVT au lyc\u00e9e.<\/p>\n<p>En compagnie de ses coll\u00e8gues de physique chimie, ils r\u00e9aliseront un projet scientifique avec les \u00e9l\u00e8ves de premi\u00e8re g\u00e9n\u00e9rale pendant huit semaines, de mars \u00e0 mai\u00a02026. <strong>\u00ab\u00a0On pourra faire des \u00e9tudes balistiques, de l\u2019identification d\u2019empreintes ou leur faire d\u00e9couvrir les m\u00e9thodes de datation de cadavres\u00a0\u00bb,<\/strong> pr\u00e9sente Corinne Boucheron, professeure de physique-chimie. <strong>\u00ab\u00a0J\u2019aime bien l\u2019arm\u00e9e et les sciences. Donc l\u00e0, je vais pouvoir allier les deux\u00a0\u00bb,<\/strong> se r\u00e9jouit Louis, \u00e9l\u00e8ve de premi\u00e8re.<\/p>\n<p>\u00a0<\/p>\n","protected":false},"excerpt":{"rendered":"La d\u00e9fense se fait une place au lyc\u00e9e Saint-Joseph-Bossuet, \u00e0 Lannion (C\u00f4tes-d\u2019Armor). Vendredi 17\u00a0octobre 2025, repr\u00e9sentants de l\u2019acad\u00e9mie&hellip;\n","protected":false},"author":2,"featured_media":473594,"comment_status":"","ping_status":"","sticky":false,"template":"","format":"standard","meta":{"footnotes":""},"categories":[2821],"tags":[1111,11,829,6978,19406,3979,554,1777,674,4560,1011,27,3381,9447,2633,12,584,25],"class_list":{"0":"post-473593","1":"post","2":"type-post","3":"status-publish","4":"format-standard","5":"has-post-thumbnail","7":"category-rennes","8":"tag-actu","9":"tag-actualites","10":"tag-bretagne","11":"tag-breton","12":"tag-classe","13":"tag-decouvrir","14":"tag-defense","15":"tag-eu","16":"tag-europe","17":"tag-faire","18":"tag-fr","19":"tag-france","20":"tag-gendarmerie","21":"tag-lance","22":"tag-lycee","23":"tag-news","24":"tag-rennes","25":"tag-republique-francaise"},"share_on_mastodon":{"url":"https:\/\/pubeurope.com\/@fr\/115397819300958756","error":""},"_links":{"self":[{"href":"https:\/\/www.europesays.com\/fr\/wp-json\/wp\/v2\/posts\/473593","targetHints":{"allow":["GET"]}}],"collection":[{"href":"https:\/\/www.europesays.com\/fr\/wp-json\/wp\/v2\/posts"}],"about":[{"href":"https:\/\/www.europesays.com\/fr\/wp-json\/wp\/v2\/types\/post"}],"author":[{"embeddable":true,"href":"https:\/\/www.europesays.com\/fr\/wp-json\/wp\/v2\/users\/2"}],"replies":[{"embeddable":true,"href":"https:\/\/www.europesays.com\/fr\/wp-json\/wp\/v2\/comments?post=473593"}],"version-history":[{"count":0,"href":"https:\/\/www.europesays.com\/fr\/wp-json\/wp\/v2\/posts\/473593\/revisions"}],"wp:featuredmedia":[{"embeddable":true,"href":"https:\/\/www.europesays.com\/fr\/wp-json\/wp\/v2\/media\/473594"}],"wp:attachment":[{"href":"https:\/\/www.europesays.com\/fr\/wp-json\/wp\/v2\/media?parent=473593"}],"wp:term":[{"taxonomy":"category","embeddable":true,"href":"https:\/\/www.europesays.com\/fr\/wp-json\/wp\/v2\/categories?post=473593"},{"taxonomy":"post_tag","embeddable":true,"href":"https:\/\/www.europesays.com\/fr\/wp-json\/wp\/v2\/tags?post=473593"}],"curies":[{"name":"wp","href":"https:\/\/api.w.org\/{rel}","templated":true}]}}