{"id":473597,"date":"2025-10-18T23:43:57","date_gmt":"2025-10-18T23:43:57","guid":{"rendered":"https:\/\/www.europesays.com\/fr\/473597\/"},"modified":"2025-10-18T23:43:57","modified_gmt":"2025-10-18T23:43:57","slug":"depuis-strasbourg-vous-pouvez-voyager-pour-40e-par-groupe-2","status":"publish","type":"post","link":"https:\/\/www.europesays.com\/fr\/473597\/","title":{"rendered":"depuis Strasbourg, vous pouvez voyager pour 40\u20ac par groupe !"},"content":{"rendered":"<p>    <img loading=\"lazy\" width=\"1800\" height=\"900\" src=\"https:\/\/www.europesays.com\/fr\/wp-content\/uploads\/2025\/08\/jeanne-callthepolice.jpg\" class=\"attachment-full size-full\" alt=\"\" id=\"imageLove\" decoding=\"async\"  \/><\/p>\n<p id=\"breadcrumbs\"><a href=\"https:\/\/pokaa.fr\/\" target=\"_blank\" rel=\"noopener\">Accueil<\/a> \/ <a href=\"https:\/\/pokaa.fr\/categories\/actu\/\" target=\"_blank\" rel=\"noopener\">Info locale<\/a> \/ Bon plan TER Fluo : depuis Strasbourg, vous pouvez voyager pour 40\u20ac par groupe !<\/p>\n<p>                    Info locale<\/p>\n<p><strong>Depuis Strasbourg, les options de destinations sont nombreuses pour s\u2019\u00e9clipser le temps d\u2019un week-end. Histoire d\u2019en profiter un max, la SNCF propose, sur l\u2019ensemble du r\u00e9seau Fluo (cars ou TER), un Pass Groupe Week-end. Le principe ? Voyager \u00e0 plusieurs, en illimit\u00e9 sur le temps d\u2019une journ\u00e9e, pour un total de 40\u20ac. On vous explique ce bon plan.\u00a0<\/strong><\/p>\n<p>Envie de s\u2019\u00e9vader en famille ou entre potes pendant une journ\u00e9e ? Depuis Strasbourg, le choix d\u2019escapades ne manque pas, surtout si on passe par le r\u00e9seau Fluo. <strong>Entre bus et TER, les Vosges, B\u00e2le, Nancy, Mulhouse, Colmar ou moult autres destinations sont accessibles tr\u00e8s simplement.<\/strong><\/p>\n<p>Et depuis cet \u00e9t\u00e9, une petite nouveaut\u00e9 a fait son apparition, pour notre plus grand bonheur\u00a0<strong>: pour un total de 40\u20ac par groupe, il est possible de voyager en illimit\u00e9 pendant une journ\u00e9e, de 2 \u00e0 5 personnes, gr\u00e2ce au Pass Groupe Week-end.<\/strong><\/p>\n<p>                <img width=\"333\" height=\"500\" src=\"https:\/\/www.europesays.com\/fr\/wp-content\/uploads\/2025\/07\/randonnee-a-la-bresse-1-333x500.jpg\" class=\"attachment-gallery size-gallery\" alt=\"randonn\u00e9e \u00e0 la bresse  (1)\" data-full-url=\"https:\/\/pokaa.fr\/wp-content\/uploads\/2025\/07\/25\/randonnee-a-la-bresse-1-1500x2250.jpg\" decoding=\"async\" loading=\"lazy\"  \/>            <\/p>\n<p>                <img width=\"333\" height=\"500\" src=\"https:\/\/www.europesays.com\/fr\/wp-content\/uploads\/2025\/07\/randonnee-a-la-bresse-2-333x500.jpg\" class=\"attachment-gallery size-gallery\" alt=\"randonn\u00e9e \u00e0 la bresse  (2)\" data-full-url=\"https:\/\/pokaa.fr\/wp-content\/uploads\/2025\/07\/25\/randonnee-a-la-bresse-2-1500x2250.jpg\" decoding=\"async\" loading=\"lazy\"  \/>            <\/p>\n<p>                <img width=\"333\" height=\"500\" src=\"https:\/\/www.europesays.com\/fr\/wp-content\/uploads\/2025\/07\/randonnee-a-la-bresse-3-333x500.jpg\" class=\"attachment-gallery size-gallery\" alt=\"randonn\u00e9e \u00e0 la bresse  (3)\" data-full-url=\"https:\/\/pokaa.fr\/wp-content\/uploads\/2025\/07\/25\/randonnee-a-la-bresse-3-1500x2250.jpg\" decoding=\"async\" loading=\"lazy\"  \/>            <\/p>\n<p>                    \u00a9 Julia Wencker \/ Pokaa<\/p>\n<p>Des Vosges \u00e0 Paris, tout est permis !<\/p>\n<p>Petit point logistique avant les festivit\u00e9s\u00a0: <strong>le Pass s\u2019ach\u00e8te en ligne uniquement,<\/strong> il n\u2019est pas trouvable en guichet ou sur les distributeurs de billets r\u00e9gionaux. Une fois votre achat effectu\u00e9 <a href=\"https:\/\/www.ter.sncf.com\/grand-est\/tarifs-cartes\/tarifs-regionaux\/pass-groupe-week-end\" target=\"_blank\" rel=\"noopener\"><strong>en cliquant ici<\/strong><\/a>, vous d\u00e9tenez le pr\u00e9cieux s\u00e9same sous la forme d\u2019un <strong>QR code,<\/strong> <strong>valable pour une journ\u00e9e les samedis, dimanches et jours f\u00e9ri\u00e9s. <\/strong><\/p>\n<p><strong>\u00c0 vous la libre circulation sur le r\u00e9seau, en groupe de 2 \u00e0 5 personnes !<\/strong> <strong>Balades pittoresques dans les villages<\/strong> de nos contr\u00e9es, petit tour sur le th\u00e8me de l\u2019Art nouveau \u00e0 <strong>Nancy<\/strong>, (re)d\u00e9couverte de <strong>Metz<\/strong> et de ses b\u00e2timents jaune d\u2019or, <strong>randonn\u00e9es vosgiennes<\/strong> pour purifier ses poumons\u2026 <strong>Les choix sont nombreux, et surtout, d\u00e9passent les fronti\u00e8res du Grand Est !<\/strong><\/p>\n<p>                <a href=\"https:\/\/pokaa.fr\/2025\/09\/19\/vues-imprenables-bivouac-et-lacs-micro-aventure-dans-les-vosges-a-2h-de-strasbourg\/\" target=\"_blank\" rel=\"noopener\"><br \/>\n                    <img width=\"450\" height=\"270\" src=\"https:\/\/www.europesays.com\/fr\/wp-content\/uploads\/2025\/10\/e1-450x270.png\" class=\"attachment-card-horizontal--same-subject size-card-horizontal--same-subject wp-post-image\" alt=\"\" decoding=\"async\" loading=\"lazy\"\/>                <\/a><\/p>\n<p>                <img width=\"667\" height=\"500\" src=\"https:\/\/www.europesays.com\/fr\/wp-content\/uploads\/2025\/10\/img-6540-667x500.jpg\" class=\"attachment-gallery size-gallery\" alt=\"Porte Place Stanislas Nancy\" data-full-url=\"https:\/\/pokaa.fr\/wp-content\/uploads\/2024\/08\/26\/img-6540.jpg\" decoding=\"async\" loading=\"lazy\"  \/>            <\/p>\n<p>                <img width=\"375\" height=\"500\" src=\"https:\/\/www.europesays.com\/fr\/wp-content\/uploads\/2025\/10\/img-1555-375x500.jpg\" class=\"attachment-gallery size-gallery\" alt=\"Nancy\" data-full-url=\"https:\/\/pokaa.fr\/wp-content\/uploads\/2024\/09\/26\/img-1555.jpg\" decoding=\"async\" loading=\"lazy\"  \/>            <\/p>\n<p>                <img width=\"667\" height=\"500\" src=\"https:\/\/www.europesays.com\/fr\/wp-content\/uploads\/2025\/10\/img-1574-667x500.jpeg\" class=\"attachment-gallery size-gallery\" alt=\"Nancy place stanislas\" data-full-url=\"https:\/\/pokaa.fr\/wp-content\/uploads\/2024\/08\/29\/img-1574.jpeg\" decoding=\"async\" loading=\"lazy\"  \/>            <\/p>\n<p>                    Nancy. 1. \u00a9 Baptiste Kocher \/ Pokaa ; 2. 3. \u00a9 Anthony Jilli \/ Pokaa<\/p>\n<p>En effet, vous pouvez en profiter pour faire un <strong>petit tour \u00e0 B\u00e2le, au Luxembourg et m\u00eame \u00e0 Paris<\/strong>. Attention, petite exception pour cette derni\u00e8re : pour emprunter les trains ayant pour d\u00e9part ou pour destination la capitale, il faut aller sur l\u2019application SNCF Connect, et chopper un billet \u00e0 0\u20ac dans \u00ab Cartes TER R\u00e9gionales \u00bb au tarif \u00ab R\u00e9servation Pass Groupe Week-end \u00bb en correspondance (attention, pour cette destination, les places sont limit\u00e9es).<\/p>\n<p><strong>Alors, quel est votre prochain p\u00e9riple ?<\/strong><\/p>\n<p>                <img width=\"375\" height=\"500\" src=\"https:\/\/www.europesays.com\/fr\/wp-content\/uploads\/2025\/10\/tois-pays-saint-louis-bale-balade-a-velo-img-8745-2-375x500.jpeg\" class=\"attachment-gallery size-gallery\" alt=\"tois pays saint louis bale balade \u00e0 v\u00e9lo IMG_8745 2\" data-full-url=\"https:\/\/pokaa.fr\/wp-content\/uploads\/2025\/07\/16\/tois-pays-saint-louis-bale-balade-a-velo-img-8745-2.jpeg\" decoding=\"async\" loading=\"lazy\"  \/>            <\/p>\n<p>                <img width=\"334\" height=\"500\" src=\"https:\/\/www.europesays.com\/fr\/wp-content\/uploads\/2025\/10\/le-rhin-bleu-und-basler-munster-hochformat-334x500.jpg\" class=\"attachment-gallery size-gallery\" alt=\"Le Rhin Bleu bar terrasse b\u00e2le\" data-full-url=\"https:\/\/pokaa.fr\/wp-content\/uploads\/2023\/07\/le-rhin-bleu-und-basler-munster-hochformat.jpg\" decoding=\"async\" loading=\"lazy\"  \/>            <\/p>\n<p>                <img width=\"375\" height=\"500\" src=\"https:\/\/www.europesays.com\/fr\/wp-content\/uploads\/2025\/10\/tois-pays-saint-louis-bale-balade-a-velo-img-8739-2-375x500.jpeg\" class=\"attachment-gallery size-gallery\" alt=\"tois pays saint louis bale balade \u00e0 v\u00e9lo IMG_8739 2\" data-full-url=\"https:\/\/pokaa.fr\/wp-content\/uploads\/2025\/07\/16\/tois-pays-saint-louis-bale-balade-a-velo-img-8739-2.jpeg\" decoding=\"async\" loading=\"lazy\"  \/>            <\/p>\n<p>                    B\u00e2le. 1. 3. \u00a9 Bastien Pietronave \/ Pokaa ; 2. \u00a9 Le Rhin Bleu \/ Capture d&rsquo;\u00e9cran<\/p>\n","protected":false},"excerpt":{"rendered":"Accueil \/ Info locale \/ Bon plan TER Fluo : depuis Strasbourg, vous pouvez voyager pour 40\u20ac par&hellip;\n","protected":false},"author":2,"featured_media":469040,"comment_status":"","ping_status":"","sticky":false,"template":"","format":"standard","meta":{"footnotes":""},"categories":[2820],"tags":[1111,11,2389,2649,1777,674,3727,59292,1011,27,775,12,25,2215,640,6472],"class_list":{"0":"post-473597","1":"post","2":"type-post","3":"status-publish","4":"format-standard","5":"has-post-thumbnail","7":"category-strasbourg","8":"tag-actu","9":"tag-actualites","10":"tag-alsace","11":"tag-bas-rhin","12":"tag-eu","13":"tag-europe","14":"tag-evasion","15":"tag-fluo","16":"tag-fr","17":"tag-france","18":"tag-grand-est","19":"tag-news","20":"tag-republique-francaise","21":"tag-sncf","22":"tag-strasbourg","23":"tag-ter"},"share_on_mastodon":{"url":"https:\/\/pubeurope.com\/@fr\/115397832103290010","error":""},"_links":{"self":[{"href":"https:\/\/www.europesays.com\/fr\/wp-json\/wp\/v2\/posts\/473597","targetHints":{"allow":["GET"]}}],"collection":[{"href":"https:\/\/www.europesays.com\/fr\/wp-json\/wp\/v2\/posts"}],"about":[{"href":"https:\/\/www.europesays.com\/fr\/wp-json\/wp\/v2\/types\/post"}],"author":[{"embeddable":true,"href":"https:\/\/www.europesays.com\/fr\/wp-json\/wp\/v2\/users\/2"}],"replies":[{"embeddable":true,"href":"https:\/\/www.europesays.com\/fr\/wp-json\/wp\/v2\/comments?post=473597"}],"version-history":[{"count":0,"href":"https:\/\/www.europesays.com\/fr\/wp-json\/wp\/v2\/posts\/473597\/revisions"}],"wp:featuredmedia":[{"embeddable":true,"href":"https:\/\/www.europesays.com\/fr\/wp-json\/wp\/v2\/media\/469040"}],"wp:attachment":[{"href":"https:\/\/www.europesays.com\/fr\/wp-json\/wp\/v2\/media?parent=473597"}],"wp:term":[{"taxonomy":"category","embeddable":true,"href":"https:\/\/www.europesays.com\/fr\/wp-json\/wp\/v2\/categories?post=473597"},{"taxonomy":"post_tag","embeddable":true,"href":"https:\/\/www.europesays.com\/fr\/wp-json\/wp\/v2\/tags?post=473597"}],"curies":[{"name":"wp","href":"https:\/\/api.w.org\/{rel}","templated":true}]}}