{"id":473600,"date":"2025-10-18T23:47:18","date_gmt":"2025-10-18T23:47:18","guid":{"rendered":"https:\/\/www.europesays.com\/fr\/473600\/"},"modified":"2025-10-18T23:47:18","modified_gmt":"2025-10-18T23:47:18","slug":"le-match-entre-logc-nice-et-lyon-arrete-quelques-instants-ce-samedi-a-la-suite-dun-quiproquo","status":"publish","type":"post","link":"https:\/\/www.europesays.com\/fr\/473600\/","title":{"rendered":"le match entre l\u2019OGC Nice et Lyon arr\u00eat\u00e9 quelques instants ce samedi \u00e0 la suite d\u2019un quiproquo"},"content":{"rendered":"<p class=\"fs-5 \">L\u2019arbitre J\u00e9r\u00f4me Brisard a arr\u00eat\u00e9 pendant quelques secondes, \u00e0 la 86e minute, le match entre l\u2019OGCN et Lyon qui se d\u00e9roulait ce samedi \u00e0 l\u2019Allianz Riviera \u00e0 la suite de chants injurieux. Il s\u2019agissait en fait de chants \u00e0 l\u2019encontre de l\u2019organisation terroriste Daesh (\u00ab Daesh, Daesh, on t\u2019enc&#8230; \u00bb) que les Ni\u00e7ois entonnent \u00e0 la 86e minute de chaque rencontre \u00e0 domicile en r\u00e9f\u00e9rence \u00e0 l\u2019attentat de Nice du 14 juillet 2016.<\/p>\n<p class=\"fs-5 \">L\u2019arbitre, qui n\u2019\u00e9tait pas au fait de cette coutume locale, s\u2019est excus\u00e9 \u00e0 la fin du match. A sa d\u00e9charge, il \u00e9tait sans doute sensibilis\u00e9 \u00e0 de possibles d\u00e9bordements des ultras ni\u00e7ois : contre le Paris FC fin septembre, le match avait d\u00e9j\u00e0 \u00e9t\u00e9 arr\u00eat\u00e9 \u00e0 deux reprises, cette fois \u00e0 juste titre, pour des chants homophobes.<\/p>\n<p>                                                                                Des r\u00e9actions exacerb\u00e9es<\/p>\n<p class=\"fs-5 \">Cet incident, pourtant mineur, a provoqu\u00e9 des r\u00e9actions exacerb\u00e9es tant au sein du club que parmi les politiques engag\u00e9s dans le match des municipales. \u00ab C\u2019est inacceptable. C\u2019est un manque de respect pour les victimes du 14 juillet, leurs familles, et toute la ville de Nice. Pas seulement l\u2019OGC Nice. Nous avons extr\u00eamement mal v\u00e9cu ce moment. Cette interruption du jeu, comme l\u2019ultimatum fait \u00e0 notre speaker de prendre le micro pour faire cesser cette manifestation sous peine que le match ne reprenne pas, n\u2019auraient jamais d\u00fb arriver \u00bb, a d\u00e9clar\u00e9 le pr\u00e9sident de l\u2019OGCN Fabrice Bocquet. Et d\u2019ajouter : \u00ab Nous ferons d\u00e8s cette semaine le n\u00e9cessaire aupr\u00e8s de la FFF, de Philippe Diallo et d\u2019Anthony Gautier (directeur de l\u2019arbitrage, ndlr) pour que cela ne se reproduise jamais. \u00bb<\/p>\n<p class=\"fs-5 \">Du c\u00f4t\u00e9 des politiques, Eric Ciotti tirait le premier sur les r\u00e9seaux sociaux : \u00ab Le manque total de discernement ayant conduit \u00e0 interrompre Nice-OL ce soir est consternant. Depuis 2016, la populaire Sud et de nombreux supporters expriment ce que nous pensons tous : un message contre Daesh, en hommage aux victimes. Je veux ce soir leur dire mon soutien. \u00bb Christian Estrosi \u00e9galisait quelques minutes plus tard : \u00ab D\u00e9cision totalement incompr\u00e9hensible, lors du match entre l\u2019OGC Nice et l\u2019OL, d\u2019interrompre la partie \u00e0 la 86e minute, apr\u00e8s le traditionnel chant de nos supporters de la Populaire sud contre Daech et en forme d\u2019hommage aux victimes de l\u2019attentat du 14 juillet. Un peu de pr\u00e9paration et de discernement ne feraient pas de mal dans ces situations. \u00bb<\/p>\n","protected":false},"excerpt":{"rendered":"L\u2019arbitre J\u00e9r\u00f4me Brisard a arr\u00eat\u00e9 pendant quelques secondes, \u00e0 la 86e minute, le match entre l\u2019OGCN et Lyon&hellip;\n","protected":false},"author":2,"featured_media":473601,"comment_status":"","ping_status":"","sticky":false,"template":"","format":"standard","meta":{"footnotes":""},"categories":[2819],"tags":[1111,11,1777,674,1011,27,12,2401,54521,882,25],"class_list":{"0":"post-473600","1":"post","2":"type-post","3":"status-publish","4":"format-standard","5":"has-post-thumbnail","7":"category-nice","8":"tag-actu","9":"tag-actualites","10":"tag-eu","11":"tag-europe","12":"tag-fr","13":"tag-france","14":"tag-news","15":"tag-nice","16":"tag-ogcnice","17":"tag-provence-alpes-cote-dazur","18":"tag-republique-francaise"},"share_on_mastodon":{"url":"https:\/\/pubeurope.com\/@fr\/115397842862670337","error":""},"_links":{"self":[{"href":"https:\/\/www.europesays.com\/fr\/wp-json\/wp\/v2\/posts\/473600","targetHints":{"allow":["GET"]}}],"collection":[{"href":"https:\/\/www.europesays.com\/fr\/wp-json\/wp\/v2\/posts"}],"about":[{"href":"https:\/\/www.europesays.com\/fr\/wp-json\/wp\/v2\/types\/post"}],"author":[{"embeddable":true,"href":"https:\/\/www.europesays.com\/fr\/wp-json\/wp\/v2\/users\/2"}],"replies":[{"embeddable":true,"href":"https:\/\/www.europesays.com\/fr\/wp-json\/wp\/v2\/comments?post=473600"}],"version-history":[{"count":0,"href":"https:\/\/www.europesays.com\/fr\/wp-json\/wp\/v2\/posts\/473600\/revisions"}],"wp:featuredmedia":[{"embeddable":true,"href":"https:\/\/www.europesays.com\/fr\/wp-json\/wp\/v2\/media\/473601"}],"wp:attachment":[{"href":"https:\/\/www.europesays.com\/fr\/wp-json\/wp\/v2\/media?parent=473600"}],"wp:term":[{"taxonomy":"category","embeddable":true,"href":"https:\/\/www.europesays.com\/fr\/wp-json\/wp\/v2\/categories?post=473600"},{"taxonomy":"post_tag","embeddable":true,"href":"https:\/\/www.europesays.com\/fr\/wp-json\/wp\/v2\/tags?post=473600"}],"curies":[{"name":"wp","href":"https:\/\/api.w.org\/{rel}","templated":true}]}}