{"id":473612,"date":"2025-10-18T23:55:14","date_gmt":"2025-10-18T23:55:14","guid":{"rendered":"https:\/\/www.europesays.com\/fr\/473612\/"},"modified":"2025-10-18T23:55:14","modified_gmt":"2025-10-18T23:55:14","slug":"previsions-du-dimanche-19-octobre-2025-6","status":"publish","type":"post","link":"https:\/\/www.europesays.com\/fr\/473612\/","title":{"rendered":"pr\u00e9visions du dimanche 19 octobre 2025"},"content":{"rendered":"<p class=\"mb-4 text-lg md:leading-8 break-words\"><strong>M\u00e9t\u00e9o &#8211; Le soleil appara\u00eet l\u00e9g\u00e8rement aujourd&rsquo;hui. Ces \u00e9claircies devraient r\u00e9jouir les habitants. Les temp\u00e9ratures seront de 12\u00b0C le matin et de 14\u00b0C l&rsquo;apr\u00e8s-midi&#8230;<\/strong><\/p>\n<p class=\"mb-4 text-lg md:leading-8 break-words\">\u00c0 Lille, les valeurs seront de 10\u00b0C au plus bas et de 15\u00b0C au maximum la journ\u00e9e. Un vent de sud-est rafra\u00eechira sensiblement l&rsquo;atmosph\u00e8re. Des \u00e9claircies sont attendues : on passera une matin\u00e9e cl\u00e9mente. Le mercure affichera 12\u00b0C en moyenne. Le ciel sera toujours couvert l&rsquo;apr\u00e8s-midi avec des petit nuages. Les temp\u00e9ratures s&rsquo;\u00e9chelonneront entre 13\u00b0C et 15\u00b0C. Il faudra pr\u00e9voir son parapluie le soir pour s&rsquo;abriter de la bruine. Les valeurs avoisineront les 13\u00b0C. Entre dimanche et lundi, la nuit sera claire.<\/p>\n<p class=\"mb-4 text-lg md:leading-8 break-words\">Demain, on verra l&rsquo;arriv\u00e9e de nuages \u00e0 Lille. Des pluies \u00e9parses vont tomber sur la ville. Une m\u00e9t\u00e9o plus chaude est attendue puisque les temp\u00e9ratures vont enregistrer une hausse. Les valeurs seront comprises entre 12 et 17\u00b0C. Il va faire 14\u00b0C en moyenne le matin. Un vent de sud-ouest, atteignant 23 km\/h, soufflera. Le soleil aura du mal \u00e0 percer au milieu des nuages qui subsisteront dans l&rsquo;apr\u00e8s-midi. Les valeurs s&rsquo;\u00e9chelonneront de 14 \u00e0 17\u00b0C. Dans la soir\u00e9e, de la bruine \u00e9parse est pr\u00e9vue. Les temp\u00e9ratures tourneront autour des 13\u00b0C. Un vent de sud-ouest est attendu : il soufflera \u00e0 29 km\/h.<\/p>\n<p class=\"mb-4 text-lg md:leading-8 break-words\">Les conditions m\u00e9t\u00e9orologiques des journ\u00e9es qui suivent vont changer peu \u00e0 peu. Apr\u00e8s une m\u00e9t\u00e9o similaire mardi, la situation changera mercredi.<\/p>\n<p class=\"mb-4 text-lg md:leading-8 break-words\"><a href=\"https:\/\/www.20minutes.fr\/planete\/previsions-meteo\/4180171-20251019-meteo-lille-previsions-dimanche-19-octobre-2025?at_medium=RSS%20feed&amp;at_campaign=ynews&amp;utm_source=yahoo&amp;utm_medium=rss&amp;utm_campaign=news_feed&amp;utm_content=read_more_link&quot;\" rel=\"nofollow noopener\" target=\"_blank\" data-ylk=\"slk:Lire la suite sur 20minutes;elm:context_link;itc:0;sec:content-canvas\" class=\"link \">Lire la suite sur 20minutes<\/a><\/p>\n","protected":false},"excerpt":{"rendered":"M\u00e9t\u00e9o &#8211; Le soleil appara\u00eet l\u00e9g\u00e8rement aujourd&rsquo;hui. Ces \u00e9claircies devraient r\u00e9jouir les habitants. Les temp\u00e9ratures seront de 12\u00b0C&hellip;\n","protected":false},"author":2,"featured_media":473613,"comment_status":"","ping_status":"","sticky":false,"template":"","format":"standard","meta":{"footnotes":""},"categories":[2815],"tags":[1111,11,1777,674,1011,27,811,44166,6172,1307,2487,12,25],"class_list":{"0":"post-473612","1":"post","2":"type-post","3":"status-publish","4":"format-standard","5":"has-post-thumbnail","7":"category-lille","8":"tag-actu","9":"tag-actualites","10":"tag-eu","11":"tag-europe","12":"tag-fr","13":"tag-france","14":"tag-hauts-de-france","15":"tag-le-matin","16":"tag-le-soleil","17":"tag-lille","18":"tag-meteo","19":"tag-news","20":"tag-republique-francaise"},"share_on_mastodon":{"url":"https:\/\/pubeurope.com\/@fr\/115397874654167063","error":""},"_links":{"self":[{"href":"https:\/\/www.europesays.com\/fr\/wp-json\/wp\/v2\/posts\/473612","targetHints":{"allow":["GET"]}}],"collection":[{"href":"https:\/\/www.europesays.com\/fr\/wp-json\/wp\/v2\/posts"}],"about":[{"href":"https:\/\/www.europesays.com\/fr\/wp-json\/wp\/v2\/types\/post"}],"author":[{"embeddable":true,"href":"https:\/\/www.europesays.com\/fr\/wp-json\/wp\/v2\/users\/2"}],"replies":[{"embeddable":true,"href":"https:\/\/www.europesays.com\/fr\/wp-json\/wp\/v2\/comments?post=473612"}],"version-history":[{"count":0,"href":"https:\/\/www.europesays.com\/fr\/wp-json\/wp\/v2\/posts\/473612\/revisions"}],"wp:featuredmedia":[{"embeddable":true,"href":"https:\/\/www.europesays.com\/fr\/wp-json\/wp\/v2\/media\/473613"}],"wp:attachment":[{"href":"https:\/\/www.europesays.com\/fr\/wp-json\/wp\/v2\/media?parent=473612"}],"wp:term":[{"taxonomy":"category","embeddable":true,"href":"https:\/\/www.europesays.com\/fr\/wp-json\/wp\/v2\/categories?post=473612"},{"taxonomy":"post_tag","embeddable":true,"href":"https:\/\/www.europesays.com\/fr\/wp-json\/wp\/v2\/tags?post=473612"}],"curies":[{"name":"wp","href":"https:\/\/api.w.org\/{rel}","templated":true}]}}