{"id":473614,"date":"2025-10-18T23:56:14","date_gmt":"2025-10-18T23:56:14","guid":{"rendered":"https:\/\/www.europesays.com\/fr\/473614\/"},"modified":"2025-10-18T23:56:14","modified_gmt":"2025-10-18T23:56:14","slug":"avec-charlotte-je-vide-mon-sac","status":"publish","type":"post","link":"https:\/\/www.europesays.com\/fr\/473614\/","title":{"rendered":"\u00ab Avec \u00ab\u00a0Charlotte\u00a0\u00bb, je vide mon sac \u00bb"},"content":{"rendered":"\n<p><b>La Marseillaise<\/b><b>\u00a0<\/b><b>: <\/b><b>Vous \u00eates actuellement en tourn\u00e9e pour votre dernier album, \u00ab<\/b><b>\u00a0<\/b><b>Charlotte<\/b><b>\u00a0<\/b><b>\u00bb. Un album intimiste o\u00f9 vous vous d\u00e9voilez. C\u2019\u00e9tait un besoin pour vous \u00e0 ce stade de votre carri\u00e8re<\/b><b>\u00a0<\/b><b>?<\/b><\/p>\n<p><b>Vitaa<\/b><b>\u00a0<\/b><b>:<\/b> Oui, compl\u00e8tement, cet album est celui o\u00f9 je suis all\u00e9e le plus loin. D\u00e9j\u00e0 par le titre de l\u2019album, je r\u00e9v\u00e8le mon vrai pr\u00e9nom et c\u2019est quelque chose que je n\u2019aurais jamais pens\u00e9 faire pendant ces ann\u00e9es de carri\u00e8re, tellement je me suis attach\u00e9e \u00e0 cr\u00e9er une armure derri\u00e8re Vitaa. Pour cet album, je me suis dit qu\u2019il \u00e9tait temps de tout r\u00e9v\u00e9ler. Mes failles, les doutes, les complexes. C\u2019est mon dernier album solo et j\u2019avais besoin de cette mise au point, de vider mon sac. Je suis en train d\u2019organiser la suite, on me verra moins sur le devant de la sc\u00e8ne, mais je me mettrai davantage au service des autres tout en continuant \u00e0 faire ce que j\u2019aime.<\/p>\n<p><b>Montrer votre vuln\u00e9rabilit\u00e9, vos failles au grand public, est-ce aussi un moyen d\u2019aider les femmes<br \/>\u00e0 s\u2019accepter<\/b><b>\u00a0<\/b><b>?<\/b><\/p>\n<p><b>Vitaa<\/b><b>\u00a0<\/b><b>: <\/b>J\u2019ai r\u00e9alis\u00e9, avec le temps et quand je suis sur sc\u00e8ne, que j\u2019ai la chance d\u2019avoir un public qui a grandi avec moi. Ce sont essentiellement des femmes de ma g\u00e9n\u00e9ration qui sont devenues mamans parfois, qui font 5\u00a0000\u00a0choses en m\u00eame temps, qui travaillent, qui sont \u00e9prouv\u00e9es et c\u2019est aussi ce que je raconte dans cet album, en tourn\u00e9e et dans un documentaire disponible sur TF1+ . En fait, je veux dire que je suis une femme comme tout le monde. Personnellement, je ne m\u2019aime pas. J\u2019essaie d\u2019\u00eatre la meilleure des mamans possibles, mais je suis en tourn\u00e9e tout le temps, j\u2019ai une culpabilit\u00e9 \u00e9norme de rater des moments avec mes enfants&#8230; Je sais qu\u2019on ressent toute la m\u00eame chose.<\/p>\n<p><b>Vous ne cachez<br \/>plus vos \u00e9checs,<br \/>vous racontez votre parcours et les remarques qui<br \/>ont \u00e9t\u00e9 faites<br \/>sur votre physique notamment, au-del\u00e0 de la chanson. C\u2019est quoi \u00eatre une femme dans l\u2019industrie musicale<\/b><b>\u00a0<\/b><b>? <\/b><\/p>\n<p><b>Vitaa<\/b><b>\u00a0<\/b><b>: <\/b>C\u2019est tr\u00e8s dur d\u2019\u00eatre une femme dans ce m\u00e9tier. On vieillit, et je crois que les regards port\u00e9s sur nous sont cent fois plus durs que sur les artistes masculins. On est dans une \u00e8re de viralit\u00e9 violente, cruelle, et je me dis que si j\u2019avais d\u00fb d\u00e9marrer ma carri\u00e8re dans cette \u00e8re-l\u00e0, je n\u2019en aurais pas \u00e9t\u00e9 capable. Je n\u2019aurais pas eu les \u00e9paules pour subir les critiques permanentes des gens sur les r\u00e9seaux. J\u2019ai l\u2019impression qu\u2019aujourd\u2019hui, on passe notre temps \u00e0 se regarder le nombril, \u00e0 critiquer et je crois que ce n\u2019\u00e9tait pas comme \u00e7a il y a 20\u00a0ans. Ce qu\u2019il y a de plus compliqu\u00e9, c\u2019est de durer dans le temps en tant que femme, artiste et moi, j\u2019ai d\u00e9cid\u00e9 de le faire. Je ne voulais plus d\u00e9pendre de personne, alors avec mon mari, on a d\u00e9cid\u00e9 de lancer notre propre label, c\u2019est un immense chemin que nous avons parcouru. J\u2019ai v\u00e9cu tant de travers\u00e9es du d\u00e9sert et quand je vois mon public qui me suis depuis toutes ces ann\u00e9es, qui chante mes chansons par c\u0153ur comme Confessions nocturnes, je ne peux \u00eatre que pleine de gratitude, donc je m\u2019arr\u00eate \u00e0 \u00e7a et je laisse les m\u00e9chancet\u00e9s derri\u00e8re, parce que la finalit\u00e9 est de faire ce qu\u2019on aime.<\/p>\n<p><b>Vous r\u00e9p\u00e9tez souvent que vous<br \/>faites de la musique populaire,<br \/>c\u2019est important pour vous<\/b><b>\u00a0<\/b><b>? <\/b><\/p>\n<p><b>Vitaa<\/b><b>\u00a0<\/b><b>: <\/b>Pour certains, le populaire, c\u2019est presque une insulte malheureusement. Nous, artistes populaires, nous faisons des chansons pour toucher les gens, on ne fait pas des chansons pour \u00eatre branch\u00e9s et aim\u00e9s des m\u00e9dias. Je peux vous dire que quand vous faites une chanson qui raconte votre vie et que 8\u00a0000\u00a0personnes en concert la reprennent, c\u2019est le plus beau des cadeaux. Je n\u2019ai jamais fait de la musique pour les chiffres, j\u2019ai fait de la musique pour partager avec les gens, alors je suis tr\u00e8s fi\u00e8re d\u2019\u00eatre une artiste populaire aujourd\u2019hui et j\u2019en aurais jamais honte\u00a0!<\/p>\n<p><b>Vous avez toujours racont\u00e9 votre vie dans vos chansons. Pensez-vous que c\u2019est l\u2019une des raisons qui fait votre succ\u00e8s et votre long\u00e9vit\u00e9<\/b><b>\u00a0<\/b><b>?<\/b><\/p>\n<p><b>Vitaa<\/b><b>\u00a0<\/b><b>: <\/b>Je pense que la cl\u00e9, c\u2019est d\u2019avoir toujours \u00e9t\u00e9 une artiste qui ne triche pas. J\u2019ai commenc\u00e9 dans ma chambre \u00e0 raconter mes histoires chaotiques, la rupture la plus difficile de ma vie, c\u2019est ce que raconte \u00c0 fleur de toi et l\u2019album est un journal intime, les chansons ont travers\u00e9 le temps et, aujourd\u2019hui, c\u2019est toujours le cas, j\u2019ai toujours racont\u00e9 ce qui me touchais, ce que je vivais et je continue au-del\u00e0 des rapports hommes-femmes, qui est un peu mon th\u00e8me de pr\u00e9dilection, avec mes enfants, ma vie en tant que m\u00e8re, etc. Ce n\u2019est pas un choix, c\u2019est juste parce que je ne sais pas faire de la musique autrement qu\u2019en \u00e9tant moi-m\u00eame.<\/p>\n<p><b>Les premi\u00e8res images du reportage<br \/>de TF1 parlent de l\u2019acceptation de la diff\u00e9rence, alors que votre fils raconte une po\u00e9sie. Vous aviez repris, aux c\u00f4t\u00e9s de Cam\u00e9lia Jordana et Amel Bent, la chanson \u00ab<\/b><b>\u00a0<\/b><b>Marine<\/b><b>\u00a0<\/b><b>\u00bb de Diam\u2019s. Que pensez-vous de la mont\u00e9e des extr\u00eames en France et de la situation politique actuelle<\/b><b>\u00a0<\/b><b>? <\/b><\/p>\n<p><b>Vitaa<\/b><b>\u00a0<\/b><b>: <\/b>Je pense que les extr\u00eames ne seront jamais la solution, c\u2019est ce que je pense du plus profond de mon c\u0153ur. C\u2019est une priorit\u00e9 pour moi d\u2019apprendre \u00e0 mes enfants que le but dans ce monde, c\u2019est le respect et la tol\u00e9rance, donc le jour o\u00f9 ces valeurs-l\u00e0 seront respect\u00e9es, le monde ne s\u2019en portera que mieux.<\/p>\n<p><b>Est-ce que Marseille est une ville<br \/>que vous appr\u00e9ciez particuli\u00e8rement<\/b><b>\u00a0<\/b><b>?<\/b><\/p>\n<p><b>Vitaa<\/b><b>\u00a0<\/b><b>: <\/b>Marseille est ma ville de c\u0153ur, ma famille est \u00e0 Marseille, on va souvent au V\u00e9lodrome et le public est mon pr\u00e9f\u00e9r\u00e9 en France parce qu\u2019il y a une ferveur particuli\u00e8re. Je me sens tr\u00e8s bien dans le Sud et je ne m\u2019en cache pas.<\/p>\n","protected":false},"excerpt":{"rendered":"La Marseillaise\u00a0: Vous \u00eates actuellement en tourn\u00e9e pour votre dernier album, \u00ab\u00a0Charlotte\u00a0\u00bb. Un album intimiste o\u00f9 vous vous&hellip;\n","protected":false},"author":2,"featured_media":473615,"comment_status":"","ping_status":"","sticky":false,"template":"","format":"standard","meta":{"footnotes":""},"categories":[2814],"tags":[1111,11,1777,674,1011,27,884,12,882,25,4064],"class_list":{"0":"post-473614","1":"post","2":"type-post","3":"status-publish","4":"format-standard","5":"has-post-thumbnail","7":"category-marseille","8":"tag-actu","9":"tag-actualites","10":"tag-eu","11":"tag-europe","12":"tag-fr","13":"tag-france","14":"tag-marseille","15":"tag-news","16":"tag-provence-alpes-cote-dazur","17":"tag-republique-francaise","18":"tag-week-end"},"share_on_mastodon":{"url":"https:\/\/pubeurope.com\/@fr\/115397878407737081","error":""},"_links":{"self":[{"href":"https:\/\/www.europesays.com\/fr\/wp-json\/wp\/v2\/posts\/473614","targetHints":{"allow":["GET"]}}],"collection":[{"href":"https:\/\/www.europesays.com\/fr\/wp-json\/wp\/v2\/posts"}],"about":[{"href":"https:\/\/www.europesays.com\/fr\/wp-json\/wp\/v2\/types\/post"}],"author":[{"embeddable":true,"href":"https:\/\/www.europesays.com\/fr\/wp-json\/wp\/v2\/users\/2"}],"replies":[{"embeddable":true,"href":"https:\/\/www.europesays.com\/fr\/wp-json\/wp\/v2\/comments?post=473614"}],"version-history":[{"count":0,"href":"https:\/\/www.europesays.com\/fr\/wp-json\/wp\/v2\/posts\/473614\/revisions"}],"wp:featuredmedia":[{"embeddable":true,"href":"https:\/\/www.europesays.com\/fr\/wp-json\/wp\/v2\/media\/473615"}],"wp:attachment":[{"href":"https:\/\/www.europesays.com\/fr\/wp-json\/wp\/v2\/media?parent=473614"}],"wp:term":[{"taxonomy":"category","embeddable":true,"href":"https:\/\/www.europesays.com\/fr\/wp-json\/wp\/v2\/categories?post=473614"},{"taxonomy":"post_tag","embeddable":true,"href":"https:\/\/www.europesays.com\/fr\/wp-json\/wp\/v2\/tags?post=473614"}],"curies":[{"name":"wp","href":"https:\/\/api.w.org\/{rel}","templated":true}]}}