{"id":473618,"date":"2025-10-18T23:58:13","date_gmt":"2025-10-18T23:58:13","guid":{"rendered":"https:\/\/www.europesays.com\/fr\/473618\/"},"modified":"2025-10-18T23:58:13","modified_gmt":"2025-10-18T23:58:13","slug":"lyon-le-permis-du-chauffard-senvole-apres-un-exces-de-vitesse-hallucinant-en-ville","status":"publish","type":"post","link":"https:\/\/www.europesays.com\/fr\/473618\/","title":{"rendered":"Lyon. Le permis du chauffard s&rsquo;envole apr\u00e8s un exc\u00e8s de vitesse hallucinant en ville"},"content":{"rendered":"<p>            Par<br \/>\n        <strong><br \/>\n            <a href=\"https:\/\/actu.fr\/auteur\/redaction-lyon\" title=\"Consulter tous les articles de R\u00e9daction Lyon\" rel=\"nofollow noopener\" target=\"_blank\">R\u00e9daction Lyon<\/a><br \/>\n        <\/strong><\/p>\n<p>        Publi\u00e9 le<\/p>\n<p>            18 oct. 2025 \u00e0 16h43        <\/p>\n<p>Un motard imprudent et roulant \u00e0 toute vitesse dans les rues de <a href=\"https:\/\/actu.fr\/auvergne-rhone-alpes\/lyon_69123\" rel=\"nofollow noopener\" target=\"_blank\">Lyon<\/a>. Vendredi 17 octobre 2025, la police municipale lyonnaise a arr\u00eat\u00e9 un chauffard au guidon de son deux roues dans le 7e arrondissement dans le quartier de <a href=\"https:\/\/actu.fr\/tag\/gerland\" rel=\"nofollow noopener\" target=\"_blank\">Gerland<\/a>. Selon le directeur de la police, il circulait \u00e0 toute vitesse dans une zone 30.<\/p>\n<p class=\" wall-content\">La brigade motoris\u00e9e a intercept\u00e9 l\u2019homme pilotant une <strong>Yamaha FZR \u00e0 157 km\/h au lieu de 30 km\/h<\/strong> rue Jean-Bouin entre le stade de Gerland et le port de Lyon Edouard Herriot.<\/p>\n<p>    <a href=\"https:\/\/www.google.com\/maps\/embed?pb=!1m18!1m12!1m3!1d10979.027801151595!2d4.824368460880731!3d45.724026220128806!2m3!1f0!2f0!3f0!3m2!1i1024!2i768!4f13.1!3m3!1m2!1s0x47f4e9867b388991%3A0x894d7f999fd266a4!2sRue%20Jean%20Bouin%2C%2069007%20Lyon!5e1!3m2!1sfr!2sfr!4v1760798407396!5m2!1sfr!2sfr\" title=\"Ouvrie le lien\" rel=\"nofollow noopener\" target=\"_blank\">Cliquez ici pour visualiser le contenu<\/a><\/p>\n<p>D\u00e9faut d\u2019assurance, son permis de conduire tout de suite suspendu<\/p>\n<p class=\" wall-content\">Son permis de conduire a \u00e9t\u00e9 \u00ab\u00a0\u00e9videmment retenu imm\u00e9diatement en vue d\u2019un arr\u00eat\u00e9 de suspension par la pr\u00e9fecture du Rh\u00f4ne\u00a0\u00bb, selon le directeur de la police municipale.\u00a0<\/p>\n<p class=\" wall-content\">La proc\u00e9dure judiciaire a \u00e9t\u00e9 transmise au tribunal de Lyon. Le conducteur de la puissante moto \u00e9tait \u00e9galement en d\u00e9faut d\u2019assurance. Le pilote du bolide sera convoqu\u00e9 \u00e0 la police nationale avant d\u2019\u00eatre jug\u00e9.<\/p>\n<p class=\" wall-content\">Personnalisez votre actualit\u00e9 en ajoutant vos villes et m\u00e9dias en favori avec <a href=\"https:\/\/moncompte.actu.fr\" title=\"D\u00e9couvez Mon Actu\" rel=\"nofollow noopener\" data-trk=\"{&quot;cta&quot;:{&quot;action&quot;:&quot;https:\\\/\\\/moncompte.actu.fr&quot;,&quot;category&quot;:&quot;mon compte&quot;,&quot;from&quot;:&quot;article footer&quot;,&quot;name&quot;:&quot;Mon actu&quot;,&quot;type&quot;:&quot;cta&quot;}}\" target=\"_blank\">Mon Actu<\/a>.<\/p>\n","protected":false},"excerpt":{"rendered":"Par R\u00e9daction Lyon Publi\u00e9 le 18 oct. 2025 \u00e0 16h43 Un motard imprudent et roulant \u00e0 toute vitesse&hellip;\n","protected":false},"author":2,"featured_media":473619,"comment_status":"","ping_status":"","sticky":false,"template":"","format":"standard","meta":{"footnotes":""},"categories":[1889],"tags":[1111,11,2430,1777,674,118,1011,27,5303,2428,12,1072,25,5009],"class_list":{"0":"post-473618","1":"post","2":"type-post","3":"status-publish","4":"format-standard","5":"has-post-thumbnail","7":"category-lyon","8":"tag-actu","9":"tag-actualites","10":"tag-auvergne-rhone-alpes","11":"tag-eu","12":"tag-europe","13":"tag-faits-divers","14":"tag-fr","15":"tag-france","16":"tag-gerland","17":"tag-lyon","18":"tag-news","19":"tag-police","20":"tag-republique-francaise","21":"tag-securite-routiere"},"share_on_mastodon":{"url":"https:\/\/pubeurope.com\/@fr\/115397886242419553","error":""},"_links":{"self":[{"href":"https:\/\/www.europesays.com\/fr\/wp-json\/wp\/v2\/posts\/473618","targetHints":{"allow":["GET"]}}],"collection":[{"href":"https:\/\/www.europesays.com\/fr\/wp-json\/wp\/v2\/posts"}],"about":[{"href":"https:\/\/www.europesays.com\/fr\/wp-json\/wp\/v2\/types\/post"}],"author":[{"embeddable":true,"href":"https:\/\/www.europesays.com\/fr\/wp-json\/wp\/v2\/users\/2"}],"replies":[{"embeddable":true,"href":"https:\/\/www.europesays.com\/fr\/wp-json\/wp\/v2\/comments?post=473618"}],"version-history":[{"count":0,"href":"https:\/\/www.europesays.com\/fr\/wp-json\/wp\/v2\/posts\/473618\/revisions"}],"wp:featuredmedia":[{"embeddable":true,"href":"https:\/\/www.europesays.com\/fr\/wp-json\/wp\/v2\/media\/473619"}],"wp:attachment":[{"href":"https:\/\/www.europesays.com\/fr\/wp-json\/wp\/v2\/media?parent=473618"}],"wp:term":[{"taxonomy":"category","embeddable":true,"href":"https:\/\/www.europesays.com\/fr\/wp-json\/wp\/v2\/categories?post=473618"},{"taxonomy":"post_tag","embeddable":true,"href":"https:\/\/www.europesays.com\/fr\/wp-json\/wp\/v2\/tags?post=473618"}],"curies":[{"name":"wp","href":"https:\/\/api.w.org\/{rel}","templated":true}]}}