{"id":473622,"date":"2025-10-19T00:01:27","date_gmt":"2025-10-19T00:01:27","guid":{"rendered":"https:\/\/www.europesays.com\/fr\/473622\/"},"modified":"2025-10-19T00:01:27","modified_gmt":"2025-10-19T00:01:27","slug":"ouverture-de-my-sport-center-un-nouveau-club-de-padel-voit-le-jour-aux-portes-de-lile-de-france","status":"publish","type":"post","link":"https:\/\/www.europesays.com\/fr\/473622\/","title":{"rendered":"Ouverture de My Sport Center : un nouveau club de padel voit le jour aux portes de l\u2019\u00cele-de-France"},"content":{"rendered":"<p>Le padel continue de se d\u00e9velopper partout en France, et notamment aux portes de l\u2019\u00cele-de-France, avec l\u2019ouverture r\u00e9cente de <strong>My Sport Center<\/strong>, un tout nouveau complexe enti\u00e8rement d\u00e9di\u00e9 \u00e0 la pratique du padel.<br \/>Ouvert depuis trois semaines, le club ambitionne de devenir une <strong>nouvelle r\u00e9f\u00e9rence r\u00e9gionale<\/strong> pour les joueurs amateurs comme confirm\u00e9s.<\/p>\n<p>Un club moderne et accessible \u00e0 tous<\/p>\n<p>Situ\u00e9 dans l\u2019Eure, <strong>My Sport Center<\/strong> propose <strong>4 terrains panoramiques indoor<\/strong> de derni\u00e8re g\u00e9n\u00e9ration, install\u00e9s sous une hauteur de plus de <strong>10 m\u00e8tres<\/strong>, garantissant un confort de jeu optimal et une luminosit\u00e9 parfaite tout au long de l\u2019ann\u00e9e.<br \/>Le complexe dispose \u00e9galement d\u2019un <strong>club house convivial<\/strong>, de <strong>douches modernes<\/strong>, d\u2019un <strong>parking priv\u00e9<\/strong> et d\u2019un <strong>acc\u00e8s PMR<\/strong>, afin d\u2019accueillir tous les publics dans les meilleures conditions.<\/p>\n<p>Le club est <strong>ouvert 7 jours sur 7<\/strong> :<\/p>\n<ul class=\"wp-block-list\">\n<li>du <strong>lundi au jeudi de 10h \u00e0 22h<\/strong>,<\/li>\n<li>et les <strong>vendredis et samedis jusqu\u2019\u00e0 23h30<\/strong>.<\/li>\n<\/ul>\n<p><img title=\"My Sport Center | Padel Magazine\" decoding=\"async\" data-id=\"271039\" src=\"https:\/\/www.europesays.com\/fr\/wp-content\/uploads\/2025\/10\/WhatsApp-Image-2025-10-16-a-213203_3abc7074.jpg\" alt=\"My Sport Center\" class=\"wp-image-271039\"\/><img title=\"My Sport Center | Padel Magazine\" decoding=\"async\" data-id=\"271038\" src=\"https:\/\/www.europesays.com\/fr\/wp-content\/uploads\/2025\/10\/WhatsApp-Image-2025-10-16-a-213228_4b6e4588.jpg\" alt=\"My Sport Center\" class=\"wp-image-271038\"\/><img title=\"My Sport Center | Padel Magazine\" decoding=\"async\" data-id=\"271040\" src=\"https:\/\/www.europesays.com\/fr\/wp-content\/uploads\/2025\/10\/WhatsApp-Image-2025-10-16-a-213355_72a55e47.jpg\" alt=\"My Sport Center\" class=\"wp-image-271040\"\/><img title=\"My Sport Center | Padel Magazine\" decoding=\"async\" data-id=\"271037\" src=\"https:\/\/www.europesays.com\/fr\/wp-content\/uploads\/2025\/10\/WhatsApp-Image-2025-10-16-a-213450_e9abb6b0.jpg\" alt=\"My Sport Center\" class=\"wp-image-271037\"\/>Des tarifs simples et attractifs<\/p>\n<p><strong>My Sport Center<\/strong> mise sur la simplicit\u00e9 et l\u2019accessibilit\u00e9 avec un <strong>tarif unique de 13 \u20ac par personne pour 1h30 de jeu<\/strong>, permettant \u00e0 chacun de profiter de sessions de qualit\u00e9 dans un cadre moderne et bien entretenu.<\/p>\n<p>Une r\u00e9servation facilit\u00e9e via application mobile<\/p>\n<p>Pour simplifier l\u2019exp\u00e9rience des joueurs, les r\u00e9servations se font directement via l\u2019application <strong>My Sport Center Padel &amp; Five<\/strong>, disponible sur iOS :<br \/><a href=\"https:\/\/apps.apple.com\/fr\/app\/my-sport-center-padel-five\/id6749314894\" rel=\"nofollow noopener\" target=\"_blank\">T\u00e9l\u00e9charger l\u2019application<\/a><\/p>\n<p>L\u2019application permet de <strong>r\u00e9server un terrain en quelques clics<\/strong>, de <strong>g\u00e9rer son planning de jeu<\/strong> et de <strong>suivre les actualit\u00e9s du club<\/strong>.<\/p>\n<p><strong>My Sport Center<\/strong> entend s\u2019imposer comme un <strong>nouveau lieu incontournable du padel<\/strong> dans la r\u00e9gion, combinant infrastructure moderne, ambiance conviviale et accessibilit\u00e9.<br \/>Une adresse \u00e0 d\u00e9couvrir sans attendre pour tous les passionn\u00e9s souhaitant jouer dans des conditions optimales, \u00e0 seulement quelques minutes de l\u2019\u00cele-de-France.<\/p>\n<p>Infos en plus :<\/p>\n<ul class=\"wp-block-list\">\n<li>7 Rue de la ZA sous le Beer, 27730 Bueil<\/li>\n<li>06 52 90 99 87<\/li>\n<\/ul>\n<p><img loading=\"lazy\" decoding=\"async\" data-del=\"avatar\" alt=\"Communiqu\u00e9 de presse\" src=\"https:\/\/www.europesays.com\/fr\/wp-content\/uploads\/2025\/04\/Green-and-Gold-Simple-Charity-Event-Press-Release-Document-1-150x150.png\" class=\"avatar pp-user-avatar avatar-100 photo \" height=\"100\" width=\"100\"\/><\/p>\n<p class=\"related-title\">Sur le m\u00eame sujet<\/p>\n","protected":false},"excerpt":{"rendered":"Le padel continue de se d\u00e9velopper partout en France, et notamment aux portes de l\u2019\u00cele-de-France, avec l\u2019ouverture r\u00e9cente&hellip;\n","protected":false},"author":2,"featured_media":473623,"comment_status":"","ping_status":"","sticky":false,"template":"","format":"standard","meta":{"footnotes":""},"categories":[1592],"tags":[1111,11,1777,674,1011,27,662,12,626,25],"class_list":{"0":"post-473622","1":"post","2":"type-post","3":"status-publish","4":"format-standard","5":"has-post-thumbnail","7":"category-ile-de-france","8":"tag-actu","9":"tag-actualites","10":"tag-eu","11":"tag-europe","12":"tag-fr","13":"tag-france","14":"tag-ile-de-france","15":"tag-news","16":"tag-paris","17":"tag-republique-francaise"},"share_on_mastodon":{"url":"https:\/\/pubeurope.com\/@fr\/115397898751686354","error":""},"_links":{"self":[{"href":"https:\/\/www.europesays.com\/fr\/wp-json\/wp\/v2\/posts\/473622","targetHints":{"allow":["GET"]}}],"collection":[{"href":"https:\/\/www.europesays.com\/fr\/wp-json\/wp\/v2\/posts"}],"about":[{"href":"https:\/\/www.europesays.com\/fr\/wp-json\/wp\/v2\/types\/post"}],"author":[{"embeddable":true,"href":"https:\/\/www.europesays.com\/fr\/wp-json\/wp\/v2\/users\/2"}],"replies":[{"embeddable":true,"href":"https:\/\/www.europesays.com\/fr\/wp-json\/wp\/v2\/comments?post=473622"}],"version-history":[{"count":0,"href":"https:\/\/www.europesays.com\/fr\/wp-json\/wp\/v2\/posts\/473622\/revisions"}],"wp:featuredmedia":[{"embeddable":true,"href":"https:\/\/www.europesays.com\/fr\/wp-json\/wp\/v2\/media\/473623"}],"wp:attachment":[{"href":"https:\/\/www.europesays.com\/fr\/wp-json\/wp\/v2\/media?parent=473622"}],"wp:term":[{"taxonomy":"category","embeddable":true,"href":"https:\/\/www.europesays.com\/fr\/wp-json\/wp\/v2\/categories?post=473622"},{"taxonomy":"post_tag","embeddable":true,"href":"https:\/\/www.europesays.com\/fr\/wp-json\/wp\/v2\/tags?post=473622"}],"curies":[{"name":"wp","href":"https:\/\/api.w.org\/{rel}","templated":true}]}}