{"id":473626,"date":"2025-10-19T00:03:12","date_gmt":"2025-10-19T00:03:12","guid":{"rendered":"https:\/\/www.europesays.com\/fr\/473626\/"},"modified":"2025-10-19T00:03:12","modified_gmt":"2025-10-19T00:03:12","slug":"pres-de-3-000-rassemblements-aux-etats-unis-pour-sopposer-a-la-prise-de-pouvoir-autoritaire-de-donald-trump","status":"publish","type":"post","link":"https:\/\/www.europesays.com\/fr\/473626\/","title":{"rendered":"pr\u00e8s de 3\u00a0000\u00a0rassemblements aux Etats-Unis pour s\u2019opposer \u00e0 \u00ab\u00a0la prise de pouvoir autoritaire\u00a0\u00bb de Donald Trump"},"content":{"rendered":"<p>                          <img loading=\"lazy\" decoding=\"async\" src=\"https:\/\/www.europesays.com\/fr\/wp-content\/uploads\/2025\/10\/116c3bd_ftp-import-images-1-epk2ywjseibt-2025-10-18t151609z-1465401611-rc2eehatgnjn-rtrmadp-3-usa-tr.jpeg\" alt=\"Une manifestation \u00ab\u00a0No Kings\u00a0\u00bb contre les politiques du pr\u00e9sident am\u00e9ricain, Donald Trump, \u00e0 Atlanta (G\u00e9orgie), le 18\u00a0octobre\u00a02025\"   width=\"664\" height=\"443\"\/>    Une manifestation \u00ab\u00a0No Kings\u00a0\u00bb contre les politiques du pr\u00e9sident am\u00e9ricain, Donald Trump, \u00e0 Atlanta (G\u00e9orgie), le 18\u00a0octobre\u00a02025  ALYSSA POINTER\/REUTERS                          <\/p>\n<p class=\"article__paragraph  \">D\u2019importantes manifestations contre le pr\u00e9sident des Etats-Unis, Donald Trump, ont eu lieu, samedi 18\u00a0octobre, \u00e0 travers le pays, dans le cadre d\u2019une journ\u00e9e de mobilisation diabolis\u00e9e par la droite qui fustige un mouvement \u00ab\u00a0de haine contre l\u2019Am\u00e9rique\u00a0\u00bb.<\/p>\n<p class=\"article__paragraph  \">Rassembl\u00e9es autour du mot d\u2019ordre \u00ab\u00a0No Kings\u00a0\u00bb (Pas de rois), environ 7\u00a0millions de personnes, selon les organisateurs, ont d\u00e9fil\u00e9 pour d\u00e9noncer \u00ab\u00a0la prise de pouvoir autoritaire\u00a0\u00bb du pr\u00e9sident r\u00e9publicain. <a href=\"https:\/\/www.nokings.org\/#map\" target=\"_blank\" rel=\"noopener nofollow\" title=\"Nouvelle fen\u00eatre\">Plus de 2\u00a0700 rassemblements se sont tenus dans la journ\u00e9e<\/a> dans les grandes villes am\u00e9ricaines ainsi que dans des petites villes du centre des Etats-Unis, et des bourgades d\u2019Etats r\u00e9publicains.<\/p>\n<p class=\"article__paragraph  \">Dans le quartier de Forest Hills, \u00e0 New York, des centaines de personnes se sont rassembl\u00e9es en milieu de matin\u00e9e et ont scand\u00e9 \u00ab\u00a0Nous aimons notre pays\u00a0! Nous ne supportons pas Trump\u00a0!\u00a0\u00bb. Dans la capitale Washington, un important rassemblement s\u2019est \u00e9galement tenu \u00e0 proximit\u00e9 du Congr\u00e8s, la foule exhortant en ch\u0153ur Donald Trump \u00e0 \u00ab\u00a0partir\u00a0\u00bb, tandis qu\u2019en Floride, des manifestants brandissaient des pancartes montrant le pr\u00e9sident grim\u00e9 en Staline et en reine d\u2019Angleterre \u00e0 proximit\u00e9 de sa r\u00e9sidence Mar-a-Lago, o\u00f9 il passe le week-end. Des manifestations se sont \u00e9galement tenues au Texas, autre fief des conservateurs, notamment \u00e0 Houston.<\/p>\n<p class=\"article__paragraph  \">En juin, une premi\u00e8re journ\u00e9e de mobilisation organis\u00e9e par le m\u00eame collectif qui regroupe quelque 300 associations <a href=\"https:\/\/www.lemonde.fr\/international\/article\/2025\/06\/15\/manifestations-no-kings-contre-donald-trump-aux-etats-unis-on-avait-besoin-de-se-compter_6613227_3210.html\" target=\"_blank\" rel=\"noopener nofollow\" title=\"Nouvelle fen\u00eatre\">avait rassembl\u00e9, selon lui, 5\u00a0millions de personnes<\/a>, la plus grande contestation depuis le retour du r\u00e9publicain \u00e0 la Maison Blanche. Le m\u00eame jour, Donald Trump avait f\u00eat\u00e9 son 79e anniversaire avec une parade militaire en grande pompe dans les rues de la capitale am\u00e9ricaine. Lui qui avait menac\u00e9 en juin de r\u00e9pondre aux manifestants avec une \u00ab\u00a0tr\u00e8s grande force\u00a0\u00bb a <a href=\"https:\/\/www.axios.com\/2025\/10\/17\/trump-no-kings-protests\" target=\"_blank\" rel=\"noopener nofollow\" title=\"Nouvelle fen\u00eatre\">sobrement comment\u00e9 cette semaine sur Fox News<\/a>\u00a0: \u00ab\u00a0Ils me qualifient de roi. Je ne suis pas un roi.\u00a0\u00bb<\/p>\n<p>                               <img loading=\"lazy\" decoding=\"async\" src=\"https:\/\/www.europesays.com\/fr\/wp-content\/uploads\/2025\/10\/18d1bff_ftp-import-images-1-j8dqa55xfmnq-0a302227ac3046fca77966f5460b6112-0-2f33923f4beb42b49a2d8c0e.jpeg\" alt=\"Des personnes participent \u00e0 l\u2019une des manifestations \u00ab\u00a0No Kings\u00a0\u00bb qui ont lieu dans tout le pays, ici \u00e0 Washington DC, le 18\u00a0octobre\u00a02025.\"   width=\"664\" height=\"443\"\/>    Des personnes participent \u00e0 l\u2019une des manifestations \u00ab\u00a0No Kings\u00a0\u00bb qui ont lieu dans tout le pays, ici \u00e0 Washington DC, le 18\u00a0octobre\u00a02025.  JOSE LUIS MAGANA\/AP                          <\/p>\n<p class=\"article__paragraph  \">Plusieurs figures de son parti ont, elles, d\u00e9nonc\u00e9 avec virulence les nouvelles manifestations, allant jusqu\u2019\u00e0 les assimiler \u00e0 du terrorisme. Parlant d\u2019une \u00ab\u00a0mobilisation haineuse contre l\u2019Am\u00e9rique\u00a0\u00bb, le chef r\u00e9publicain de la Chambre des repr\u00e9sentants, Mike Johnson, a lanc\u00e9\u00a0: \u00ab\u00a0Je parie que vous verrez des partisans du Hamas et des antifas\u00a0\u00bb, mouvance antifasciste r\u00e9cemment class\u00e9e comme \u00ab\u00a0organisation terroriste\u00a0\u00bb par le pr\u00e9sident. L\u2019\u00e9lu du Minnesota Tom Emmer a, lui, accus\u00e9 les d\u00e9mocrates d\u2019avoir c\u00e9d\u00e9 \u00e0 \u00ab\u00a0l\u2019aile terroriste de leur parti\u00a0\u00bb.<\/p>\n<p>                                                                  \u00ab\u00a0Nous ne nous laisserons pas r\u00e9duire au silence\u00a0\u00bb                    <\/p>\n<p class=\"article__paragraph  \">\u00ab\u00a0Ne laissez pas Donald Trump et les r\u00e9publicains vous intimider et vous r\u00e9duire au silence\u00a0\u00bb, a r\u00e9torqu\u00e9, samedi, le chef des s\u00e9nateurs d\u00e9mocrates Chuck Schumer, invitant les Am\u00e9ricains \u00e0 faire \u00ab\u00a0entendre leur voix\u00a0\u00bb, dans un message sur X. Il a lui-m\u00eame particip\u00e9 \u00e0 l\u2019un des cort\u00e8ges, tout comme Bernie Sanders, autre figue de la gauche.<\/p>\n<p class=\"article__paragraph  \">\u00ab\u00a0Nous sommes ici parce que nous aimons l\u2019Am\u00e9rique\u00a0\u00bb, a d\u00e9clar\u00e9 M. Sanders, s\u2019adressant \u00e0 la foule depuis une sc\u00e8ne \u00e0 Washington. Il a affirm\u00e9 que le mod\u00e8le am\u00e9ricain \u00e9tait \u00ab\u00a0en danger\u00a0\u00bb sous Donald Trump, mais a insist\u00e9\u00a0: \u00ab\u00a0Nous, le peuple, gouvernerons.\u00a0\u00bb<\/p>\n<p class=\"article__paragraph  \">Un appel \u00e0 manifester avait \u00e9galement \u00e9t\u00e9 partag\u00e9 par la candidate malheureuse \u00e0 la pr\u00e9sidentielle de 2024 Kamala Harris et la star d\u2019Hollywood Robert De Niro.<\/p>\n<p class=\"article__paragraph  \">Face aux accusations du camp r\u00e9publicain, des manifestants ont r\u00e9pliqu\u00e9, samedi, sur le ton de l\u2019humour. Certains d\u2019entre eux ont ainsi d\u00e9fil\u00e9 v\u00eatus de costumes incongrus de pingouin, de homard ou encore d\u2019hippopotame, d\u2019autres brandissant fi\u00e8rement le drapeau am\u00e9ricain en riposte aux attaques de la droite.<\/p>\n<p>                               <img loading=\"lazy\" decoding=\"async\" src=\"https:\/\/www.europesays.com\/fr\/wp-content\/uploads\/2025\/10\/b50bbb0_ftp-import-images-1-csfcfosrmvuo-e9c205b4bc67424195ae1187e438653d-0-081d34f7907140948a1ac799.jpeg\" alt=\"Une banderole sign\u00e9e, repr\u00e9sentant la Constitution am\u00e9ricaine, lors d\u2019une manifestation \u00ab\u00a0No Kings\u00a0\u00bb \u00e0 Washington DC, le 18\u00a0octobre\u00a02025.\"   width=\"664\" height=\"443\"\/>    Une banderole sign\u00e9e, repr\u00e9sentant la Constitution am\u00e9ricaine, lors d\u2019une manifestation \u00ab\u00a0No Kings\u00a0\u00bb \u00e0 Washington DC, le 18\u00a0octobre\u00a02025.  JOSE LUIS MAGANA\/AP                          <\/p>\n<p class=\"article__paragraph  \">La pr\u00e9c\u00e9dente journ\u00e9e de mobilisation avait notamment rassembl\u00e9 des c\u00e9l\u00e9brit\u00e9s, comme l\u2019acteur Mark Ruffalo et l\u2019humoriste Jimmy Kimmel, <a href=\"https:\/\/www.lemonde.fr\/international\/article\/2025\/09\/27\/l-animateur-jimmy-kimmel-de-nouveau-diffuse-partout-aux-etats-unis-apres-la-fin-du-boycott-de-deux-groupes_6643115_3210.html\" rel=\"nofollow noopener\" target=\"_blank\">dont le talk-show a ensuite \u00e9t\u00e9 temporairement suspendu<\/a> sous la pression du gouvernement Trump.<\/p>\n<p> Le Monde M\u00e9morable  <\/p>\n<p> <a href=\"https:\/\/www.lemonde.fr\/memorable\/?rfextension=inread\" class=\"inread__link js-services-inread-link\" target=\"_blank\" rel=\"nofollow noopener\">  <\/p>\n<p>Testez votre culture g\u00e9n\u00e9rale avec la r\u00e9daction du \u00ab Monde \u00bb<\/p>\n<p>Testez votre culture g\u00e9n\u00e9rale avec la r\u00e9daction du \u00ab Monde \u00bb<\/p>\n<p>D\u00e9couvrir<\/p>\n<p> <\/a>      <\/p>\n<p> Newsletter  <\/p>\n<p> <a href=\"https:\/\/www.lemonde.fr\/newsletters\/a-la-une\/\" class=\"inread__link js-services-inread-link\" target=\"_blank\" rel=\"nofollow noopener\">  <\/p>\n<p>\u00ab A la une \u00bb<\/p>\n<p>Chaque matin, parcourez l&rsquo;essentiel de l&rsquo;actualit\u00e9 du jour avec les derniers titres du \u00ab Monde \u00bb<\/p>\n<p>S&rsquo;inscrire<\/p>\n<p> <\/a>          <\/p>\n<p> Le Monde Application  <\/p>\n<p> <a href=\"https:\/\/lamatinale.onelink.me\/gKMy\/ahw2ubr3\" class=\"inread__link js-services-inread-link\" target=\"_blank\" rel=\"nofollow noopener\">  <\/p>\n<p>La Matinale du Monde<\/p>\n<p>Chaque matin, retrouvez notre s\u00e9lection de 20 articles \u00e0 ne pas manquer <\/p>\n<p>T\u00e9l\u00e9charger l&rsquo;application<\/p>\n<p> <\/a>      <\/p>\n<p> Newsletter abonn\u00e9s  <\/p>\n<p> <a href=\"https:\/\/www.lemonde.fr\/newsletters\/international\/\" class=\"inread__link js-services-inread-link\" target=\"_blank\" rel=\"nofollow noopener\">  <\/p>\n<p>\u00ab International \u00bb<\/p>\n<p>L\u2019essentiel de l\u2019actualit\u00e9 internationale de la semaine<\/p>\n<p>S&rsquo;inscrire<\/p>\n<p> <\/a>             <\/p>\n<p class=\"article__paragraph  \">Depuis son retour au pouvoir en janvier, Donald Trump a boulevers\u00e9 l\u2019\u00e9quilibre d\u00e9mocratique am\u00e9ricain, en empi\u00e9tant sur les pouvoirs du Congr\u00e8s et des Etats et en mena\u00e7ant ses opposants de repr\u00e9sailles judiciaires. Usant d\u2019une rh\u00e9torique de plus en plus belliqueuse, le r\u00e9publicain a d\u00e9ploy\u00e9 des militaires dans plusieurs fiefs d\u00e9mocrates pour lutter, selon lui, contre l\u2019immigration ill\u00e9gale et la criminalit\u00e9 et a r\u00e9cemment exhort\u00e9 les g\u00e9n\u00e9raux am\u00e9ricains \u00e0 se mobiliser contre l\u2019\u00ab\u00a0ennemi de l\u2019int\u00e9rieur\u00a0\u00bb.<\/p>\n<p class=\"article__paragraph  \">Cette nouvelle journ\u00e9e de mobilisation est survenue par ailleurs en pleine paralysie budg\u00e9taire de l\u2019Etat f\u00e9d\u00e9ral et alors que Donald Trump a d\u00e9ploy\u00e9 des militaires dans plusieurs fiefs d\u00e9mocrates pour, selon lui, lutter contre l\u2019immigration ill\u00e9gale et la criminalit\u00e9. En signe de contestation, plusieurs rassemblements se sont tenus dans les villes o\u00f9 il a envoy\u00e9 la garde nationale, telles que Chicago ou Los Angeles.<\/p>\n<p class=\"article__paragraph  \">Des mobilisations \u00e9taient \u00e9galement pr\u00e9vues au Canada, comme \u00e0 Toronto, Vancouver et Ottawa.<\/p>\n<p>                                       Lire aussi |  Article r\u00e9serv\u00e9 \u00e0 nos abonn\u00e9s  <a href=\"https:\/\/www.lemonde.fr\/international\/article\/2025\/10\/09\/donald-trump-instrumentalise-la-violence-d-extreme-gauche-pour-justifier-l-intervention-de-l-armee-dans-les-grandes-villes-americaines_6645420_3210.html\" class=\"js-article-read-also catcher--favoris__link\" data-premium=\"1\" id=\"article-title-3441512\" rel=\"nofollow noopener\" target=\"_blank\">Donald Trump instrumentalise la violence d\u2019extr\u00eame gauche pour justifier l\u2019intervention de l\u2019arm\u00e9e dans les grandes villes am\u00e9ricaines<\/a>    <\/p>\n<p>   Lire plus tard  <\/p>\n<p class=\"author__detail\">  Le Monde avec AFP  <\/p>\n<p>                <a href=\"https:\/\/www.lemonde.fr\/syndication\/\" class=\"reuse__content\" title=\"R\u00e9utiliser ce contenu\" target=\"_blank\" rel=\"nofollow noopener\">R\u00e9utiliser ce contenu<\/a>      <\/p>\n","protected":false},"excerpt":{"rendered":"Une manifestation \u00ab\u00a0No Kings\u00a0\u00bb contre les politiques du pr\u00e9sident am\u00e9ricain, Donald Trump, \u00e0 Atlanta (G\u00e9orgie), le 18\u00a0octobre\u00a02025 ALYSSA&hellip;\n","protected":false},"author":2,"featured_media":473627,"comment_status":"","ping_status":"","sticky":false,"template":"","format":"standard","meta":{"footnotes":""},"categories":[1888],"tags":[1111,1928,11,1927,1777,674,1011,27,12,1926,626,1925,25],"class_list":{"0":"post-473626","1":"post","2":"type-post","3":"status-publish","4":"format-standard","5":"has-post-thumbnail","7":"category-paris","8":"tag-actu","9":"tag-actu-paris","10":"tag-actualites","11":"tag-actualites-paris","12":"tag-eu","13":"tag-europe","14":"tag-fr","15":"tag-france","16":"tag-news","17":"tag-news-paris","18":"tag-paris","19":"tag-paris-news","20":"tag-republique-francaise"},"share_on_mastodon":{"url":"https:\/\/pubeurope.com\/@fr\/115397905987033439","error":""},"_links":{"self":[{"href":"https:\/\/www.europesays.com\/fr\/wp-json\/wp\/v2\/posts\/473626","targetHints":{"allow":["GET"]}}],"collection":[{"href":"https:\/\/www.europesays.com\/fr\/wp-json\/wp\/v2\/posts"}],"about":[{"href":"https:\/\/www.europesays.com\/fr\/wp-json\/wp\/v2\/types\/post"}],"author":[{"embeddable":true,"href":"https:\/\/www.europesays.com\/fr\/wp-json\/wp\/v2\/users\/2"}],"replies":[{"embeddable":true,"href":"https:\/\/www.europesays.com\/fr\/wp-json\/wp\/v2\/comments?post=473626"}],"version-history":[{"count":0,"href":"https:\/\/www.europesays.com\/fr\/wp-json\/wp\/v2\/posts\/473626\/revisions"}],"wp:featuredmedia":[{"embeddable":true,"href":"https:\/\/www.europesays.com\/fr\/wp-json\/wp\/v2\/media\/473627"}],"wp:attachment":[{"href":"https:\/\/www.europesays.com\/fr\/wp-json\/wp\/v2\/media?parent=473626"}],"wp:term":[{"taxonomy":"category","embeddable":true,"href":"https:\/\/www.europesays.com\/fr\/wp-json\/wp\/v2\/categories?post=473626"},{"taxonomy":"post_tag","embeddable":true,"href":"https:\/\/www.europesays.com\/fr\/wp-json\/wp\/v2\/tags?post=473626"}],"curies":[{"name":"wp","href":"https:\/\/api.w.org\/{rel}","templated":true}]}}