{"id":473643,"date":"2025-10-19T00:12:26","date_gmt":"2025-10-19T00:12:26","guid":{"rendered":"https:\/\/www.europesays.com\/fr\/473643\/"},"modified":"2025-10-19T00:12:26","modified_gmt":"2025-10-19T00:12:26","slug":"une-ancienne-deputee-europeenne-parle-de-son-parcours-aux-lyceens-du-bois-damour","status":"publish","type":"post","link":"https:\/\/www.europesays.com\/fr\/473643\/","title":{"rendered":"une ancienne d\u00e9put\u00e9e europ\u00e9enne parle de son parcours aux lyc\u00e9ens du Bois-d\u2019Amour"},"content":{"rendered":"<p>C\u2019est la 9e \u00e9dition des Erasmus Days. Du 13 au 18\u00a0octobre 2025, pendant six jours, on c\u00e9l\u00e8bre l\u2019Europe et ses valeurs.<\/p>\n<p>Vendredi 17\u00a0octobre, au lyc\u00e9e du Bois-d\u2019Amour \u00e0 <a target=\"_blank\" href=\"https:\/\/www.lanouvellerepublique.fr\/poitiers\" rel=\"noopener\">Poitiers<\/a>, l\u2019ancienne d\u00e9put\u00e9e europ\u00e9enne <a target=\"_self\" href=\"https:\/\/www.lanouvellerepublique.fr\/vienne\/la-poitevine-elisabeth-morin-chartier-presidente-du-comite-d-ethique-de-la-commission-europeenne-1750084762\" rel=\"noopener\">Elisabeth Morin-Chartier<\/a>, aujourd\u2019hui\u00a0pr\u00e9sidente du comit\u00e9 d\u2019\u00e9thique ind\u00e9pendant de la commission europ\u00e9enne, est venue parler de son engagement europ\u00e9en devant quatre-vingts lyc\u00e9ens.<\/p>\n<p>\u00ab\u00a0Au parlement europ\u00e9en, il n\u2019y a pas de majorit\u00e9\u00a0\u00bb<\/p>\n<p>Veste bleue, comme le drapeau de l\u2019Union europ\u00e9enne, micro en main, la Poitevine, ex-professeure d\u2019histoire-g\u00e9ographie sp\u00e9cialis\u00e9e en grec, fait le show\u00a0: \u00ab\u00a0Au parlement europ\u00e9en, il n\u2019y a pas de majorit\u00e9 et donc, vous \u00eates oblig\u00e9s d\u2019\u00e9couter et de dialoguer\u2026\u00a0\u00bb Elle n\u2019en dira pas plus mais les lyc\u00e9ens auront compris le parall\u00e8le.<\/p>\n<p>Elle explique le r\u00f4le de l\u2019Europe, l\u2019opportunit\u00e9 <a target=\"_self\" href=\"https:\/\/www.lanouvellerepublique.fr\/poitiers\/erasmus-days-une-semaine-de-promotion-de-la-mobilite-internationale-a-l-universite-de-poitiers-1760543396\" rel=\"noopener\">du programme Erasmus<\/a> d\u00e8s le lyc\u00e9e. Pour certains, ils ont d\u00e9j\u00e0 fait un \u00e9change europ\u00e9en, notamment au Danemark. Les questions fusent. Tout le monde appr\u00e9cie cette pause europ\u00e9enne entre deux cours. La\u00a0mobilit\u00e9 internationale est une pr\u00e9occupation pour ces lyc\u00e9ens, futurs \u00e9tudiants.<\/p><\/p>\n","protected":false},"excerpt":{"rendered":"C\u2019est la 9e \u00e9dition des Erasmus Days. Du 13 au 18\u00a0octobre 2025, pendant six jours, on c\u00e9l\u00e8bre l\u2019Europe&hellip;\n","protected":false},"author":2,"featured_media":473644,"comment_status":"","ping_status":"","sticky":false,"template":"","format":"standard","meta":{"footnotes":""},"categories":[1586],"tags":[1392,11,1057,1777,674,1779,1011,27,12,1653,316,25,1778,364,1584],"class_list":{"0":"post-473643","1":"post","2":"type-post","3":"status-publish","4":"format-standard","5":"has-post-thumbnail","7":"category-europe","8":"tag-a-la-une-local","9":"tag-actualites","10":"tag-education","11":"tag-eu","12":"tag-europe","13":"tag-european-union","14":"tag-fr","15":"tag-france","16":"tag-news","17":"tag-poitiers","18":"tag-politique","19":"tag-republique-francaise","20":"tag-ue","21":"tag-union-europeenne","22":"tag-vienne"},"share_on_mastodon":{"url":"https:\/\/pubeurope.com\/@fr\/115397941255643738","error":""},"_links":{"self":[{"href":"https:\/\/www.europesays.com\/fr\/wp-json\/wp\/v2\/posts\/473643","targetHints":{"allow":["GET"]}}],"collection":[{"href":"https:\/\/www.europesays.com\/fr\/wp-json\/wp\/v2\/posts"}],"about":[{"href":"https:\/\/www.europesays.com\/fr\/wp-json\/wp\/v2\/types\/post"}],"author":[{"embeddable":true,"href":"https:\/\/www.europesays.com\/fr\/wp-json\/wp\/v2\/users\/2"}],"replies":[{"embeddable":true,"href":"https:\/\/www.europesays.com\/fr\/wp-json\/wp\/v2\/comments?post=473643"}],"version-history":[{"count":0,"href":"https:\/\/www.europesays.com\/fr\/wp-json\/wp\/v2\/posts\/473643\/revisions"}],"wp:featuredmedia":[{"embeddable":true,"href":"https:\/\/www.europesays.com\/fr\/wp-json\/wp\/v2\/media\/473644"}],"wp:attachment":[{"href":"https:\/\/www.europesays.com\/fr\/wp-json\/wp\/v2\/media?parent=473643"}],"wp:term":[{"taxonomy":"category","embeddable":true,"href":"https:\/\/www.europesays.com\/fr\/wp-json\/wp\/v2\/categories?post=473643"},{"taxonomy":"post_tag","embeddable":true,"href":"https:\/\/www.europesays.com\/fr\/wp-json\/wp\/v2\/tags?post=473643"}],"curies":[{"name":"wp","href":"https:\/\/api.w.org\/{rel}","templated":true}]}}