{"id":47365,"date":"2025-04-23T19:39:16","date_gmt":"2025-04-23T19:39:16","guid":{"rendered":"https:\/\/www.europesays.com\/fr\/47365\/"},"modified":"2025-04-23T19:39:16","modified_gmt":"2025-04-23T19:39:16","slug":"tolerance-zero-le-club-agit-contre-les-posts-discriminants-sur-les-reseaux-sociaux","status":"publish","type":"post","link":"https:\/\/www.europesays.com\/fr\/47365\/","title":{"rendered":"\u00abTol\u00e9rance z\u00e9ro\u00bb, le club agit contre les posts discriminants sur les r\u00e9seaux sociaux"},"content":{"rendered":"<p>L\u2019ASSE a assur\u00e9 ce mercredi, via un communiqu\u00e9, qu\u2019elle allait appliquer de nouvelles mesures pour lutter contre la discrimination et la diffamation en ligne.<\/p>\n<p class=\"fig-paragraph\">Le club de football de<a href=\"http:\/\/www.lefigaro.fr\/sports\/football\/ligue-1\/saint-etienne-lyon-l-arbitre-francois-letexier-a-reconnu-une-erreur-tolisso-encore-fou-de-rage-20250421\" target=\"_blank\" data-fig-type=\"NewsFlash\" rel=\"noopener\" data-gtm-custom-categorie=\"navigation\" data-gtm-custom-action=\"crossclick\" data-gtm-custom-label=\"Contextuel\" data-gtm-event=\"customEventSPE\" data-fig-domain=\"LEFIGARO\">\u00a0l&rsquo;AS Saint-\u00c9tienne<\/a>\u00a0(L1) a assur\u00e9 mercredi qu&rsquo;il appliquerait d\u00e9sormais une \u00abtol\u00e9rance z\u00e9ro\u00bb pour des commentaires discriminants ou diffamants sur les r\u00e9seaux sociaux, qu&rsquo;il bloquera sur son compte officiel et signalera aux plateformes de diffusion, voire aux autorit\u00e9s.<\/p>\n<p class=\"fig-paragraph\">Afin de \u00abprot\u00e9ger joueurs, joueuses et salari\u00e9(e)s victimes de remarques cibl\u00e9es et insultantes\u00bb relevant de comportements \u00abd\u00e9plac\u00e9s\u00bb ou \u00abracistes, misogynes ou homophobes\u00bb, \u00abet pour pallier le manque, sinon l&rsquo;absence de mod\u00e9ration des plateformes, l&rsquo;ASSE appliquera d\u00e9sormais une tol\u00e9rance z\u00e9ro\u00bb, lit-on dans un communiqu\u00e9 du club. \u00abD\u00e9sormais, tout commentaire discriminant ou diffamant sera suivi d&rsquo;un blocage syst\u00e9matique par le compte officiel du club ainsi que d&rsquo;un signalement aupr\u00e8s de la plateforme sur laquelle le commentaire aura \u00e9t\u00e9 d\u00e9pos\u00e9, voire aux autorit\u00e9s\u00bb, avertit le club des Verts.<\/p>\n<p class=\"fig-paragraph\">\u00abOn assiste ces derniers mois \u00e0 une augmentation du nombre de commentaires d\u00e9sobligeants qui m\u00e9riteraient un bannissement de leurs auteurs\u00bb, explique \u00e0 l&rsquo;AFP la direction de la communication de l&rsquo;ASSE qui pr\u00e9cise appliquer cette nouvelle politique depuis mardi. Elle ajoute que le club \u00absoutiendra et accompagnera le joueur, la joueuse ou le ou la salari\u00e9(e) vis\u00e9(e) dans ses \u00e9ventuelles proc\u00e9dures judiciaires\u00bb, annon\u00e7ant, sans plus de d\u00e9tail, qu&rsquo;un de ses salari\u00e9s victime de harc\u00e8lements r\u00e9p\u00e9t\u00e9s a engag\u00e9 une d\u00e9marche p\u00e9nale.<\/p>\n<p>Blocages et signalements<\/p>\n<p class=\"fig-paragraph\">\u00abTout en continuant \u00e0 accepter la critique\u00bb, l&rsquo;AS Saint-\u00c9tienne pr\u00e9vient qu&rsquo;elle r\u00e9pliquera par des blocages et signalements pour les commentaires relevant de toute forme de discrimination, telles que racisme, homophobie et transphobie, sexisme et misogynie, discrimination religieuse, diffamation, incitation \u00e0 la violence, \u00e0 la haine ou au harc\u00e8lement, a d\u00e9taill\u00e9 l&rsquo;ASSE \u00e0 l&rsquo;AFP. Une source polici\u00e8re a indiqu\u00e9 \u00e0 l&rsquo;AFP avoir constat\u00e9 une \u00abinflation de commentaires d\u00e9plac\u00e9s sur les r\u00e9seaux sociaux\u00bb \u00e0 la suite de l&rsquo;interruption du derby de dimanche remport\u00e9 (2-1) par l&rsquo;ASSE face \u00e0 l&rsquo;Olympique lyonnais.<\/p>\n<p class=\"fig-paragraph\">\u00abDes adeptes de la th\u00e9orie de complot se sont en effet exprim\u00e9s sans r\u00e9serve\u00bb apr\u00e8s qu&rsquo;une pi\u00e8ce de monnaie eut \u00e9t\u00e9 lanc\u00e9e sur le cr\u00e2ne d&rsquo;un des arbitres de la rencontre, provoquant l&rsquo;interruption du match. Le supporter st\u00e9phanois soup\u00e7onn\u00e9 d&rsquo;avoir commis ce geste, plac\u00e9 sous contr\u00f4le judiciaire,<a href=\"http:\/\/www.lefigaro.fr\/sports\/football\/ligue-1\/saint-etienne-lyon-le-supporter-de-l-asse-qui-a-cause-l-interruption-du-derby-sera-juge-le-13-octobre-20250422\" target=\"_blank\" data-fig-type=\"NewsFlash\" rel=\"noopener\" data-gtm-custom-categorie=\"navigation\" data-gtm-custom-action=\"crossclick\" data-gtm-custom-label=\"Contextuel\" data-gtm-event=\"customEventSPE\" data-fig-domain=\"LEFIGARO\">\u00a0sera jug\u00e9 le 13 octobre \u00e0 Saint-\u00c9tienne<\/a>\u00a0notamment pour \u00abviolences aggrav\u00e9es\u00bb et \u00abjet de projectiles pr\u00e9sentant un danger\u00bb.<\/p>\n","protected":false},"excerpt":{"rendered":"L\u2019ASSE a assur\u00e9 ce mercredi, via un communiqu\u00e9, qu\u2019elle allait appliquer de nouvelles mesures pour lutter contre la&hellip;\n","protected":false},"author":2,"featured_media":47366,"comment_status":"","ping_status":"","sticky":false,"template":"","format":"standard","meta":{"footnotes":""},"categories":[9653],"tags":[1111,11,444,2430,525,1981,814,1777,674,2257,63,1011,27,3309,66,1307,955,12,1176,978,93,25,1980,4001],"class_list":{"0":"post-47365","1":"post","2":"type-post","3":"status-publish","4":"format-standard","5":"has-post-thumbnail","7":"category-saint-etienne","8":"tag-actu","9":"tag-actualites","10":"tag-as-saint-etienne","11":"tag-auvergne-rhone-alpes","12":"tag-calendrier","13":"tag-classement","14":"tag-direct","15":"tag-eu","16":"tag-europe","17":"tag-foot","18":"tag-football","19":"tag-fr","20":"tag-france","21":"tag-l1","22":"tag-ligue-1","23":"tag-lille","24":"tag-match","25":"tag-news","26":"tag-olympique-de-marseille","27":"tag-olympique-lyonnais","28":"tag-psg","29":"tag-republique-francaise","30":"tag-resultats","31":"tag-saint-etienne"},"share_on_mastodon":{"url":"https:\/\/pubeurope.com\/@fr\/114388976513042676","error":""},"_links":{"self":[{"href":"https:\/\/www.europesays.com\/fr\/wp-json\/wp\/v2\/posts\/47365","targetHints":{"allow":["GET"]}}],"collection":[{"href":"https:\/\/www.europesays.com\/fr\/wp-json\/wp\/v2\/posts"}],"about":[{"href":"https:\/\/www.europesays.com\/fr\/wp-json\/wp\/v2\/types\/post"}],"author":[{"embeddable":true,"href":"https:\/\/www.europesays.com\/fr\/wp-json\/wp\/v2\/users\/2"}],"replies":[{"embeddable":true,"href":"https:\/\/www.europesays.com\/fr\/wp-json\/wp\/v2\/comments?post=47365"}],"version-history":[{"count":0,"href":"https:\/\/www.europesays.com\/fr\/wp-json\/wp\/v2\/posts\/47365\/revisions"}],"wp:featuredmedia":[{"embeddable":true,"href":"https:\/\/www.europesays.com\/fr\/wp-json\/wp\/v2\/media\/47366"}],"wp:attachment":[{"href":"https:\/\/www.europesays.com\/fr\/wp-json\/wp\/v2\/media?parent=47365"}],"wp:term":[{"taxonomy":"category","embeddable":true,"href":"https:\/\/www.europesays.com\/fr\/wp-json\/wp\/v2\/categories?post=47365"},{"taxonomy":"post_tag","embeddable":true,"href":"https:\/\/www.europesays.com\/fr\/wp-json\/wp\/v2\/tags?post=47365"}],"curies":[{"name":"wp","href":"https:\/\/api.w.org\/{rel}","templated":true}]}}