{"id":473668,"date":"2025-10-19T00:29:17","date_gmt":"2025-10-19T00:29:17","guid":{"rendered":"https:\/\/www.europesays.com\/fr\/473668\/"},"modified":"2025-10-19T00:29:17","modified_gmt":"2025-10-19T00:29:17","slug":"dans-son-clip-tourne-pres-de-guingamp-ce-rappeur-parle-deag-de-ses-souvenirs-et-de-sa-mamie","status":"publish","type":"post","link":"https:\/\/www.europesays.com\/fr\/473668\/","title":{"rendered":"Dans son clip tourn\u00e9 pr\u00e8s de Guingamp, ce rappeur parle d\u2019EAG de ses souvenirs et de sa mamie"},"content":{"rendered":"<p>Vous avez \u00e9crit et fait un clip qui s\u2019appelle \u00ab\u00a0Guingamp en 2003\u00a0\u00bb. Qu\u2019est-ce que \u00e7a raconte\u00a0?<\/p>\n<p>J\u2019ai grandi \u00e0 Saint-Laurent et aujourd\u2019hui, j\u2019ai 31 ans. \u00ab\u00a0Guingamp en 2003\u00a0\u00bb, c\u2019est un souvenir pr\u00e9cis de mon enfance. Je me souviens d\u2019aller \u00e0 Roudourou, aux entra\u00eenements avec mon p\u00e8re pour voir Drogba et Malouda, essayer de r\u00e9cup\u00e9rer des autographes. Lors de leurs transferts \u00e0 Marseille et Lyon, on \u00e9tait super fier de dire qu\u2019ils venaient de Guingamp. Apr\u00e8s, il y a eu la g\u00e9n\u00e9ration Beauvue mais \u00e7a a une saveur diff\u00e9rente de quand on est enfant. Je parle aussi de ma grand-m\u00e8re, <a href=\"https:\/\/www.letelegramme.fr\/cotes-d-armor\/runan-22260\/spanpierrette-boucherspan-nommee-maire-honoraire-2323998.php\" target=\"_blank\" rel=\"nofollow noopener\">ancienne maire de Runan (1986-2001)<\/a> dans la chanson.<\/p>\n<p>Justement, votre grand-m\u00e8re, Pierrette Boucher, appara\u00eet aussi dans le clip\u2026<\/p>\n<p>C\u2019est vrai, il y a beaucoup de plans dans sa cuisine. Elle a 88 ans et elle s\u2019est pr\u00eat\u00e9e au jeu. L\u00e0 encore, cette pi\u00e8ce, c\u2019est tr\u00e8s symbolique. J\u2019ai souhait\u00e9 garder une trace de tout \u00e7a. On a pass\u00e9 une journ\u00e9e hyper chouette avec mes potes que j\u2019ai ramen\u00e9s \u00e0 Runan. On a tourn\u00e9, discut\u00e9, mang\u00e9. Ce n\u2019\u00e9tait pas pr\u00e9vu de faire autant d\u2019images mais \u00e7a rendait tellement bien qu\u2019on a insist\u00e9.<\/p>\n<\/p>\n<p>Comment un jeune gar\u00e7on de la campagne guingampaise commence \u00e0 faire du rap\u00a0?<\/p>\n<p>Au coll\u00e8ge, j\u2019avais un surveillant qui avait un groupe. Je me suis rendu compte qu\u2019il \u00e9tait possible d\u2019\u00eatre rappeur m\u00eame en venant de Guingamp. La d\u00e9couverte d\u2019Orelsan a aussi jou\u00e9 avec des textes o\u00f9 je me reconnaissais. Vivre en campagne, parler de ses histoires de familles, s\u2019ennuyer car on n\u2019a pas les m\u00eames activit\u00e9s qu\u2019en ville, tout \u00e7a me parle. \u00ab\u00a0Guingamp en 2003\u00a0\u00bb, c\u2019est tout \u00e7a.<\/p>\n<p>Qu\u2019est-ce que \u00e7a vous apporte de faire du rap\u00a0?<\/p>\n<p>C\u2019est une photo de ma vie \u00e0 30 ans\u00a0: est-ce que je dois me poser, est-ce qu\u2019il est temps d\u2019avoir des enfants\u00a0? \u00c0 mon \u00e2ge, on voit des gens avec qui tu as grandi qui se sont mari\u00e9s, ont construit des enfants. J\u2019ai parfois l\u2019impression d\u2019\u00eatre \u00e0 la bourre mais finalement, chacun son rythme. J\u2019ai besoin de faire de la musique, je suis assez solitaire. \u00c7a me fait du bien je peux raconter des id\u00e9es, des trucs que je pense.<\/p>\n<p>Pourquoi avoir choisi le nom d\u2019artiste Pedro Surplus\u00a0?<\/p>\n<p>Pedro Surplus, c\u2019est un nom de personnage dans le livre de Raymond Queneau \u00ab\u00a0Zazie dans le m\u00e9tro\u00a0\u00bb. Et dans le livre, Zazie vient \u00e0 Paris et il lui arrive plein d\u2019aventures rocambolesques. Puis, il y a ce personnage Pedro Surplus, qui change d\u2019apparence tout le temps\u00a0: un coup il est prisonnier, l\u2019autre il fait la circulation dans la rue, il a plusieurs facettes et \u00e7a me parle. \u00c0 travers le rap, j\u2019ose dire des choses que je n\u2019oserais probablement pas dire en soci\u00e9t\u00e9. Je trouve que faire du rap lisse comme on voit actuellement a peu d\u2019int\u00e9r\u00eat.<\/p>\n<p>Pratique<\/p>\n","protected":false},"excerpt":{"rendered":"Vous avez \u00e9crit et fait un clip qui s\u2019appelle \u00ab\u00a0Guingamp en 2003\u00a0\u00bb. Qu\u2019est-ce que \u00e7a raconte\u00a0? J\u2019ai grandi&hellip;\n","protected":false},"author":2,"featured_media":473669,"comment_status":"","ping_status":"","sticky":false,"template":"","format":"standard","meta":{"footnotes":""},"categories":[1355],"tags":[251,58,59,1011,27,4044,1361,873,59704,13507],"class_list":{"0":"post-473668","1":"post","2":"type-post","3":"status-publish","4":"format-standard","5":"has-post-thumbnail","7":"category-musique","8":"tag-culture","9":"tag-divertissement","10":"tag-entertainment","11":"tag-fr","12":"tag-france","13":"tag-guingamp","14":"tag-music","15":"tag-musique","16":"tag-runan","17":"tag-saint-laurent"},"share_on_mastodon":{"url":"https:\/\/pubeurope.com\/@fr\/115398008034888234","error":""},"_links":{"self":[{"href":"https:\/\/www.europesays.com\/fr\/wp-json\/wp\/v2\/posts\/473668","targetHints":{"allow":["GET"]}}],"collection":[{"href":"https:\/\/www.europesays.com\/fr\/wp-json\/wp\/v2\/posts"}],"about":[{"href":"https:\/\/www.europesays.com\/fr\/wp-json\/wp\/v2\/types\/post"}],"author":[{"embeddable":true,"href":"https:\/\/www.europesays.com\/fr\/wp-json\/wp\/v2\/users\/2"}],"replies":[{"embeddable":true,"href":"https:\/\/www.europesays.com\/fr\/wp-json\/wp\/v2\/comments?post=473668"}],"version-history":[{"count":0,"href":"https:\/\/www.europesays.com\/fr\/wp-json\/wp\/v2\/posts\/473668\/revisions"}],"wp:featuredmedia":[{"embeddable":true,"href":"https:\/\/www.europesays.com\/fr\/wp-json\/wp\/v2\/media\/473669"}],"wp:attachment":[{"href":"https:\/\/www.europesays.com\/fr\/wp-json\/wp\/v2\/media?parent=473668"}],"wp:term":[{"taxonomy":"category","embeddable":true,"href":"https:\/\/www.europesays.com\/fr\/wp-json\/wp\/v2\/categories?post=473668"},{"taxonomy":"post_tag","embeddable":true,"href":"https:\/\/www.europesays.com\/fr\/wp-json\/wp\/v2\/tags?post=473668"}],"curies":[{"name":"wp","href":"https:\/\/api.w.org\/{rel}","templated":true}]}}