{"id":473677,"date":"2025-10-19T00:36:25","date_gmt":"2025-10-19T00:36:25","guid":{"rendered":"https:\/\/www.europesays.com\/fr\/473677\/"},"modified":"2025-10-19T00:36:25","modified_gmt":"2025-10-19T00:36:25","slug":"statut-du-bailleur-prive-dans-le-budget-2026-lappel-de-phare-du-ministre-du-logement-a-un-secteur-exsangue-liberation","status":"publish","type":"post","link":"https:\/\/www.europesays.com\/fr\/473677\/","title":{"rendered":"\u00abStatut du bailleur priv\u00e9\u00bb : dans le budget 2026, l\u2019appel de phare du ministre du Logement \u00e0 un secteur exsangue &#8211; Lib\u00e9ration"},"content":{"rendered":"<ol>\n<li><a href=\"https:\/\/news.google.com\/rss\/articles\/CBMilAJBVV95cUxPRF9QTE5SOTRseVppOEdYTklyMnVEdDZfaVRUREoxZldBOEpKYVprU3lKWGkwVkVBZlR0NTdsSHdCZ0VxZkQ1cVR4Smg3UTVjX2RvcktjR25Qdl9pWS1ITFhBb2FPSFpBejFRSWRXUGQtODJDNTVaQm92SEFGTGdYaWdCSjFZcW1XZnBBRV82Z1hVV0d3NTBSVGx3a1B0d29oWmxYRXNSQmNrXzU5RFZTWlBleEpvY2hfeXBwb0xZMmVSMlpmTF9ES0FDWjJGM1FIbWFVNlUxWGdTWXhGYUt1TXp5X2ViOENucmNGM1Q0RlZSU3lKeGtRSmVlVHJ0UTFZbmV4bHM5SHRXQ2l3a2owRDU1U2U?oc=5\" target=\"_blank\" rel=\"noopener\">\u00abStatut du bailleur priv\u00e9\u00bb : dans le budget 2026, l\u2019appel de phare du ministre du Logement \u00e0 un secteur exsangue<\/a>&nbsp;&nbsp;Lib\u00e9ration<\/li>\n<li><a href=\"https:\/\/news.google.com\/rss\/articles\/CBMi9wFBVV95cUxOaDNFcFo2ZkotM1h4bDlibjR3WFRraURUb09xMHNOaEJ0NmxIdFBCZ0FRWmUtTXRPdUVyTUJaQ0ZMRm5EYjJmQTRmV1JvX1dFczFpTXlLTThFdThLaUNreXF6aUVPb0NSY1Q2cGN1bkVQRnNGM2hXNDI1cHN0a1F2LVVIYkZCUnlqZGxhVVpHY1VzdGhLaENhQmJGYWgtb2V2MDRuMXlZMjgxLXpHeVZ5Nm96eXhGTUdUam5IOVhqZG5NMGVYeGFwb1ZJNTJqRV9OdC1YZk5IeGhrX1dIUkVkdTBPc05WXzRVT0Y4enB5TkRaNllOdjNv?oc=5\" target=\"_blank\" rel=\"noopener\">\u00ab Un signal fort \u00bb : apr\u00e8s le Pinel, le gouvernement pr\u00e9pare un nouvel avantage fiscal pour encourager les propri\u00e9taires \u00e0 louer<\/a>&nbsp;&nbsp;Nice-Matin<\/li>\n<li><a href=\"https:\/\/news.google.com\/rss\/articles\/CBMi-gFBVV95cUxQdGhxckRENV9CaUtRbnFRTGZrTzBPVFg0UzdNRFcwV3FiaWtacFVHb09uMTM4cVliN3UwTTlLVWgxTlV5YTlZSHB4Q2ZOX3VPSVZQV1dCeW4zb3JGSlZKdDM3UHBuaTFQRHVXNl96d2hjYlM4dUROTmUwQV9MNi1FOE4tdHVoc1E1WTBRckFHcVpZLXpMNHdldDhEeGRRMmw4S1RLQlo1Y1JzUEczWHpQZ0JtUTZES3p1enlIS2xtUlMxS0lWTFd4eE5GWjI0YmdtY0tlbi11MzFEVG8zUUQzQ203SmFSeVoxU0VUVWZ2R2dDaEJCOXU4VWx3?oc=5\" target=\"_blank\" rel=\"noopener\">Budget 2026 : le gouvernement va finalement proposer un statut fiscal privil\u00e9gi\u00e9 pour les propri\u00e9taires bailleurs<\/a>&nbsp;&nbsp;Les Echos<\/li>\n<li><a href=\"https:\/\/news.google.com\/rss\/articles\/CBMizwFBVV95cUxNam1ZWGhNVUM2ZG0ydlp4eXp0ZDhiUXMwZnEzQ2tZZHprTjZxYkdLNmtTcGg1dW01R3NvaWtjMFRjXy11Z0F5cURjUEg2bGJuSkJQMXphQ3RLWEZOOHNvNUlRX04yaENaTURQZ2pzX2NPNzZDTTNVYWp3VEpnaXhMS1ZYclhkemNXRUY2Qm5pMFltRDVjYzJ5ZTFYWnFnQmdXREZWbWt6RGI5b3dzc2UwSGZYTE1EMnpTMEtwbDlhQ21Dd0F6Q1VHM3pkM0htbkE?oc=5\" target=\"_blank\" rel=\"noopener\">Investissement locatif : le statut fiscal du bailleur priv\u00e9 sera dans le budget<\/a>&nbsp;&nbsp;La Tribune<\/li>\n<li><a href=\"https:\/\/news.google.com\/rss\/articles\/CBMi6wFBVV95cUxPWkpwWkRLTndIekVfOXhaN0NEV3BKTnMzdUxMVEtLMTR0ZS04c25aNVFia0hyOUZDeW0tWGVtRlo5ZloxMVVsR1VCaWx3cHdwQ0FheUVGQVZMRkRiMzNFdWVQWFdHdWtOdWpjRWM4LVdBeW9BUmxjdzByT2RscDdPUFJoT1hLdjkwUkhOdTJRUFZrNlRWSW1Jc0M5R2VGN0VHaktxSlAyT0R6bFc2VnUyTUJVMmpKS2s2aGswM2R5R3hqZDhCbnhEandmRDM0UEFBR3NzNGV2RlI3Q3hNeHBaQlZqMnROTUxLTnBn?oc=5\" target=\"_blank\" rel=\"noopener\">L\u2019incitation fiscale \u00e0 investir dans le logement, supprim\u00e9e dans le budget 2026, va finalement \u00eatre propos\u00e9e<\/a>&nbsp;&nbsp;Figaro Immobilier<\/li>\n<\/ol>\n","protected":false},"excerpt":{"rendered":"\u00abStatut du bailleur priv\u00e9\u00bb : dans le budget 2026, l\u2019appel de phare du ministre du Logement \u00e0 un&hellip;\n","protected":false},"author":2,"featured_media":473678,"comment_status":"","ping_status":"","sticky":false,"template":"","format":"standard","meta":{"footnotes":""},"categories":[6],"tags":[35,59705,33,34,1011,27,418,3784,316,9026,24577],"class_list":{"0":"post-473677","1":"post","2":"type-post","3":"status-publish","4":"format-standard","5":"has-post-thumbnail","7":"category-economie","8":"tag-business","9":"tag-denis-allard","10":"tag-economie","11":"tag-economy","12":"tag-fr","13":"tag-france","14":"tag-gouvernement","15":"tag-ministre","16":"tag-politique","17":"tag-portrait","18":"tag-reunion"},"share_on_mastodon":{"url":"https:\/\/pubeurope.com\/@fr\/115398035599681876","error":""},"_links":{"self":[{"href":"https:\/\/www.europesays.com\/fr\/wp-json\/wp\/v2\/posts\/473677","targetHints":{"allow":["GET"]}}],"collection":[{"href":"https:\/\/www.europesays.com\/fr\/wp-json\/wp\/v2\/posts"}],"about":[{"href":"https:\/\/www.europesays.com\/fr\/wp-json\/wp\/v2\/types\/post"}],"author":[{"embeddable":true,"href":"https:\/\/www.europesays.com\/fr\/wp-json\/wp\/v2\/users\/2"}],"replies":[{"embeddable":true,"href":"https:\/\/www.europesays.com\/fr\/wp-json\/wp\/v2\/comments?post=473677"}],"version-history":[{"count":0,"href":"https:\/\/www.europesays.com\/fr\/wp-json\/wp\/v2\/posts\/473677\/revisions"}],"wp:featuredmedia":[{"embeddable":true,"href":"https:\/\/www.europesays.com\/fr\/wp-json\/wp\/v2\/media\/473678"}],"wp:attachment":[{"href":"https:\/\/www.europesays.com\/fr\/wp-json\/wp\/v2\/media?parent=473677"}],"wp:term":[{"taxonomy":"category","embeddable":true,"href":"https:\/\/www.europesays.com\/fr\/wp-json\/wp\/v2\/categories?post=473677"},{"taxonomy":"post_tag","embeddable":true,"href":"https:\/\/www.europesays.com\/fr\/wp-json\/wp\/v2\/tags?post=473677"}],"curies":[{"name":"wp","href":"https:\/\/api.w.org\/{rel}","templated":true}]}}