{"id":473679,"date":"2025-10-19T00:37:13","date_gmt":"2025-10-19T00:37:13","guid":{"rendered":"https:\/\/www.europesays.com\/fr\/473679\/"},"modified":"2025-10-19T00:37:13","modified_gmt":"2025-10-19T00:37:13","slug":"selon-les-etats-unis-le-hamas-preparerait-une-attaque-contre-des-civils-a-gaza","status":"publish","type":"post","link":"https:\/\/www.europesays.com\/fr\/473679\/","title":{"rendered":"Selon les \u00c9tats-Unis, le Hamas pr\u00e9parerait une attaque contre des civils \u00e0 Gaza"},"content":{"rendered":"<p>\n    Le d\u00e9partement d\u2019\u00c9tat am\u00e9ricain a fait savoir que si le Hamas passait \u00e0 l\u2019acte, \u00abdes mesures seront prises pour prot\u00e9ger la population de Gaza et pr\u00e9server l\u2019int\u00e9grit\u00e9 du cessez-le-feu\u00bb.<\/p>\n<p class=\"fig-paragraph\">Le d\u00e9partement d&rsquo;\u00c9tat a indiqu\u00e9 ,samedi, disposer d&rsquo;\u00abinformations cr\u00e9dibles\u00bb selon lesquelles le mouvement islamiste palestinien Hamas pr\u00e9parait une attaque imminente contre des\u00a0<a href=\"http:\/\/www.lefigaro.fr\/international\/otages-a-gaza-le-hamas-va-rendre-deux-nouvelles-depouilles-ce-samedi-soir-20251018\" data-fig-type=\"NewsFlash\" data-gtm-custom-categorie=\"navigation\" data-gtm-custom-action=\"crossclick\" data-gtm-custom-label=\"Contextuel\" data-gtm-event=\"customEventSPE\" data-fig-domain=\"LEFIGARO\" target=\"_blank\" rel=\"noopener\">civils \u00e0 Gaza<\/a>, ce qui serait une \u00abviolation du cessez-le-feu\u00bb, souligne-t-il.<\/p>\n<p class=\"fig-paragraph\">\u00abCette attaque planifi\u00e9e contre des civils palestiniens constituerait une violation directe et grave de l&rsquo;accord de cessez-le-feu et compromettrait les progr\u00e8s significatifs r\u00e9alis\u00e9s gr\u00e2ce aux efforts de m\u00e9diation\u00bb, a d\u00e9clar\u00e9 le d\u00e9partement d&rsquo;\u00c9tat dans un communiqu\u00e9. \u00abSi le Hamas r\u00e9alise cette attaque, des mesures seront prises pour prot\u00e9ger la population de Gaza et pr\u00e9server l&rsquo;int\u00e9grit\u00e9 du cessez-le-feu\u00bb, ajoute-t-il.<\/p>\n<p>                                    <a class=\"fig-a11y-skip a11y-hidden\" href=\"#fig-a11y-skip-main-inarticle\"><br \/>\n        Passer la publicit\u00e9<br \/>\n    <\/a><\/p>\n<p class=\"fig-paragraph\">Le communiqu\u00e9 ne d\u00e9taille pas ces mesures, alors que le pr\u00e9sident Trump a d\u00e9j\u00e0 menac\u00e9 le Hamas de repr\u00e9sailles apr\u00e8s l\u2019ex\u00e9cution de civils cette semaine. \u00abSi le Hamas continue \u00e0 tuer des gens \u00e0 Gaza, ce qui n\u2019\u00e9tait pas pr\u00e9vu dans l\u2019accord, nous n\u2019aurons pas d\u2019autre choix que d\u2019aller les tuer\u00bb, a, de son c\u00f4t\u00e9, \u00e9crit jeudi le pr\u00e9sident am\u00e9ricain sur son r\u00e9seau Truth Social. Il n\u2019a pas pr\u00e9cis\u00e9 qui serait charg\u00e9 de cette potentielle op\u00e9ration.<\/p>\n<p>Des ex\u00e9cutions sommaires de \u00abcollaborateurs\u00bb<\/p>\n<p class=\"fig-paragraph\">Le Hamas et Isra\u00ebl ont convenu la semaine derni\u00e8re d\u2019un accord de paix par \u00e9tapes par lequel Isra\u00ebl devait mettre fin \u00e0 son offensive militaire \u00e0 Gaza en \u00e9change de la lib\u00e9ration des otages encore d\u00e9tenus par le Hamas apr\u00e8s l\u2019attaque du 7 octobre 2023. La premi\u00e8re phase de l\u2019accord, impliquant la lib\u00e9ration des otages vivants &#8211; et le retour des d\u00e9pouilles des otages morts \u2014 est en cours de mise en \u0153uvre.<\/p>\n<p class=\"fig-paragraph\">Washington a d\u00e9clar\u00e9 avoir inform\u00e9 les garants de l\u2019accord de paix &#8211; parmi lesquels les \u00c9tats-Unis, l\u2019\u00c9gypte, le Qatar et la Turquie &#8211; de la \u00abviolation imminente du cessez-le-feu par le Hamas\u00bb. Le mouvement palestinien a voulu resserrer son emprise sur la bande de Gaza d\u00e9vast\u00e9e cette semaine avec une campagne de repr\u00e9sailles et des ex\u00e9cutions de personnes soup\u00e7onn\u00e9es d\u2019avoir collabor\u00e9 avec Isra\u00ebl. Le Hamas a diffus\u00e9 mardi une vid\u00e9o montrant des ex\u00e9cutions sommaires de \u00abcollaborateurs\u00bb pr\u00e9sum\u00e9s en pleine rue \u00e0 Gaza-ville.<\/p>\n","protected":false},"excerpt":{"rendered":"Le d\u00e9partement d\u2019\u00c9tat am\u00e9ricain a fait savoir que si le Hamas passait \u00e0 l\u2019acte, \u00abdes mesures seront prises&hellip;\n","protected":false},"author":2,"featured_media":473680,"comment_status":"","ping_status":"","sticky":false,"template":"","format":"standard","meta":{"footnotes":""},"categories":[5],"tags":[11,73,1011,27,665,3519,14,12,28],"class_list":{"0":"post-473679","1":"post","2":"type-post","3":"status-publish","4":"format-standard","5":"has-post-thumbnail","7":"category-international","8":"tag-actualites","9":"tag-etats-unis","10":"tag-fr","11":"tag-france","12":"tag-gaza","13":"tag-hamas","14":"tag-international","15":"tag-news","16":"tag-world"},"share_on_mastodon":{"url":"https:\/\/pubeurope.com\/@fr\/115398039694711365","error":""},"_links":{"self":[{"href":"https:\/\/www.europesays.com\/fr\/wp-json\/wp\/v2\/posts\/473679","targetHints":{"allow":["GET"]}}],"collection":[{"href":"https:\/\/www.europesays.com\/fr\/wp-json\/wp\/v2\/posts"}],"about":[{"href":"https:\/\/www.europesays.com\/fr\/wp-json\/wp\/v2\/types\/post"}],"author":[{"embeddable":true,"href":"https:\/\/www.europesays.com\/fr\/wp-json\/wp\/v2\/users\/2"}],"replies":[{"embeddable":true,"href":"https:\/\/www.europesays.com\/fr\/wp-json\/wp\/v2\/comments?post=473679"}],"version-history":[{"count":0,"href":"https:\/\/www.europesays.com\/fr\/wp-json\/wp\/v2\/posts\/473679\/revisions"}],"wp:featuredmedia":[{"embeddable":true,"href":"https:\/\/www.europesays.com\/fr\/wp-json\/wp\/v2\/media\/473680"}],"wp:attachment":[{"href":"https:\/\/www.europesays.com\/fr\/wp-json\/wp\/v2\/media?parent=473679"}],"wp:term":[{"taxonomy":"category","embeddable":true,"href":"https:\/\/www.europesays.com\/fr\/wp-json\/wp\/v2\/categories?post=473679"},{"taxonomy":"post_tag","embeddable":true,"href":"https:\/\/www.europesays.com\/fr\/wp-json\/wp\/v2\/tags?post=473679"}],"curies":[{"name":"wp","href":"https:\/\/api.w.org\/{rel}","templated":true}]}}