{"id":473683,"date":"2025-10-19T00:39:16","date_gmt":"2025-10-19T00:39:16","guid":{"rendered":"https:\/\/www.europesays.com\/fr\/473683\/"},"modified":"2025-10-19T00:39:16","modified_gmt":"2025-10-19T00:39:16","slug":"deces-de-lacteur-lyad-smain-a-seulement-27-ans","status":"publish","type":"post","link":"https:\/\/www.europesays.com\/fr\/473683\/","title":{"rendered":"d\u00e9c\u00e8s de l\u2019acteur Lyad Smain \u00e0 seulement 27\u00a0ans"},"content":{"rendered":"<p>        <img decoding=\"async\" loading=\"lazy\" src=\"https:\/\/www.europesays.com\/fr\/wp-content\/uploads\/2025\/10\/baa7366_1724227639513-70b95cbbc0faf08adf2602326057d455723cbfc78a81b64ecb6252d7efc4cb96.jpg\"  width=\"728\" height=\"410\" alt=\"L\u2019un des acteurs du feuilleton de France T\u00e9l\u00e9visions \u00ab\u00a0Un si grand soleil\u00a0\u00bb est d\u00e9c\u00e9d\u00e9.\"\/>  <\/p>\n<p>Fabien MALOT \/ France T\u00e9l\u00e9visions <\/p>\n<p>L\u2019un des acteurs du feuilleton de France T\u00e9l\u00e9visions \u00ab\u00a0Un si grand soleil\u00a0\u00bb est d\u00e9c\u00e9d\u00e9.<\/p>\n<p class=\"asset asset-text\">D\u00c9C\u00c8S &#8211; Il incarnait le personnage de Steve dans Un si grand soleil sur <a href=\"https:\/\/www.huffingtonpost.fr\/medias\/article\/le-20h-est-en-train-de-couler-a-france-televisions-les-remous-depassent-le-cas-de-lea-salame_256045.html\" target=\"_blank\" rel=\"noopener\">France T\u00e9l\u00e9visions<\/a>. L\u2019acteur Lyad Smain\u00a0est d\u00e9c\u00e9d\u00e9 subitement \u00e0 l\u2019\u00e2ge de 27\u00a0ans, a annonc\u00e9 l\u2019\u00e9quipe de production du <a href=\"https:\/\/www.huffingtonpost.fr\/culture\/article\/un-si-grand-soleil-sur-france-3-a-trouve-le-meilleur-moyen-d-etre-raccord-avec-le-tour-de-france_251268.html\" target=\"_blank\" rel=\"noopener\">feuilleton<\/a>\u00a0sur ses r\u00e9seaux sociaux ce samedi 18\u00a0octobre.<\/p>\n<p class=\"asset asset-text\">\u00ab\u00a0C\u2019est avec une profonde tristesse que nous avons appris le d\u00e9c\u00e8s de Lyad Smain.\u00a0Son talent, sa g\u00e9n\u00e9rosit\u00e9 et son sourire resteront grav\u00e9s dans nos m\u00e9moires et dans le c\u0153ur de toute l\u2019\u00e9quipe. Nous pensons tr\u00e8s fort \u00e0 sa famille, \u00e0 ses proches et \u00e0 tous ceux qui ont eu la chance de croiser sa route. Merci pour tout, Lyad\u00a0\u00bb, est-il \u00e9crit dans la publication, accompagn\u00e9e d\u2019une photo o\u00f9 l\u2019on voit sourire l\u2019acteur originaire de N\u00eemes.<\/p>\n<p> La lecture de ce contenu est susceptible d\u2019entra\u00eener un d\u00e9p\u00f4t de cookies de la part de l\u2019op\u00e9rateur tiers qui l\u2019h\u00e9berge. Compte-tenu des choix que vous avez exprim\u00e9s en mati\u00e8re de d\u00e9p\u00f4t de cookies, nous avons bloqu\u00e9 l\u2019affichage de ce contenu. Si vous souhaitez y acc\u00e9der, vous devez accepter la cat\u00e9gorie de cookies \u201cContenus tiers\u201d en cliquant sur le bouton ci-dessous. <\/p>\n<p> Lire la Vid\u00e9o        <\/p>\n<p class=\"asset asset-text\">Selon le p\u00e8re de l\u2019acteur, <a href=\"https:\/\/www.objectifgard.com\/actualites\/nimes-mort-de-lacteur-lyad-smain-les-confidences-de-son-pere-sabri-154320.php\" target=\"_blank\" rel=\"noopener\" title=\"Nouvelle fen\u00eatre\">qui s\u2019est confi\u00e9 au m\u00e9dia Objectif Gard<\/a>, son fils est mort \u00e0 Tokyo lors d\u2019un voyage au Japon. Il a appris sa mort par l\u2019ambassade de France. Le corps doit \u00eatre rapatri\u00e9 ce lundi en France, \u00e0 Marseille, avant une c\u00e9r\u00e9monie o\u00f9 il sera inhum\u00e9 \u00e0 N\u00eemes mercredi, et qui sera ouverte \u00e0 tous, <a href=\"https:\/\/www.leparisien.fr\/culture-loisirs\/tv\/mort-brutale-a-27-ans-de-lacteur-d-un-si-grand-soleil-lyad-smain-la-serie-lui-rend-hommage-18-10-2025-JMVJ2YQMKRF35HBFH4BUECIYPQ.php\" target=\"_blank\" rel=\"noopener\" title=\"Nouvelle fen\u00eatre\">indique Le Parisien<\/a>.<\/p>\n<p class=\"asset asset-text\">Dans Un si grand soleil, Lyad Smain incarnait le personnage de Steve Rosas, le petit ami de Camille Leoni, qui fr\u00e9quentait le lyc\u00e9e Gustave Flaubert \u00e0 Montpellier durant les saisons 4 et 5, entre 2021 et 2023.<\/p>\n<p class=\"asset asset-text\">Au cours de sa carri\u00e8re, le jeune acteur avait d\u00e9croch\u00e9 son premier r\u00f4le \u00e0 la t\u00e9l\u00e9vision dans le feuilleton <a href=\"https:\/\/www.huffingtonpost.fr\/justice\/article\/une-actrice-de-plus-belle-la-vie-porte-plainte-pour-viol-contre-un-osteopathe-une-enquete-ouverte_245149.html\" target=\"_blank\" rel=\"noopener\" title=\"Nouvelle fen\u00eatre\">Plus belle la vie<\/a>, pour le personnage de Victor, un immigr\u00e9 syrien qui tombe sous le charme d\u2019Antoine, un gar\u00e7on transgenre. \u00ab\u00a0Mes parents \u00e9taient tr\u00e8s fiers, ils se sont dit\u00a0:\u00a0\u201c\u00e7a y est, il se passe enfin quelque chose avec ce gamin\u201d\u00a0\u00bb, avait-il confi\u00e9 \u00e0\u00a0Objectif Gard en 2022, <a href=\"https:\/\/www.programme-tv.net\/news\/series-tv\/390089-mort-de-l-acteur-lyad-smain-un-si-grand-soleil-plus-belle-la-vie-a-seulement-27-ans\/\" target=\"_blank\" rel=\"noopener\" title=\"Nouvelle fen\u00eatre\">comme le rapporte T\u00e9l\u00e9-Loisirs<\/a>.<\/p>\n<p class=\"asset asset-text\">Il encha\u00eenera ensuite avec\u00a0la s\u00e9rie\u00a0Alice Nevers\u00a0: Le juge est une femme, dans laquelle il d\u00e9crochera un petit r\u00f4le, mais surtout Un si grand soleil, qu\u2019il rejoindra en 2021.<\/p>\n","protected":false},"excerpt":{"rendered":"Fabien MALOT \/ France T\u00e9l\u00e9visions L\u2019un des acteurs du feuilleton de France T\u00e9l\u00e9visions \u00ab\u00a0Un si grand soleil\u00a0\u00bb est&hellip;\n","protected":false},"author":2,"featured_media":473684,"comment_status":"","ping_status":"","sticky":false,"template":"","format":"standard","meta":{"footnotes":""},"categories":[2],"tags":[11,251,1011,27,4849,12,595],"class_list":{"0":"post-473683","1":"post","2":"type-post","3":"status-publish","4":"format-standard","5":"has-post-thumbnail","7":"category-actualites","8":"tag-actualites","9":"tag-culture","10":"tag-fr","11":"tag-france","12":"tag-morts-en-2025","13":"tag-news","14":"tag-serie-tv"},"share_on_mastodon":{"url":"https:\/\/pubeurope.com\/@fr\/115398047932451609","error":""},"_links":{"self":[{"href":"https:\/\/www.europesays.com\/fr\/wp-json\/wp\/v2\/posts\/473683","targetHints":{"allow":["GET"]}}],"collection":[{"href":"https:\/\/www.europesays.com\/fr\/wp-json\/wp\/v2\/posts"}],"about":[{"href":"https:\/\/www.europesays.com\/fr\/wp-json\/wp\/v2\/types\/post"}],"author":[{"embeddable":true,"href":"https:\/\/www.europesays.com\/fr\/wp-json\/wp\/v2\/users\/2"}],"replies":[{"embeddable":true,"href":"https:\/\/www.europesays.com\/fr\/wp-json\/wp\/v2\/comments?post=473683"}],"version-history":[{"count":0,"href":"https:\/\/www.europesays.com\/fr\/wp-json\/wp\/v2\/posts\/473683\/revisions"}],"wp:featuredmedia":[{"embeddable":true,"href":"https:\/\/www.europesays.com\/fr\/wp-json\/wp\/v2\/media\/473684"}],"wp:attachment":[{"href":"https:\/\/www.europesays.com\/fr\/wp-json\/wp\/v2\/media?parent=473683"}],"wp:term":[{"taxonomy":"category","embeddable":true,"href":"https:\/\/www.europesays.com\/fr\/wp-json\/wp\/v2\/categories?post=473683"},{"taxonomy":"post_tag","embeddable":true,"href":"https:\/\/www.europesays.com\/fr\/wp-json\/wp\/v2\/tags?post=473683"}],"curies":[{"name":"wp","href":"https:\/\/api.w.org\/{rel}","templated":true}]}}