{"id":473688,"date":"2025-10-19T00:44:16","date_gmt":"2025-10-19T00:44:16","guid":{"rendered":"https:\/\/www.europesays.com\/fr\/473688\/"},"modified":"2025-10-19T00:44:16","modified_gmt":"2025-10-19T00:44:16","slug":"premiere-defaite-pour-nanterre-en-championnat-nancy-samuse-face-a-limoges","status":"publish","type":"post","link":"https:\/\/www.europesays.com\/fr\/473688\/","title":{"rendered":"premi\u00e8re d\u00e9faite pour Nanterre en championnat, Nancy s\u2019amuse face \u00e0 Limoges"},"content":{"rendered":"<p>\n    Ce samedi, Nanterre a conc\u00e9d\u00e9 sa premi\u00e8re d\u00e9faite en championnat depuis le d\u00e9but de la saison. Nancy, de son c\u00f4t\u00e9, a \u00e9trill\u00e9 Limoges.<\/p>\n<p class=\"fig-paragraph\">Vainqueur de ses trois premiers matches,\u00a0<a href=\"http:\/\/www.lefigaro.fr\/sports\/basket\/basket-limoges-et-nanterre-confirment-en-signant-une-deuxieme-victoire-20251004\" target=\"_blank\" data-fig-type=\"NewsFlash\" rel=\"noopener\" data-gtm-custom-categorie=\"navigation\" data-gtm-custom-action=\"crossclick\" data-gtm-custom-label=\"Contextuel\" data-gtm-event=\"customEventSPE\" data-fig-domain=\"LEFIGARO\">Nanterre<\/a>\u00a0a conc\u00e9d\u00e9 sa premi\u00e8re d\u00e9faite de la saison sur le parquet de Strasbourg samedi (84-74), lors de la 4e journ\u00e9e d&rsquo;\u00c9lite de basket o\u00f9 Nancy a \u00e9trill\u00e9 Limoges.<\/p>\n<p class=\"fig-paragraph\">Malgr\u00e9 un bon d\u00e9part et un premier quart-temps \u00e0 leur avantage (26-17), les Franciliens n&rsquo;ont pas tenu la longueur face aux Alsaciens, emmen\u00e9s par les 24 points de leur meneur am\u00e9ricain Marcus Keene. Le pivot de Nanterre Mathis Dossou-Yovo n&rsquo;a pas \u00e9t\u00e9 en reste, inscrivant 25 points pour finir meilleur marqueur de la partie, mais les visiteurs n&rsquo;ont pas pu combler le retard accumul\u00e9 dans les deuxi\u00e8me et troisi\u00e8me quart-temps.<\/p>\n<p>                                    <a class=\"fig-a11y-skip a11y-hidden\" href=\"#fig-a11y-skip-main-inarticle\"><br \/>\n        Passer la publicit\u00e9<br \/>\n    <\/a><\/p>\n<p class=\"fig-paragraph\">Sur son parquet, Nancy a d\u00e9roul\u00e9 face \u00e0 Limoges, s&rsquo;imposant 117 \u00e0 85. Les 21 points de Nicolas Lang n&rsquo;ont pas pes\u00e9 lourd face au collectif nanc\u00e9ien dont six joueurs ont inscrit dix points ou plus.<\/p>\n<p class=\"fig-paragraph\">Dans les autres rencontres de l&rsquo;apr\u00e8s-midi, Boulazac s&rsquo;est impos\u00e9 face au Portel (75-68) et Cholet a battu Chalon-sur-Sa\u00f4ne (98-79), alors que Le Mans re\u00e7oit Bourg-en Bresse dans la soir\u00e9e. Seule \u00e9quipe encore invaincue depuis le d\u00e9but de la saison en championnat et leader provisoire, l&rsquo;Asvel re\u00e7oit Monaco dimanche, tandis que le Paris Basketball accueillera Dijon.<\/p>\n","protected":false},"excerpt":{"rendered":"Ce samedi, Nanterre a conc\u00e9d\u00e9 sa premi\u00e8re d\u00e9faite en championnat depuis le d\u00e9but de la saison. Nancy, de&hellip;\n","protected":false},"author":2,"featured_media":473689,"comment_status":"","ping_status":"","sticky":false,"template":"","format":"standard","meta":{"footnotes":""},"categories":[9635],"tags":[1111,11,1777,674,1011,27,775,2193,1702,10963,12,25],"class_list":{"0":"post-473688","1":"post","2":"type-post","3":"status-publish","4":"format-standard","5":"has-post-thumbnail","7":"category-nancy","8":"tag-actu","9":"tag-actualites","10":"tag-eu","11":"tag-europe","12":"tag-fr","13":"tag-france","14":"tag-grand-est","15":"tag-limoges","16":"tag-nancy","17":"tag-nanterre","18":"tag-news","19":"tag-republique-francaise"},"share_on_mastodon":{"url":"https:\/\/pubeurope.com\/@fr\/115398067045279392","error":""},"_links":{"self":[{"href":"https:\/\/www.europesays.com\/fr\/wp-json\/wp\/v2\/posts\/473688","targetHints":{"allow":["GET"]}}],"collection":[{"href":"https:\/\/www.europesays.com\/fr\/wp-json\/wp\/v2\/posts"}],"about":[{"href":"https:\/\/www.europesays.com\/fr\/wp-json\/wp\/v2\/types\/post"}],"author":[{"embeddable":true,"href":"https:\/\/www.europesays.com\/fr\/wp-json\/wp\/v2\/users\/2"}],"replies":[{"embeddable":true,"href":"https:\/\/www.europesays.com\/fr\/wp-json\/wp\/v2\/comments?post=473688"}],"version-history":[{"count":0,"href":"https:\/\/www.europesays.com\/fr\/wp-json\/wp\/v2\/posts\/473688\/revisions"}],"wp:featuredmedia":[{"embeddable":true,"href":"https:\/\/www.europesays.com\/fr\/wp-json\/wp\/v2\/media\/473689"}],"wp:attachment":[{"href":"https:\/\/www.europesays.com\/fr\/wp-json\/wp\/v2\/media?parent=473688"}],"wp:term":[{"taxonomy":"category","embeddable":true,"href":"https:\/\/www.europesays.com\/fr\/wp-json\/wp\/v2\/categories?post=473688"},{"taxonomy":"post_tag","embeddable":true,"href":"https:\/\/www.europesays.com\/fr\/wp-json\/wp\/v2\/tags?post=473688"}],"curies":[{"name":"wp","href":"https:\/\/api.w.org\/{rel}","templated":true}]}}