{"id":473690,"date":"2025-10-19T00:46:45","date_gmt":"2025-10-19T00:46:45","guid":{"rendered":"https:\/\/www.europesays.com\/fr\/473690\/"},"modified":"2025-10-19T00:46:45","modified_gmt":"2025-10-19T00:46:45","slug":"au-courage-et-avec-panache-lelan-bearnais-renverse-hyeres-toulon","status":"publish","type":"post","link":"https:\/\/www.europesays.com\/fr\/473690\/","title":{"rendered":"Au courage et avec panache, l&rsquo;\u00c9lan B\u00e9arnais renverse Hy\u00e8res-Toulon"},"content":{"rendered":"<p>Co-leader du championnat, l\u2019\u00c9lan B\u00e9arnais\u00a0<a target=\"_blank\" rel=\"noopener nofollow\" href=\"https:\/\/www.bebasket.fr\/equipe\/pau-lacq-orthez\">Pau-Lacq-Orthez<\/a> comptait bien conserver et conforter cette place ce vendredi soir \u00e0 l\u2019occasion de la r\u00e9ception de\u00a0<a target=\"_blank\" rel=\"noopener nofollow\" href=\"https:\/\/www.bebasket.fr\/equipe\/hyeres-toulon\">Hy\u00e8res-Toulon<\/a> au Palais des Sports. Les B\u00e9arnais se sont fait peur mais ont r\u00e9sist\u00e9 aux Varois (87-78).<\/p>\n<p><strong>John Roberson bloqu\u00e9 \u00e0 6 points<\/strong><\/p>\n<p>Il y a eu un ajustement de taille au sein de l\u2019effectif de Hy\u00e8res-Toulon. Si la signature de\u00a0<a target=\"_blank\" rel=\"noopener nofollow\" href=\"https:\/\/www.bebasket.fr\/joueur\/john-roberson\">John Roberson<\/a> n\u2019est pas pass\u00e9e inaper\u00e7ue, le public palois a eu la chance de voir le meneur am\u00e9ricano-bosnien \u00e0 l\u2019\u0153uvre ce vendredi soir. Une chose est s\u00fbre, John Roberson n\u2019a rien perdu de son talent. Mais ce vendredi soir, l\u2019ancien joueur de l\u2019\u00c9lan Chalon a \u00e9t\u00e9 cadenass\u00e9 par la d\u00e9fense b\u00e9arnaise. Bloqu\u00e9 \u00e0 0 point apr\u00e8s 8 minutes de jeu, il avait ouvert son compteur sur la ligne des lancers franc.<\/p>\n<p><a class=\"image\" href=\"https:\/\/www.bebasket.fr\/joueur\/john-roberson\" rel=\"nofollow noopener\" target=\"_blank\"> <img decoding=\"async\" src=\"https:\/\/www.europesays.com\/fr\/wp-content\/uploads\/2025\/10\/photo-profil-joueur-basketball-2025-1f0145fa-7357-6174-aae7-331f6ca21e3c.jpg\" alt=\"John ROBERSON\"\/> <\/a><\/p>\n<p><a class=\"league-image\" href=\"https:\/\/www.bebasket.fr\/ligue\/pro-b\" rel=\"nofollow noopener\" target=\"_blank\"> <img decoding=\"async\" src=\"https:\/\/www.europesays.com\/fr\/wp-content\/uploads\/2025\/10\/elite-2-nouveau-logo-2025-1f04d200-2aed-677c-9f62-25d7a0c8ba35.png\" alt=\"Logo ELITE 2\"\/> <\/a><\/p>\n<p><strong>La doublette Cornely \u2013 Raharimanantoanina porte l\u2019\u00c9lan B\u00e9arnais<\/strong><\/p>\n<p>Il aura fallu attendre 3 minutes pour voir Bryce Nze d\u00e9bloquer le compteur de l\u2019\u00c9lan B\u00e9arnais. Dans une entame de match o\u00f9 les d\u00e9fenses \u00e9taient bien en place, ce sont les locaux qui ont pris un meilleur d\u00e9part. Gr\u00e2ce \u00e0 un\u00a0<a target=\"_blank\" rel=\"noopener nofollow\" href=\"https:\/\/www.bebasket.fr\/joueur\/sitraka-raharimanantoanina\">Sitraka Raharimanantoanina<\/a> au four et au moulin (15 points \u00e0 5\/10 aux tirs et 8 rebonds), les hommes de Micka\u00ebl Hay ont conclu ce premier quart-temps avec la mani\u00e8re (24-18, 10\u2032).<\/p>\n<p>Bouscul\u00e9s par des Varois accrocheurs et en r\u00e9ussite, les Palois se sont appuy\u00e9s sur l\u2019efficacit\u00e9 et l\u2019exp\u00e9rience de\u00a0<a target=\"_blank\" rel=\"noopener nofollow\" href=\"https:\/\/www.bebasket.fr\/joueur\/thomas-cornely\">Thomas Cornely<\/a> (17 points \u00e0 6\/11 aux tirs, 4 rebonds et 8 passes d\u00e9cisives) pour g\u00e9rer les moments difficiles et conserver l\u2019avantage dans ce deuxi\u00e8me quart-temps. Revenu \u00e0 \u00e9galit\u00e9 \u00e0 trois minutes de la mi-temps (32-32, 17\u2032), Hy\u00e8res-Toulon a pos\u00e9 beaucoup de probl\u00e8mes aux locaux. Mais c\u2019\u00e9tait sans compter sur un Sitraka Raharimanantoanina des grands soirs pour remettre son \u00e9quipe sur les bons rails. Dans la douleur, l\u2019EBPLO est rentr\u00e9 aux vestiaires en t\u00eate (40-39, 20\u2032).<\/p>\n<p><strong>Le HTV a pouss\u00e9 mais l\u2019\u00c9lan B\u00e9arnais a r\u00e9sist\u00e9<\/strong><\/p>\n<p>Hy\u00e8res-Toulon est revenu sur le parquet avec de meilleures intentions et une r\u00e9ussite insolente derri\u00e8re l\u2019arc. Port\u00e9 par l\u2019efficacit\u00e9 d\u2019<a target=\"_blank\" rel=\"noopener nofollow\" href=\"https:\/\/www.bebasket.fr\/joueur\/elwin-ndjock\">Elwin Ndjock<\/a> (17 points et 2 rebonds), l\u2019\u00e9quipe varoise a contraint Micka\u00ebl Hay \u00e0 stopper le jeu (40-48, 21\u2032). Gr\u00e2ce \u00e0 une d\u00e9fense retrouv\u00e9e, l\u2019\u00c9lan B\u00e9arnais a peu \u00e0 peu grignoter son retard. Mieux rentr\u00e9s dans cette deuxi\u00e8me mi-temps, le HTV a clairement pris ses distances dans ce troisi\u00e8me quart-temps, repoussant l\u2019EBPLO \u00e0 plus de 10 longueurs (51-62, 27\u2032). Dans le dur et men\u00e9s de 9 points \u00e0 dix minutes du terme (56-65, 30\u2032), les Palois ont d\u00fb cravacher pour repasser devant.<\/p>\n<p>Pouss\u00e9 par un public en fusion, les hommes de Micka\u00ebl Hay ont retrouv\u00e9 leur d\u00e9fense agressive. Un \u00e9tat d\u2019esprit conqu\u00e9rant qui a permis aux locaux de revenir \u00e0 trois petites longueurs des Varois (64-67, 33\u2032). Repass\u00e9e devant au c\u0153ur d\u2019un dernier quart-temps de folie, la formation paloise a trouv\u00e9 les ressources n\u00e9cessaires pour se sortir du pi\u00e8ge tendu par Hy\u00e8res-Toulon. Un succ\u00e8s au mental et capital pour conserver la premi\u00e8re place au classement d\u2019\u00c9LITE 2.<\/p>\n<blockquote class=\"normal\"><p>\n<strong>Les r\u00e9actions apr\u00e8s \u00c9lan b\u00e9arnais \u2013 Hy\u00e8res-Toulon :<\/strong><\/p>\n<p>St\u00e9phane Dumas (entra\u00eeneur HTV) : \u00ab\u00a0On fait un tr\u00e8s mauvais dernier quart-temps (31-13). Pau met une grosse pression et reprend vite le dessus avec Milanese et Cornely notamment. On prend des d\u00e9cisions pr\u00e9cipit\u00e9es et on donne des rebonds. Pau a fait un tr\u00e8s bon match. Pour son premier match, John (Roberson) a \u00e9t\u00e9 maladroit mais quand il a le ballon dans les mains je n\u2019ai pas de doutes.\u00a0\u00bb<\/p>\n<p>Micka\u00ebl Hay (entra\u00eeneur \u00c9lan B\u00e9arnais) : \u00ab\u00a0On d\u00e9fend dur sur le dernier quart-temps. Mais on a v\u00e9cu trois quart-temps tr\u00e8s difficiles. Fabio et Bryce ont \u00e9t\u00e9 tr\u00e8s bons en fin de match. On joue avec le feu mais on montre encore que cette \u00e9quipe a du caract\u00e8re. Le public r\u00e9agit \u00e0 ce que font les gar\u00e7ons sur le terrain. On esp\u00e8re encha\u00eener une bonne s\u00e9rie de victoires apr\u00e8s une bonne semaine d\u2019entra\u00eenement. \u00c0 nous d\u2019encha\u00eener \u00e0 l\u2019ext\u00e9rieur.\u00a0\u00bb<\/p>\n<p><a target=\"_blank\" rel=\"noopener nofollow\" href=\"https:\/\/www.bebasket.fr\/joueur\/victor-diallo\">Victor Diallo<\/a>\u00a0: \u00ab\u00a0On sait que Pau est une grosse \u00e9quipe. Il faut rester focus sur 40 minutes, c\u2019est compliqu\u00e9 quand l\u2019\u00e9quipe adverse revient.\u00a0\u00bb<\/p>\n<p><a target=\"_blank\" rel=\"noopener nofollow\" href=\"https:\/\/www.bebasket.fr\/joueur\/thomas-cornely\">Thomas Cornely<\/a>\u00a0: \u00ab\u00a0Ils ont eu une grosse r\u00e9ussite \u00e0 3-points. Il faut montrer les dents de suite pour \u00e9viter de se faire peur. On a vraiment du talent dans cette \u00e9quipe. La connexion avec Fabio Milanese me pla\u00eet beaucoup. \u00c0 -13, il a fallu vite r\u00e9agir pour l\u2019emporter.\u00a0\u00bb<\/p>\n<\/blockquote>\n<p>\u00a0<\/p>\n","protected":false},"excerpt":{"rendered":"Co-leader du championnat, l\u2019\u00c9lan B\u00e9arnais\u00a0Pau-Lacq-Orthez comptait bien conserver et conforter cette place ce vendredi soir \u00e0 l\u2019occasion de&hellip;\n","protected":false},"author":2,"featured_media":473691,"comment_status":"","ping_status":"","sticky":false,"template":"","format":"standard","meta":{"footnotes":""},"categories":[9619],"tags":[1111,11,1777,674,1011,27,12,882,25,2310],"class_list":{"0":"post-473690","1":"post","2":"type-post","3":"status-publish","4":"format-standard","5":"has-post-thumbnail","7":"category-toulon","8":"tag-actu","9":"tag-actualites","10":"tag-eu","11":"tag-europe","12":"tag-fr","13":"tag-france","14":"tag-news","15":"tag-provence-alpes-cote-dazur","16":"tag-republique-francaise","17":"tag-toulon"},"share_on_mastodon":{"url":"https:\/\/pubeurope.com\/@fr\/115398075554365303","error":""},"_links":{"self":[{"href":"https:\/\/www.europesays.com\/fr\/wp-json\/wp\/v2\/posts\/473690","targetHints":{"allow":["GET"]}}],"collection":[{"href":"https:\/\/www.europesays.com\/fr\/wp-json\/wp\/v2\/posts"}],"about":[{"href":"https:\/\/www.europesays.com\/fr\/wp-json\/wp\/v2\/types\/post"}],"author":[{"embeddable":true,"href":"https:\/\/www.europesays.com\/fr\/wp-json\/wp\/v2\/users\/2"}],"replies":[{"embeddable":true,"href":"https:\/\/www.europesays.com\/fr\/wp-json\/wp\/v2\/comments?post=473690"}],"version-history":[{"count":0,"href":"https:\/\/www.europesays.com\/fr\/wp-json\/wp\/v2\/posts\/473690\/revisions"}],"wp:featuredmedia":[{"embeddable":true,"href":"https:\/\/www.europesays.com\/fr\/wp-json\/wp\/v2\/media\/473691"}],"wp:attachment":[{"href":"https:\/\/www.europesays.com\/fr\/wp-json\/wp\/v2\/media?parent=473690"}],"wp:term":[{"taxonomy":"category","embeddable":true,"href":"https:\/\/www.europesays.com\/fr\/wp-json\/wp\/v2\/categories?post=473690"},{"taxonomy":"post_tag","embeddable":true,"href":"https:\/\/www.europesays.com\/fr\/wp-json\/wp\/v2\/tags?post=473690"}],"curies":[{"name":"wp","href":"https:\/\/api.w.org\/{rel}","templated":true}]}}