{"id":473700,"date":"2025-10-19T00:52:30","date_gmt":"2025-10-19T00:52:30","guid":{"rendered":"https:\/\/www.europesays.com\/fr\/473700\/"},"modified":"2025-10-19T00:52:30","modified_gmt":"2025-10-19T00:52:30","slug":"laurence-ruffin-lance-sa-campagne-en-catimini-avec-ce-quil-reste-des-verts","status":"publish","type":"post","link":"https:\/\/www.europesays.com\/fr\/473700\/","title":{"rendered":"LAURENCE RUFFIN LANCE SA CAMPAGNE EN CATIMINI AVEC CE QU&rsquo;IL RESTE DES VERTS"},"content":{"rendered":"<p>Posted On 18 octobre 2025 <\/p>\n<p style=\"text-align: justify;\">Cette semaine, la candidate d&rsquo;Eric Piolle, Laurence Ruffin, a lanc\u00e9 sa campagne dans l&rsquo;intimit\u00e9 la plus compl\u00e8te, loin des Grenoblois, avec le peu de militants et d&rsquo;\u00e9lus Verts qui restent dans ce radeau de la m\u00e9duse qu&rsquo;est devenue la majorit\u00e9 sortante.<\/p>\n<p>UN LANCEMENT DEVANT UNE POIGN\u00c9E DE PERSONNES&#8230;<\/p>\n<p style=\"text-align: justify;\">Le lancement avait lieu dans le hall du <a href=\"https:\/\/grenoble-le-changement.fr\/2025\/02\/26\/palais-des-sports-les-critiques-continuent-de-pleuvoir\/\" rel=\"nofollow noopener\" target=\"_blank\">Palais des Sports<\/a> et les images font presque peine \u00e0 voir. Le plan est resserr\u00e9 et les quelques participants se serrent devant la sc\u00e8ne pour tenter de donner l&rsquo;illusion d&rsquo;une masse, mais m\u00eame ainsi \u00e7a ne prend pas. Sur les photos publi\u00e9es par la candidate, donc qu&rsquo;on peut consid\u00e9rer comme celles montrant le plus de monde, on peut d\u00e9nombrer grand maximum 90\/100 personnes.<\/p>\n<p><img decoding=\"async\" data-id=\"85495\" src=\"https:\/\/grenoble-le-changement.fr\/wp-content\/uploads\/2025\/10\/ruffin-lancement-foule-palais-sports.jpeg\" alt=\"\" class=\"wp-image-85495 jetpack-lazy-image\" data-lazy-src=\"https:\/\/www.europesays.com\/fr\/wp-content\/uploads\/2025\/10\/ruffin-lancement-foule-palais-sports.jpeg\" \/><\/p>\n<p><img decoding=\"async\" data-id=\"85497\" src=\"https:\/\/grenoble-le-changement.fr\/wp-content\/uploads\/2025\/10\/laurence-ruffin-lancement-salle-vide.jpeg\" alt=\"\" class=\"wp-image-85497 jetpack-lazy-image\" data-lazy-src=\"https:\/\/www.europesays.com\/fr\/wp-content\/uploads\/2025\/10\/laurence-ruffin-lancement-salle-vide.jpeg\" \/><br \/>\nLa foule en d\u00e9lire pour le lancement de campagne de Laurence Ruffin&#8230;<\/p>\n<p>&#8230; DONT DE NOMBREUX \u00c9LUS SORTANTS<\/p>\n<p style=\"text-align: justify;\">Dans cette poign\u00e9e de personnes il faut compter les \u00e9lus sortants, pr\u00e9sents parce qu&rsquo;ils veulent rempiler pour conserver un strapontin. On retrouve ainsi autour de Ruffin <a href=\"https:\/\/grenoble-le-changement.fr\/2025\/09\/28\/laurence-ruffin-le-piollisme-2-0-lance-sa-campagne-a-grenoble\/\" rel=\"nofollow noopener\" target=\"_blank\">les \u00e9lus Verts Kheira Capdepon (faux \u00ab\u00a0r\u00e9seau citoyen\u00a0\u00bb<\/a>, adjointe aux ain\u00e9s), Luis Beltran Lopez (adjoint au handicap), Nicolas Kada (adjoint au social), C\u00e9line Deslattes (ex PS vendu \u00e0 Piolle, \u00e9lue \u00e0 la pr\u00e9carit\u00e9), Thierry Chastagner (adjoint du secteur 3), Pauline Couvent (conseill\u00e8re d\u00e9partementale verte), Djamel Wazizi (\u00e9lu d\u00e9l\u00e9gu\u00e9 \u00e0 &#8230; l&rsquo;\u00e9cole du v\u00e9lo), Chlo\u00e9 Pantel (Verts\/G\u00e9n\u00e9rations, adjointe au secteur 6), Antoine Back (ex LFI), <a href=\"https:\/\/grenoble-le-changement.fr\/2025\/08\/15\/galeries-lafayette-de-grenoble-la-municipalite-veut-supprimer-un-ghetto-de-riches\/\" rel=\"nofollow noopener\" target=\"_blank\">Sandra Krief (adjointe \u00e0 la condition animale)&#8230;<\/a><\/p>\n<p><img decoding=\"async\" data-id=\"84835\" src=\"https:\/\/grenoble-le-changement.fr\/wp-content\/uploads\/2025\/09\/550358896_24347196251632024_779358839323122173_n.jpg\" alt=\"\" class=\"wp-image-84835 jetpack-lazy-image\" data-lazy-src=\"https:\/\/www.europesays.com\/fr\/wp-content\/uploads\/2025\/10\/550358896_24347196251632024_779358839323122173_n.jpg\" \/><\/p>\n<p><img decoding=\"async\" data-id=\"84833\" src=\"https:\/\/grenoble-le-changement.fr\/wp-content\/uploads\/2025\/09\/20250919_192804-scaled.jpg\" alt=\"\" class=\"wp-image-84833 jetpack-lazy-image\" data-lazy-src=\"https:\/\/www.europesays.com\/fr\/wp-content\/uploads\/2025\/09\/20250919_192804-scaled.jpg\" \/><br \/>\nEn comparaison, le lancement de campagne d&rsquo;Alain Carignon en septembre dernier&#8230;<\/p>\n<p>M. BELAIR SE SERA VITE RANG\u00c9E POUR UN POSTE<\/p>\n<p style=\"text-align: justify;\">&#8230; ainsi que de vrais piliers du syst\u00e8me Verts\/Piollistes, qui confirment que rien n&rsquo;a chang\u00e9 et qu&rsquo;on reprend les m\u00eames. Figurent ainsi sur la photo Gilles Namur, l&rsquo;in\u00e9narrable adjoint aux espaces publics et \u00e0 la fraicheur, roi de la mauvaise foi, <a href=\"https:\/\/grenoble-le-changement.fr\/2025\/09\/14\/apres-le-clash-lheureux-ruffin-ladjoint-margot-belair-verts-jette-leponge\/\" rel=\"nofollow noopener\" target=\"_blank\">Margot Belair, la jeune apparitchik verte \u00e9lue \u00e0 l&rsquo;urbanisme qui affirmait croire sa coll\u00e8gue adjointe Lucille Lheureux<\/a> lorsqu&rsquo;elle d\u00e9non\u00e7ait les pressions de Piolle pour imposer Laurence Ruffin mais qui figure d\u00e9sormais tout sourire aux c\u00f4t\u00e9s de cette derni\u00e8re. \u00c0 quoi \u00e7a tient la sororit\u00e9 et les convictions face \u00e0 la promesse d&rsquo;un poste.\u00a0<\/p>\n<p>LES HISTORIQUES DU SYST\u00c8ME PIOLLE TIENNENT ENCORE LES R\u00caNES<\/p>\n<p style=\"text-align: justify;\">&#8230; ou encore Olivier Bertrand, vieux pilier du syst\u00e8me Verts\/ADES pour qui Raymond Avrillier fait figure de mentor, \u00e9lu depuis 20 ans sans qu&rsquo;on puisse lui attribuer un quelconque bilan, homme lige de Piolle au bureau politique des Verts \u00e0 Paris, Vincent Fristot, \u00e9galement \u00e9lu Verts\/ADES depuis plus de deux d\u00e9cennies, et <a href=\"https:\/\/grenoble-le-changement.fr\/2023\/10\/25\/piolle-absent-comment-grenoble-est-geree-par-ses-collaborateurs\/\" rel=\"nofollow noopener\" target=\"_blank\">St\u00e9phane Bieganski, collaborateur de groupe historique des Verts<\/a> \u00e0 la ville de Grenoble depuis des ann\u00e9es, dont la mission consiste \u00e0 \u00ab\u00a0tenir\u00a0\u00bb la majorit\u00e9. Le piollisme est cr\u00e9pusculaire mais les m\u00eames sont encore aux manettes dans la campagne de celle cens\u00e9e perp\u00e9tuer le syst\u00e8me.\u00a0<\/p>\n<p><a href=\"https:\/\/grenoble-le-changement.fr\/wp-content\/uploads\/2025\/10\/coiffard-pantel-coco.jpeg\" rel=\"lightbox[85483] nofollow noopener\" target=\"_blank\"><img loading=\"lazy\" decoding=\"async\" class=\" wp-image-85503 jetpack-lazy-image\" src=\"https:\/\/grenoble-le-changement.fr\/wp-content\/uploads\/2025\/10\/coiffard-pantel-coco-170x300.jpeg\" alt=\"\" width=\"404\" height=\"713\" data-lazy-src=\"https:\/\/www.europesays.com\/fr\/wp-content\/uploads\/2025\/10\/coiffard-pantel-coco-170x300.jpeg\" \/><\/a>Marie Coiffard, cadre des Verts, Chlo\u00e9 Pantel, cadre du parti \u00ab\u00a0G\u00e9n\u00e9rations\u00a0\u00bb et Emeric Vibert, secr\u00e9taire du parti communiste Grenoble : la campagne Ruffin est men\u00e9e par et pour les vieux partis politiques, loin des Grenoblois<br \/>\nLA D\u00c9MONSTRATION DE L&rsquo;INCAPACIT\u00c9 DES VERTS \u00c0 SE RENOUVELER<\/p>\n<p style=\"text-align: justify;\">Pour le reste, on ne retrouvait que des militants Verts convaincus qui n&rsquo;en sont pas \u00e0 leur premi\u00e8re campagne, malgr\u00e9 la tentative de rajeunir l&rsquo;assistance en pla\u00e7ant la maigre poign\u00e9e de jeunes trouv\u00e9s dans la salle au 1er rang. Tout dans la s\u00e9quence t\u00e9moigne de <a href=\"https:\/\/grenoble-le-changement.fr\/2025\/06\/14\/laurence-ruffin-ecarte-ses-concurrentes-et-copie-les-methodes-piolle\/\" rel=\"nofollow noopener\" target=\"_blank\">l&rsquo;incapacit\u00e9 des Verts \u00e0 se renouveler<\/a> et de leur inaptitude \u00e0 parler aux Grenoblois au-del\u00e0 du cercle des appareils politiciens et groupuscules qui soutiennent la candidature Piolle\/Ruffin.<\/p>\n<p>UN COPI\u00c9 COLL\u00c9 VISUEL DE PIOLLE 2014<\/p>\n<p style=\"text-align: justify;\">Ruffin nous sert du Piolle r\u00e9chauff\u00e9 jusque dans les visuels choisis. La charte graphique de la candidate est ainsi un copi\u00e9-coll\u00e9 complet de celle <a target=\"_blank\" href=\"https:\/\/www.facebook.com\/Grenoble.unevillepourtous\/\" rel=\"nofollow noopener\">du candidat vert en 2014<\/a>, avec les m\u00eames points de couleur cens\u00e9s repr\u00e9senter les diff\u00e9rentes sensibilit\u00e9s politiques. Les communicants verts se sont un peu plus creus\u00e9s la t\u00eate pour le message : on passe du \u00ab\u00a0rassemblement citoyen de la gauche et des \u00e9cologistes\u00a0\u00bb \u00e0 \u00ab\u00a0l&rsquo;union de la gauche \u00e9cologiste et citoyenne\u00a0\u00bb&#8230;<\/p>\n<p><img decoding=\"async\" data-id=\"85496\" src=\"https:\/\/grenoble-le-changement.fr\/wp-content\/uploads\/2025\/10\/grenoble-ville-pour-tous.jpg\" alt=\"\" class=\"wp-image-85496 jetpack-lazy-image\" data-lazy-src=\"https:\/\/www.europesays.com\/fr\/wp-content\/uploads\/2025\/10\/grenoble-ville-pour-tous.jpg\" \/><\/p>\n<p><img decoding=\"async\" data-id=\"85508\" src=\"https:\/\/grenoble-le-changement.fr\/wp-content\/uploads\/2025\/10\/panneau-ruffin-collage.png\" alt=\"\" class=\"wp-image-85508 jetpack-lazy-image\" data-lazy-src=\"https:\/\/www.europesays.com\/fr\/wp-content\/uploads\/2025\/10\/panneau-ruffin-collage.png\" \/><br \/>\nPiolle 2014, Ruffin 2026. Les Verts copient \u00e0 l&rsquo;identique leurs vieilles recettes de comm&rsquo; d&rsquo;il y a 12 ans.<\/p>\n<p>LAURENCE RUFFIN OU L&rsquo;\u00c8RE DU VIDE<\/p>\n<p style=\"text-align: justify;\">Sur le fond, rien de neuf sous le soleil. Parce qu&rsquo;elle est une Marie-Chantal tout \u00e0 fait d\u00e9connect\u00e9e du r\u00e9el, Laurence Ruffin plane dans la stratosph\u00e8re o\u00f9 elle enchaine les g\u00e9n\u00e9ralit\u00e9s et les sorties convenues, incapable de proposer quoi que ce soit de concret et\/ou de neuf. Illustration de ce vide absolu, <a target=\"_blank\" href=\"https:\/\/france3-regions.franceinfo.fr\/auvergne-rhone-alpes\/isere\/grenoble\/elections-municipales-2026-je-suis-tres-attachee-a-grenoble-laurence-ruffin-lance-officiellement-sa-campagne-3234149.html\" rel=\"nofollow noopener\">France 3 Alpes<\/a> retient comme titre de son article consacr\u00e9 \u00e0 son lancement la citation suivante de Ruffin : \u00ab\u00a0je suis tr\u00e8s attach\u00e9e \u00e0 Grenoble\u00a0\u00bb. Tout un programme&#8230;<\/p>\n<p>TOUJOURS LES M\u00caMES MOTS, CONTRADICTOIRES AVEC LE BILAN<\/p>\n<p style=\"text-align: justify;\">Place Gre&rsquo;net \u00e9voque les 3 axes de la candidate : \u00ab\u00a0coop\u00e9rer\u00a0\u00bb (apr\u00e8s 12 ans de mandat o\u00f9 les Verts\/LFI ont <a href=\"https:\/\/grenoble-le-changement.fr\/2025\/10\/03\/labattage-des-erables-de-la-place-de-metz-apres-tant-darbres-a-grenoble\/\" rel=\"nofollow noopener\" target=\"_blank\">d\u00e9cid\u00e9 seuls contre les Grenoblois<\/a>), \u00ab\u00a0prot\u00e9ger\u00a0\u00bb (ils n&rsquo;osent pas ressortir<a href=\"https:\/\/grenoble-le-changement.fr\/2025\/04\/09\/insecurite-toutes-les-stats-qui-confirment-que-grenoble-est-n1\/\" rel=\"nofollow noopener\" target=\"_blank\"> leur concept de \u00ab\u00a0ville apais\u00e9e\u00a0\u00bb de 2014<\/a>) et \u00ab\u00a0pr\u00e9parer la ville de demain\u00a0\u00bb (apr\u00e8s avoir fait de Grenoble la <a href=\"https:\/\/grenoble-le-changement.fr\/2025\/09\/26\/1er-pour-les-ilots-de-chaleur-transports-qui-stagnent-le-bilan-ecologique-des-verts-a-grenoble\/\" rel=\"nofollow noopener\" target=\"_blank\">1\u00e8re ville de France pour les ilots de chaleur avec Paris<\/a>). Rien de nouveau non plus dans le vocabulaire, on a l&rsquo;impression d&rsquo;entendre toujours la m\u00eame chose avec ce champ lexical piolliste de base, en contradiction avec le bilan dont Ruffin est l&rsquo;h\u00e9riti\u00e8re.\u00a0<\/p>\n<p>LE PASSAGE DE T\u00c9MOIN PIOLLE\/RUFFIN, POUR QUE RIEN NE CHANGE<\/p>\n<p style=\"text-align: justify;\">Eric Piolle \u00e9tait bien s\u00fbr pr\u00e9sent au lancement de campagne de la candidate <a href=\"https:\/\/grenoble-le-changement.fr\/2025\/10\/02\/guerre-fratricide-des-verts-lfi-la-foire-dempoigne-continue-a-grenoble\/\" rel=\"nofollow noopener\" target=\"_blank\">qu&rsquo;il a impos\u00e9 avec la brutalit\u00e9<\/a> qu&rsquo;on lui connait. Celle-ci a confirm\u00e9 qu&rsquo;elle entend poursuivre dans l'\u00a0\u00bb\u00e9lan \u00e9cologiste et solidaire\u00a0\u00bb de son pr\u00e9d\u00e9cesseur (<a target=\"_blank\" href=\"https:\/\/www.placegrenet.fr\/2025\/10\/16\/municipales-a-grenoble-laurence-ruffin-lance-sa-campagne-cooperative-joyeuse-et-collective\/662404\" rel=\"nofollow noopener\">Place Gre&rsquo;net<\/a>). Le m\u00e9dia en ligne rel\u00e8ve \u00ab\u00a0un discours aux accents de passage de t\u00e9moin\u00a0\u00bb. Au cas o\u00f9 ce n&rsquo;\u00e9tait pas assez clair : il n&rsquo;y aura pas de rupture avec les 12 ann\u00e9es \u00e9coul\u00e9es.\u00a0<\/p>\n<p><a href=\"https:\/\/grenoble-le-changement.fr\/wp-content\/uploads\/2025\/09\/piolle-ruffin.jpg\" rel=\"lightbox[85483] nofollow noopener\" target=\"_blank\"><img loading=\"lazy\" decoding=\"async\" class=\" wp-image-84661 jetpack-lazy-image\" src=\"https:\/\/grenoble-le-changement.fr\/wp-content\/uploads\/2025\/09\/piolle-ruffin-189x300.jpg\" alt=\"\" width=\"375\" height=\"595\" data-lazy-src=\"https:\/\/grenoble-le-changement.fr\/wp-content\/uploads\/2025\/09\/piolle-ruffin-189x300.jpg?is-pending-load=1\" \/><\/a>Laurence Ruffin repr\u00e9sente la pure continuit\u00e9 du Piollisme.<br \/>\nLE LANCEMENT DE CAMPAGNE D&rsquo;UNE CANDIDATURE D\u00c9J\u00c0 EMBOURB\u00c9E<\/p>\n<p style=\"text-align: justify;\"><a target=\"_blank\" href=\"https:\/\/www.placegrenet.fr\/2025\/10\/16\/municipales-a-grenoble-laurence-ruffin-lance-sa-campagne-cooperative-joyeuse-et-collective\/662404\" rel=\"nofollow noopener\">Place Gre&rsquo;net<\/a> le reprend en titre : elle d\u00e9clame vouloir une campagne \u00ab\u00a0coop\u00e9rative, joyeuse et collective\u00a0\u00bb. C&rsquo;est beau de le dire, mais c&rsquo;est pr\u00e9cis\u00e9ment l&rsquo;inverse de ce que sa candidature incarne, entre la division avec LFI et au sein-m\u00eame des Verts avec Lucille Lheureux, adjointe historique qui a jet\u00e9 l&rsquo;\u00e9ponge, ou encore ses postures insinc\u00e8res et son story-telling copi\u00e9 coll\u00e9 de Piolle qui ne prend pas, <a href=\"https:\/\/grenoble-le-changement.fr\/2025\/10\/13\/affaires-les-revelations-sur-l-ruffin-verts-plombent-sa-candidature\/\" rel=\"nofollow noopener\" target=\"_blank\">d\u00e9j\u00e0 largement d\u00e9mont\u00e9 par Le Postillon.<\/a><\/p>\n<p style=\"text-align: justify;\">Son lancement de campagne laborieux, dans l&rsquo;entre-soi groupusculaire des partis qui la soutiennent, \u00e0 l&rsquo;\u00e9cart des Grenoblois, confirme son incapacit\u00e9 \u00e0 renouveler le logiciel de pens\u00e9e et les m\u00e9thodes des Verts. Le bateau Piolle\/Ruffin poursuit sa d\u00e9rive et la dynamique n&rsquo;est pas pr\u00eate de s&rsquo;inverser.<\/p>\n","protected":false},"excerpt":{"rendered":"Posted On 18 octobre 2025 Cette semaine, la candidate d&rsquo;Eric Piolle, Laurence Ruffin, a lanc\u00e9 sa campagne dans&hellip;\n","protected":false},"author":2,"featured_media":473701,"comment_status":"","ping_status":"","sticky":false,"template":"","format":"standard","meta":{"footnotes":""},"categories":[9566],"tags":[1111,11,9601,10129,2430,24293,9603,27447,59707,9607,1777,674,1011,27,10230,2731,10308,10136,10612,59708,10613,59709,12,26492,15454,59710,10140,25,45805,59711,59712,10850],"class_list":{"0":"post-473700","1":"post","2":"type-post","3":"status-publish","4":"format-standard","5":"has-post-thumbnail","7":"category-grenoble","8":"tag-actu","9":"tag-actualites","10":"tag-alain-carignon","11":"tag-antoine-back","12":"tag-auvergne-rhone-alpes","13":"tag-celine-deslattes","14":"tag-chloe-pantel","15":"tag-djamel-wazizi","16":"tag-emeric-vibert","17":"tag-eric-piolle","18":"tag-eu","19":"tag-europe","20":"tag-fr","21":"tag-france","22":"tag-gilles-namur","23":"tag-grenoble","24":"tag-keira-capdepon","25":"tag-laurence-ruffin","26":"tag-lucille-lheureux","27":"tag-luis-beltran-lopez","28":"tag-margot-belair","29":"tag-marie-coiffard","30":"tag-news","31":"tag-nicolas-kada","32":"tag-olivier-bertrand","33":"tag-pauline-couvent","34":"tag-raymond-avrillier","35":"tag-republique-francaise","36":"tag-sandra-krief","37":"tag-stephane-bieganski","38":"tag-thierry-chastagner","39":"tag-vincent-fristot"},"share_on_mastodon":{"url":"","error":""},"_links":{"self":[{"href":"https:\/\/www.europesays.com\/fr\/wp-json\/wp\/v2\/posts\/473700","targetHints":{"allow":["GET"]}}],"collection":[{"href":"https:\/\/www.europesays.com\/fr\/wp-json\/wp\/v2\/posts"}],"about":[{"href":"https:\/\/www.europesays.com\/fr\/wp-json\/wp\/v2\/types\/post"}],"author":[{"embeddable":true,"href":"https:\/\/www.europesays.com\/fr\/wp-json\/wp\/v2\/users\/2"}],"replies":[{"embeddable":true,"href":"https:\/\/www.europesays.com\/fr\/wp-json\/wp\/v2\/comments?post=473700"}],"version-history":[{"count":0,"href":"https:\/\/www.europesays.com\/fr\/wp-json\/wp\/v2\/posts\/473700\/revisions"}],"wp:featuredmedia":[{"embeddable":true,"href":"https:\/\/www.europesays.com\/fr\/wp-json\/wp\/v2\/media\/473701"}],"wp:attachment":[{"href":"https:\/\/www.europesays.com\/fr\/wp-json\/wp\/v2\/media?parent=473700"}],"wp:term":[{"taxonomy":"category","embeddable":true,"href":"https:\/\/www.europesays.com\/fr\/wp-json\/wp\/v2\/categories?post=473700"},{"taxonomy":"post_tag","embeddable":true,"href":"https:\/\/www.europesays.com\/fr\/wp-json\/wp\/v2\/tags?post=473700"}],"curies":[{"name":"wp","href":"https:\/\/api.w.org\/{rel}","templated":true}]}}