{"id":473702,"date":"2025-10-19T00:53:14","date_gmt":"2025-10-19T00:53:14","guid":{"rendered":"https:\/\/www.europesays.com\/fr\/473702\/"},"modified":"2025-10-19T00:53:14","modified_gmt":"2025-10-19T00:53:14","slug":"festival-marmaille-le-conteur-yannick-jaulin-en-scene-aussi-pour-les-enfants-pres-de-rennes","status":"publish","type":"post","link":"https:\/\/www.europesays.com\/fr\/473702\/","title":{"rendered":"Festival Marmaille\u00a0: le conteur Yannick Jaulin en sc\u00e8ne aussi pour les enfants pr\u00e8s de Rennes"},"content":{"rendered":"<p>Le conteur vend\u00e9en <a href=\"https:\/\/rennes.maville.com\/actu\/actudet_-a-mordelles-yannick-jaulin-presentera-le-projet-saint-rock-un-concert-de-rock-en-patois-_7-6635102_actu.Htm\" target=\"_blank\" rel=\"noopener\">Yannick Jaulin<\/a> doit surtout son succ\u00e8s \u00e0 un public adulte. Mais il sait aussi toucher un auditoire plus jeune, comme en t\u00e9moigne le spectacle Les comptines \u00e0 Jaulin, \u00e0 l\u2019affiche, 19\u00a0octobre \u00e0 16\u00a0h\u00a030, salle de l\u2019Archipel \u00e0 Laill\u00e9, au sud de Rennes (Ille-et-Vilaine).<\/p>\n<p><strong>Lire <\/strong> <strong>aussi\u00a0<\/strong> <strong>: <\/strong> <a href=\"https:\/\/rennes.maville.com\/actu\/actudet_-festival-marmaille-a-rennes-une-reference-en-creations-jeune-public-qui-marche-a-la-confiance-_7-7006417_actu.Htm\" target=\"_blank\" rel=\"noopener\">Festival Marmaille \u00e0 Rennes\u00a0: une r\u00e9f\u00e9rence en cr\u00e9ations jeune public qui marche \u00e0 \u00ab\u00a0la confiance\u00a0\u00bb<\/a><\/p>\n<p>Invit\u00e9 du festival Marmaille, dont la 33e \u00e9dition se poursuit jusqu\u2019au mardi 21\u00a0octobre, Yannick Jaulin, avec tendresse et malice, tisse un lien entre les g\u00e9n\u00e9rations traversant tradition et modernit\u00e9. Ce spectacle de cinquante\u00a0minutes, intime et joyeux, est une ode \u00e0 la transmission. Il est accessible \u00e0 tous les publics, d\u00e8s 4\u00a0ans (tarifs\u00a0: 9\u00a0\u20ac, 7\u00a0\u20ac, 4\u00a0\u20ac).<\/p>\n<p>Ce m\u00eame dimanche \u00e0 9\u00a0h\u00a030 et 11\u00a0h, la m\u00e9diath\u00e8que de Pleine-Foug\u00e8res accueille, elle, un concert de chant lyrique a cappella interactif, sensible et ludique, con\u00e7u pour les tout-petits, de 0 \u00e0 3\u00a0ans. Babilbeloola est anim\u00e9 par<a href=\"https:\/\/quimper.maville.com\/actu\/actudet_-justine-curatolo-chanteuse-lyrique-tout-terrain-_52689-7023124_actu.Htm\" target=\"_blank\" rel=\"noopener\"> la chanteuse lyrique, Justine Curatolo<\/a> (gratuit sur r\u00e9servation aupr\u00e8s de la m\u00e9diath\u00e8que).<\/p>\n<p>\u00a0<\/p>\n","protected":false},"excerpt":{"rendered":"Le conteur vend\u00e9en Yannick Jaulin doit surtout son succ\u00e8s \u00e0 un public adulte. Mais il sait aussi toucher&hellip;\n","protected":false},"author":2,"featured_media":473703,"comment_status":"","ping_status":"","sticky":false,"template":"","format":"standard","meta":{"footnotes":""},"categories":[2821],"tags":[1111,11,829,10251,1719,1777,674,849,1011,27,59714,59713,12,3762,3086,584,25,7347,35396],"class_list":{"0":"post-473702","1":"post","2":"type-post","3":"status-publish","4":"format-standard","5":"has-post-thumbnail","7":"category-rennes","8":"tag-actu","9":"tag-actualites","10":"tag-bretagne","11":"tag-conteur","12":"tag-enfants","13":"tag-eu","14":"tag-europe","15":"tag-festival","16":"tag-fr","17":"tag-france","18":"tag-jaulin","19":"tag-marmaille","20":"tag-news","21":"tag-pres","22":"tag-redon","23":"tag-rennes","24":"tag-republique-francaise","25":"tag-scene","26":"tag-yannick"},"share_on_mastodon":{"url":"https:\/\/pubeurope.com\/@fr\/115398102472680911","error":""},"_links":{"self":[{"href":"https:\/\/www.europesays.com\/fr\/wp-json\/wp\/v2\/posts\/473702","targetHints":{"allow":["GET"]}}],"collection":[{"href":"https:\/\/www.europesays.com\/fr\/wp-json\/wp\/v2\/posts"}],"about":[{"href":"https:\/\/www.europesays.com\/fr\/wp-json\/wp\/v2\/types\/post"}],"author":[{"embeddable":true,"href":"https:\/\/www.europesays.com\/fr\/wp-json\/wp\/v2\/users\/2"}],"replies":[{"embeddable":true,"href":"https:\/\/www.europesays.com\/fr\/wp-json\/wp\/v2\/comments?post=473702"}],"version-history":[{"count":0,"href":"https:\/\/www.europesays.com\/fr\/wp-json\/wp\/v2\/posts\/473702\/revisions"}],"wp:featuredmedia":[{"embeddable":true,"href":"https:\/\/www.europesays.com\/fr\/wp-json\/wp\/v2\/media\/473703"}],"wp:attachment":[{"href":"https:\/\/www.europesays.com\/fr\/wp-json\/wp\/v2\/media?parent=473702"}],"wp:term":[{"taxonomy":"category","embeddable":true,"href":"https:\/\/www.europesays.com\/fr\/wp-json\/wp\/v2\/categories?post=473702"},{"taxonomy":"post_tag","embeddable":true,"href":"https:\/\/www.europesays.com\/fr\/wp-json\/wp\/v2\/tags?post=473702"}],"curies":[{"name":"wp","href":"https:\/\/api.w.org\/{rel}","templated":true}]}}