{"id":473706,"date":"2025-10-19T00:56:05","date_gmt":"2025-10-19T00:56:05","guid":{"rendered":"https:\/\/www.europesays.com\/fr\/473706\/"},"modified":"2025-10-19T00:56:05","modified_gmt":"2025-10-19T00:56:05","slug":"voici-loption-retenue-pour-traverser-le-centre-de-strasbourg","status":"publish","type":"post","link":"https:\/\/www.europesays.com\/fr\/473706\/","title":{"rendered":"voici l\u2019option retenue pour traverser le centre de Strasbourg"},"content":{"rendered":"<p>            Par<br \/>\n        <strong><br \/>\n            <a href=\"https:\/\/actu.fr\/auteur\/ivan-capecchi\" title=\"Consulter tous les articles de Ivan CAPECCHI\" rel=\"nofollow noopener\" target=\"_blank\">Ivan CAPECCHI<\/a><br \/>\n        <\/strong><\/p>\n<p>        Publi\u00e9 le<\/p>\n<p>            14 oct. 2025 \u00e0 17h47        <\/p>\n<p>Recal\u00e9 fin 2024 par la <a href=\"https:\/\/actu.fr\/grand-est\/strasbourg_67482\/tram-nord-a-strasbourg-la-commission-d-enquete-rend-un-avis-defavorable-un-coup-de-tonnerre_61982104.html\" rel=\"nofollow noopener\" target=\"_blank\">commission d\u2019enqu\u00eate publique<\/a>, le projet de <a href=\"https:\/\/actu.fr\/tag\/tram-nord-strasbourg\" rel=\"nofollow noopener\" target=\"_blank\">tram nord \u00e0 Strasbourg<\/a> a \u00e9t\u00e9 relanc\u00e9 derni\u00e8rement. Apr\u00e8s plusieurs mois de <a href=\"https:\/\/actu.fr\/tag\/travaux\" rel=\"nofollow noopener\" target=\"_blank\">travaux<\/a>, la convention citoyenne vient en effet de <a href=\"https:\/\/actu.fr\/grand-est\/strasbourg_67482\/tram-nord-a-strasbourg-voici-ce-qu-il-faut-retenir-du-rapport-de-la-convention-citoyenne_63281382.html\" rel=\"nofollow noopener\" target=\"_blank\">rendre son rapport<\/a>. Conform\u00e9ment aux souhaits de la Ville et de l\u2019Eurom\u00e9tropole de Strasbourg, elle s\u2019est concentr\u00e9e sur la <strong>partie nord du trac\u00e9<\/strong>, pr\u00e9conisant un <strong>passage par le centre de Schiltigheim<\/strong> et le <strong>secteur Heineken<\/strong>. Mais les citoyens tir\u00e9s au sort se sont \u00e9galement prononc\u00e9s sur <strong>la partie centre du trac\u00e9<\/strong>. Voici ce qu\u2019il faut en retenir.<\/p>\n<p>Un passage par la rue du Faubourg-de-Pierre\u2009: l\u2019option pl\u00e9biscit\u00e9e<\/p>\n<p class=\" wall-content\">La piste la plus consensuelle porte sur <strong>un passage par la rue du Faubourg-de-Pierre<\/strong>, depuis la place de Haguenau.<\/p>\n<p>    <img   decoding=\"async\" loading=\"lazy\" src=\"https:\/\/www.europesays.com\/fr\/wp-content\/uploads\/2025\/10\/trace-centre-tram-nord-ok-960x640.jpg\" alt=\"Le trac\u00e9 pr\u00e9conis\u00e9 par la convention citoyenne sur le tram nord concernant la partie centre.\" width=\"960\" height=\"640\"\/><br \/>\n    Le trac\u00e9 pr\u00e9conis\u00e9 par la convention citoyenne sur le tram nord concernant la partie centre. (\u00a9DR)<\/p>\n<p class=\" wall-content\">Ce choix, soutenu par une large majorit\u00e9 des citoyens, pr\u00e9sente plusieurs avantages d\u2019apr\u00e8s eux\u2009: un \u00ab<strong>\u2009acc\u00e8s direct et rapide au centre-ville<\/strong>\u2009\u00bb, une \u00ab<strong>\u2009bonne connexion avec le r\u00e9seau existant<\/strong>\u2009\u00bb, et <strong>la desserte d\u2019un secteur dense en emplois et en habitants<\/strong>.<\/p>\n<p class=\" wall-content\">Cette option \u00e9viterait aussi de <strong>perturber la liaison Gare-Universit\u00e9<\/strong>, fait valoir la convention, et \u00ab<strong>\u2009\u00e9vite [rait] d\u2019investir dans une ligne sp\u00e9cifique pour les parlementaires<\/strong>\u2009\u00bb.<\/p>\n<p class=\" wall-content\">Des<strong> prolongements vers Broglie ou R\u00e9publique sont \u00e9voqu\u00e9s<\/strong>, notamment par les quais Finkmatt et Jacques Sturm, mais ils n\u00e9cessiteront <strong>des \u00e9tudes techniques suppl\u00e9mentaires<\/strong>, indique la convention.<\/p>\n<p>Votre r\u00e9gion, votre actu !<\/p>\n<p>Recevez chaque jour les infos qui comptent pour vous.<\/p>\n<p>\t<a href=\"https:\/\/actu.fr\/newsletter\" class=\"ac-btn ac-btn--corner ac-btn--medium ac-btn--blue800\" rel=\"nofollow noopener\" target=\"_blank\">S&rsquo;incrire<\/a><br \/>\nD\u2019autres trac\u00e9s n\u2019ont pas obtenu de majorit\u00e9 suffisante<\/p>\n<p class=\" wall-content\">D\u2019autres trac\u00e9s ont \u00e9t\u00e9 \u00e9tudi\u00e9s mais<strong> n\u2019ont pas obtenu de consensus<\/strong>.<\/p>\n<p class=\" wall-content\">Le <strong>raccordement direct au secteur de la gare de Strasbourg<\/strong> a s\u00e9duit une majorit\u00e9 simple, insuffisante pour franchir le seuil de validation (70\u2009% minimum) fix\u00e9 par la convention.<\/p>\n<p>    <img   decoding=\"async\" loading=\"lazy\" src=\"https:\/\/www.europesays.com\/fr\/wp-content\/uploads\/2025\/10\/trace-bis-centre-tram-nord-960x640.jpg\" alt=\"La proposition de raccordement au centre par la gare de Strasbourg n'a pas obtenu 70 % du vote.\" width=\"960\" height=\"640\"\/><br \/>\n    La proposition de raccordement au centre par la gare de Strasbourg n\u2019a pas obtenu 70\u2009% du vote. (\u00a9DR)<\/p>\n<p class=\" wall-content\">Les deux options de raccordement via la <strong>Neustadt<\/strong>, par l\u2019<strong>avenue des Vosges<\/strong> d\u2019une part et par le <strong>secteur Clemenceau \/ Kabl\u00e9<\/strong> d\u2019autre part, ont elles obtenu respectivement 48,8\u2009% et 42,5\u2009% de votes.<\/p>\n<p class=\" wall-content\">\n    <img   decoding=\"async\" loading=\"lazy\" src=\"https:\/\/www.europesays.com\/fr\/wp-content\/uploads\/2025\/10\/trace-avenue-vosges-960x640.jpg\" alt=\"La proposition de raccordement au centre par R\u00e9publique via l'avenue des Vosges n'a pas obtenu la majorit\u00e9.\" width=\"960\" height=\"640\"\/><br \/>\n    La proposition de raccordement au centre par R\u00e9publique via l\u2019avenue des Vosges n\u2019a pas obtenu la majorit\u00e9. (\u00a9DR)<br \/>\n    <img   decoding=\"async\" loading=\"lazy\" src=\"https:\/\/www.europesays.com\/fr\/wp-content\/uploads\/2025\/10\/trace-clemenceau-kable-960x640.jpg\" alt=\"La proposition de raccordement au centr par R\u00e9publique via le secteur Clemenceau \/ Kabl\u00e9 n'a pas \u00e9t\u00e9 retenue non plus.\" width=\"960\" height=\"640\"\/><br \/>\n    La proposition de raccordement au centre par R\u00e9publique via le secteur Clemenceau \/ Kabl\u00e9 n\u2019a pas \u00e9t\u00e9 retenue non plus. (\u00a9DR)<\/p>\n<p>Une r\u00e9alisation en deux temps<\/p>\n<p class=\" wall-content\">Au moment de la restitution des r\u00e9sultats de la convention citoyenne, la Ville et l\u2019Eurom\u00e9tropole de Strasbourg ont affirm\u00e9 leur intention de <strong>prendre comme nouvelles bases les pr\u00e9conisations du rapport<\/strong>.<\/p>\n<p class=\" wall-content\">Ceci \u00e9tant dit, les collectivit\u00e9s ont d\u00e9j\u00e0 indiqu\u00e9 leur souhait de phaser le projet, c\u2019est-\u00e0-dire de <strong>r\u00e9aliser d\u2019abord la partie nord du trac\u00e9<\/strong>, avant de revenir sur la partie centre.<\/p>\n<p class=\" wall-content\">Personnalisez votre actualit\u00e9 en ajoutant vos villes et m\u00e9dias en favori avec <a href=\"https:\/\/moncompte.actu.fr\" title=\"D\u00e9couvez Mon Actu\" rel=\"nofollow noopener\" data-trk=\"{&quot;cta&quot;:{&quot;action&quot;:&quot;https:\\\/\\\/moncompte.actu.fr&quot;,&quot;category&quot;:&quot;mon compte&quot;,&quot;from&quot;:&quot;article footer&quot;,&quot;name&quot;:&quot;Mon actu&quot;,&quot;type&quot;:&quot;cta&quot;}}\" target=\"_blank\">Mon Actu<\/a>.<\/p>\n","protected":false},"excerpt":{"rendered":"Par Ivan CAPECCHI Publi\u00e9 le 14 oct. 2025 \u00e0 17h47 Recal\u00e9 fin 2024 par la commission d\u2019enqu\u00eate publique,&hellip;\n","protected":false},"author":2,"featured_media":150869,"comment_status":"","ping_status":"","sticky":false,"template":"","format":"standard","meta":{"footnotes":""},"categories":[2820],"tags":[1111,11,1777,674,1011,27,775,12,25,104,640,56934,2803],"class_list":{"0":"post-473706","1":"post","2":"type-post","3":"status-publish","4":"format-standard","5":"has-post-thumbnail","7":"category-strasbourg","8":"tag-actu","9":"tag-actualites","10":"tag-eu","11":"tag-europe","12":"tag-fr","13":"tag-france","14":"tag-grand-est","15":"tag-news","16":"tag-republique-francaise","17":"tag-societe","18":"tag-strasbourg","19":"tag-tram-nord-strasbourg","20":"tag-transport"},"share_on_mastodon":{"url":"https:\/\/pubeurope.com\/@fr\/115398114852247479","error":""},"_links":{"self":[{"href":"https:\/\/www.europesays.com\/fr\/wp-json\/wp\/v2\/posts\/473706","targetHints":{"allow":["GET"]}}],"collection":[{"href":"https:\/\/www.europesays.com\/fr\/wp-json\/wp\/v2\/posts"}],"about":[{"href":"https:\/\/www.europesays.com\/fr\/wp-json\/wp\/v2\/types\/post"}],"author":[{"embeddable":true,"href":"https:\/\/www.europesays.com\/fr\/wp-json\/wp\/v2\/users\/2"}],"replies":[{"embeddable":true,"href":"https:\/\/www.europesays.com\/fr\/wp-json\/wp\/v2\/comments?post=473706"}],"version-history":[{"count":0,"href":"https:\/\/www.europesays.com\/fr\/wp-json\/wp\/v2\/posts\/473706\/revisions"}],"wp:featuredmedia":[{"embeddable":true,"href":"https:\/\/www.europesays.com\/fr\/wp-json\/wp\/v2\/media\/150869"}],"wp:attachment":[{"href":"https:\/\/www.europesays.com\/fr\/wp-json\/wp\/v2\/media?parent=473706"}],"wp:term":[{"taxonomy":"category","embeddable":true,"href":"https:\/\/www.europesays.com\/fr\/wp-json\/wp\/v2\/categories?post=473706"},{"taxonomy":"post_tag","embeddable":true,"href":"https:\/\/www.europesays.com\/fr\/wp-json\/wp\/v2\/tags?post=473706"}],"curies":[{"name":"wp","href":"https:\/\/api.w.org\/{rel}","templated":true}]}}