{"id":473711,"date":"2025-10-19T01:00:12","date_gmt":"2025-10-19T01:00:12","guid":{"rendered":"https:\/\/www.europesays.com\/fr\/473711\/"},"modified":"2025-10-19T01:00:12","modified_gmt":"2025-10-19T01:00:12","slug":"frappe-a-coups-de-marteau-sequestre-et-extorque-letrange-agression-dun-jeune-pres","status":"publish","type":"post","link":"https:\/\/www.europesays.com\/fr\/473711\/","title":{"rendered":"Frapp\u00e9 \u00e0 coups de marteau, s\u00e9questr\u00e9 et extorqu\u00e9\u00a0: l\u2019\u00e9trange agression d\u2019un jeune pr\u00e8s"},"content":{"rendered":"<p>Que s\u2019est-il pass\u00e9 dans la nuit de vendredi\u00a017 \u00e0 samedi 18\u00a0octobre, dans le bourg de Saint-Herblain, <a href=\"https:\/\/nantes.maville.com\/info\/info-locale\/\" target=\"_self\" rel=\"noopener\">pr\u00e8s de Nante<\/a>s\u00a0? Pour le moment, les enqu\u00eateurs se posent plus de questions qu\u2019ils n\u2019obtiennent de r\u00e9ponses. Ils doivent composer avec les rares \u00e9l\u00e9ments recueillis aupr\u00e8s des rares t\u00e9moins.<\/p>\n<p>Un jeune homme rou\u00e9 de coups<\/p>\n<p>Aux alentours de minuit, une habitante appelle police secours. Elle vient de venir en aide \u00e0 un jeune homme, retrouv\u00e9 dans la rue. Il a \u00e9t\u00e9 rou\u00e9 de coups et reste mal en point. \u00c2g\u00e9 de 27\u00a0ans, ce bless\u00e9 est transport\u00e9 au CHU de Nantes. Son pronostic vital n\u2019est pas engag\u00e9.<\/p>\n<p>Frapp\u00e9 avec un marteau<\/p>\n<p>Un sc\u00e9nario incertain commence \u00e0 se d\u00e9gager. La victime circulait avec ses cousins quand leur v\u00e9hicule est entr\u00e9 en collision avec un autre. Banal accident ou choc volontaire\u00a0? Existait-il un contentieux entre eux\u00a0? Plusieurs personnes sont descendues de la deuxi\u00e8me voiture et les coups se sont mis \u00e0 pleuvoir. Le vingtenaire est plus particuli\u00e8rement frapp\u00e9. Parfois, avec des objets comme un marteau, selon son propre r\u00e9cit.<\/p>\n<p>Embarqu\u00e9 par ses agresseurs<\/p>\n<p>Il sera embarqu\u00e9 par ses agresseurs, qui tentent de lui soustraire quelque chose. Dans des conditions que l\u2019enqu\u00eate devra d\u00e9terminer, le bless\u00e9 est abandonn\u00e9 dans la rue. \u00c0 l\u2019endroit o\u00f9 la riveraine l\u2019a d\u00e9couvert.<\/p>\n<p>La police judiciaire saisie<\/p>\n<p>Dans un premier temps confi\u00e9e au service local de police judiciaire de Nantes, l\u2019enqu\u00eate a \u00e9t\u00e9 transf\u00e9r\u00e9e \u00e0 la division de la criminalit\u00e9 organis\u00e9e et sp\u00e9cialis\u00e9e.<\/p>\n<p>\u00a0<\/p>\n","protected":false},"excerpt":{"rendered":"Que s\u2019est-il pass\u00e9 dans la nuit de vendredi\u00a017 \u00e0 samedi 18\u00a0octobre, dans le bourg de Saint-Herblain, pr\u00e8s de&hellip;\n","protected":false},"author":2,"featured_media":473712,"comment_status":"","ping_status":"","sticky":false,"template":"","format":"standard","meta":{"footnotes":""},"categories":[2818],"tags":[1111,11,1120,854,21076,1777,674,59715,1011,27,11731,3913,14074,766,12,2636,3762,25,45803],"class_list":{"0":"post-473711","1":"post","2":"type-post","3":"status-publish","4":"format-standard","5":"has-post-thumbnail","7":"category-nantes","8":"tag-actu","9":"tag-actualites","10":"tag-agression","11":"tag-coups","12":"tag-etrange","13":"tag-eu","14":"tag-europe","15":"tag-extorque","16":"tag-fr","17":"tag-france","18":"tag-frappe","19":"tag-jeune","20":"tag-marteau","21":"tag-nantes","22":"tag-news","23":"tag-pays-de-la-loire","24":"tag-pres","25":"tag-republique-francaise","26":"tag-sequestre"},"share_on_mastodon":{"url":"https:\/\/pubeurope.com\/@fr\/115398129951971927","error":""},"_links":{"self":[{"href":"https:\/\/www.europesays.com\/fr\/wp-json\/wp\/v2\/posts\/473711","targetHints":{"allow":["GET"]}}],"collection":[{"href":"https:\/\/www.europesays.com\/fr\/wp-json\/wp\/v2\/posts"}],"about":[{"href":"https:\/\/www.europesays.com\/fr\/wp-json\/wp\/v2\/types\/post"}],"author":[{"embeddable":true,"href":"https:\/\/www.europesays.com\/fr\/wp-json\/wp\/v2\/users\/2"}],"replies":[{"embeddable":true,"href":"https:\/\/www.europesays.com\/fr\/wp-json\/wp\/v2\/comments?post=473711"}],"version-history":[{"count":0,"href":"https:\/\/www.europesays.com\/fr\/wp-json\/wp\/v2\/posts\/473711\/revisions"}],"wp:featuredmedia":[{"embeddable":true,"href":"https:\/\/www.europesays.com\/fr\/wp-json\/wp\/v2\/media\/473712"}],"wp:attachment":[{"href":"https:\/\/www.europesays.com\/fr\/wp-json\/wp\/v2\/media?parent=473711"}],"wp:term":[{"taxonomy":"category","embeddable":true,"href":"https:\/\/www.europesays.com\/fr\/wp-json\/wp\/v2\/categories?post=473711"},{"taxonomy":"post_tag","embeddable":true,"href":"https:\/\/www.europesays.com\/fr\/wp-json\/wp\/v2\/tags?post=473711"}],"curies":[{"name":"wp","href":"https:\/\/api.w.org\/{rel}","templated":true}]}}