{"id":473715,"date":"2025-10-19T01:02:33","date_gmt":"2025-10-19T01:02:33","guid":{"rendered":"https:\/\/www.europesays.com\/fr\/473715\/"},"modified":"2025-10-19T01:02:33","modified_gmt":"2025-10-19T01:02:33","slug":"la-justice-valide-le-refus-de-subvention-a-une-compagnie-de-theatre-accusee-de-militantisme","status":"publish","type":"post","link":"https:\/\/www.europesays.com\/fr\/473715\/","title":{"rendered":"La justice valide le refus de subvention \u00e0 une compagnie de th\u00e9\u00e2tre accus\u00e9e de \u00ab\u00a0militantisme\u00a0\u00bb"},"content":{"rendered":"<p class=\"wp-block-post-excerpt__excerpt\">Le tribunal administratif de Bordeaux a confirm\u00e9, mardi 14 octobre, le refus de subvention oppos\u00e9 \u00e0 la compagnie Arlette Moreau, bien qu\u2019il reconnaisse qu\u2019aucune violation du contrat d\u2019engagement r\u00e9publicain n\u2019ait \u00e9t\u00e9 commise. Une d\u00e9cision fond\u00e9e sur une \u00ab\u00a0substitution de motifs\u00a0\u00bb, argument qui inqui\u00e8te le monde associatif. <\/p>\n<p><a href=\"https:\/\/rue89bordeaux.com\/category\/actualite\/\" rel=\"tag noopener\" target=\"_blank\">Actualit\u00e9<\/a>, <a href=\"https:\/\/rue89bordeaux.com\/category\/kiosque-abonne\/\" rel=\"tag noopener\" target=\"_blank\">\u00c9dition abonn\u00e9s<\/a><\/p>\n<p>Walid Salem<\/p>\n<p>Publi\u00e9 le 17 octobre 2025\u00a0\u00a0\u00b7\u00a0\u00a0<\/p>\n<p>Imprim\u00e9 le 19 octobre 2025 \u00e0 03h02\u00a0\u00a0\u00b7\u00a0\u00a0<\/p>\n<p>\t\t\t\t\t3\u00a0minutes\n<\/p>\n<p>C\u2019est un jugement \u00e0 la port\u00e9e symbolique qui a \u00e9t\u00e9 rendu mardi 14 octobre par le tribunal administratif de Bordeaux. La juridiction a rejet\u00e9 la requ\u00eate d\u00e9pos\u00e9e par la compagnie de th\u00e9\u00e2tre Arlette Moreau, qui demandait l\u2019annulation du refus de subvention prononc\u00e9 par la pr\u00e9fecture de Nouvelle-Aquitaine. <\/p>\n<p>En juillet 2023, celle-ci avait <a href=\"https:\/\/rue89bordeaux.com\/2025\/09\/a-bordeaux-la-compagnie-arlette-moreau-conteste-en-justice-le-refus-dune-subvention-de-letat-motive-pour-engagement-militant\/\" target=\"_blank\" rel=\"noreferrer noopener\">motiv\u00e9 ce rejet<\/a> par le fait que le rapport d\u2019activit\u00e9 de la compagnie pr\u00e9sente des \u00ab\u00a0engagements militants non conformes au respect des lois de la R\u00e9publique consign\u00e9 dans le CER\u00a0\u00bb ; un contrat d\u2019engagement r\u00e9publicain que toute association sollicitant une aide publique doit signer.<\/p>\n<p>Or, dans sa d\u00e9cision, le tribunal administratif de Bordeaux affirme que \u00ab\u00a0le pr\u00e9fet de la r\u00e9gion Nouvelle-Aquitaine a entach\u00e9 sa d\u00e9cision d\u2019une erreur manifeste d\u2019appr\u00e9ciation\u00a0\u00bb. Il note \u00e9galement que \u00ab\u00a0le pr\u00e9fet ne pr\u00e9cise aucunement, ni dans sa d\u00e9cision, ni dans ses \u00e9critures en d\u00e9fense, quelles actions men\u00e9es par l\u2019association seraient susceptibles d\u2019avoir entra\u00een\u00e9 des troubles graves \u00e0 l\u2019ordre public ou quelles modalit\u00e9s de conduite de son activit\u00e9 seraient illicites\u00a0\u00bb.<\/p>\n<p>Le tribunal atteste qu\u2019aucune des obligations du CER n\u2019a \u00e9t\u00e9 viol\u00e9e. Pourtant, plut\u00f4t que d\u2019annuler la d\u00e9cision, il admet qu\u2019un autre motif \u2013 le manque de cr\u00e9dits \u2013 puisse \u00eatre substitu\u00e9 a posteriori \u00e0 celui initialement invoqu\u00e9.<\/p>\n<p>Lisez la suite pour 1\u20ac<\/p>\n<p>En profitant de notre offre d\u2019essai, r\u00e9siliable en ligne \u00e0 tout moment.<\/p>\n<p><strong>Pour acc\u00e9der \u00e0 cet article, il faut \u00eatre abonn\u00e9. Pourquoi\u00a0?<\/strong><\/p>\n<p>Les informations exclusives, les enqu\u00eates et certains reportages constituent l\u2019\u00e9dition abonn\u00e9s de Rue89 Bordeaux. En tant que m\u00e9dia ind\u00e9pendant, nos ressources proviennent de nos lectrices et lecteurs abonn\u00e9s, aucun milliardaire ni groupe bancaire ne nous finance.<\/p>\n<p>Nous demandons \u00e0 nos lecteurs une faible contribution pour disposer \u00e0 Bordeaux d\u2019un m\u00e9dia critique des pouvoirs, capable d\u2019enqu\u00eater et de traiter les enjeux locaux en profondeur et dans la dur\u00e9e.<\/p>\n<p>Chaque abonnement compte. Toutes nos recettes sont investies dans un journalisme local ind\u00e9pendant, dont la force et la r\u00e9activit\u00e9 d\u00e9pend directement du nombre d\u2019abonn\u00e9s actifs.<\/p>\n<p class=\"has-text-align-right\"><strong><a href=\"https:\/\/rue89bordeaux.com\/?p=128375\" data-type=\"page\" data-id=\"0\" target=\"_blank\" rel=\"noopener\">Je m\u2019abonne\u00a0 <\/a><\/strong><\/p>\n<p>\t\t\t<a href=\"https:\/\/rue89bordeaux.com\/\" class=\"custom-logo-link\" rel=\"home noopener\" target=\"_blank\"><img loading=\"lazy\" decoding=\"async\" width=\"290\" height=\"49\" src=\"https:\/\/www.europesays.com\/fr\/wp-content\/uploads\/2025\/04\/logo.png\" class=\"custom-logo\" alt=\"Rue89Bordeaux Enqu\u00eates et informations de proximit\u00e9\"  \/><\/a><\/p>\n<p>\n\t\t\t\tAbonnez-vous maintenant pour suivre l\u2019actualit\u00e9 locale.\t\t\t<\/p>\n<p class=\"font-bold font-serif-heading mb-2 text-4xl\">\n\t\t\t\t\t\tL\u2019investigation locale \u00e0 port\u00e9e de main.\n\t\t\t\t\t<\/p>\n<p>\n\t\t\t\t\t\tAbonnez-vous et profitez d\u2019un acc\u00e8s illimit\u00e9 \u00e0 Rue89Bordeaux. Annulez quand vous voulez.\n\t\t\t\t\t<\/p>\n<p class=\"xl:text-sm\">\n\t\t\t\t\tD\u00e9j\u00e0 abonn\u00e9\u00a0?<br \/>\n\t\t\t\t\t<a class=\"border border-transparent text-center transition-colors duration-instant focus:border-info focus:rounded focus:shadow-focus cursor-pointer text-black hover:text-gray-700 active:bg-black-700 font-semibold inline-block\" href=\"https:\/\/rue89bordeaux.com\/user\/login\/?redirect=\/2025\/10\/la-justice-valide-le-refus-de-subvention-a-une-compagnie-de-theatre-accusee-de-militantisme\/\" target=\"_blank\" rel=\"noopener\">Connectez-vous<\/a>\t\t\t\t<\/p>\n<p>\n\t\t\t\tChoisissez votre formule\u00a0:\n\t\t\t<\/p>\n<p>\t\t\t\tFermer<\/p>\n","protected":false},"excerpt":{"rendered":"Le tribunal administratif de Bordeaux a confirm\u00e9, mardi 14 octobre, le refus de subvention oppos\u00e9 \u00e0 la compagnie&hellip;\n","protected":false},"author":2,"featured_media":473716,"comment_status":"","ping_status":"","sticky":false,"template":"","format":"standard","meta":{"footnotes":""},"categories":[2817],"tags":[1111,11,1997,251,1777,674,1011,27,12,2219,1062,59716,25,1347],"class_list":{"0":"post-473715","1":"post","2":"type-post","3":"status-publish","4":"format-standard","5":"has-post-thumbnail","7":"category-bordeaux","8":"tag-actu","9":"tag-actualites","10":"tag-bordeaux","11":"tag-culture","12":"tag-eu","13":"tag-europe","14":"tag-fr","15":"tag-france","16":"tag-news","17":"tag-nouvelle-aquitaine","18":"tag-polemique","19":"tag-prefecture-de-nouvelle-aquitaine","20":"tag-republique-francaise","21":"tag-theatre"},"share_on_mastodon":{"url":"https:\/\/pubeurope.com\/@fr\/115398138329044503","error":""},"_links":{"self":[{"href":"https:\/\/www.europesays.com\/fr\/wp-json\/wp\/v2\/posts\/473715","targetHints":{"allow":["GET"]}}],"collection":[{"href":"https:\/\/www.europesays.com\/fr\/wp-json\/wp\/v2\/posts"}],"about":[{"href":"https:\/\/www.europesays.com\/fr\/wp-json\/wp\/v2\/types\/post"}],"author":[{"embeddable":true,"href":"https:\/\/www.europesays.com\/fr\/wp-json\/wp\/v2\/users\/2"}],"replies":[{"embeddable":true,"href":"https:\/\/www.europesays.com\/fr\/wp-json\/wp\/v2\/comments?post=473715"}],"version-history":[{"count":0,"href":"https:\/\/www.europesays.com\/fr\/wp-json\/wp\/v2\/posts\/473715\/revisions"}],"wp:featuredmedia":[{"embeddable":true,"href":"https:\/\/www.europesays.com\/fr\/wp-json\/wp\/v2\/media\/473716"}],"wp:attachment":[{"href":"https:\/\/www.europesays.com\/fr\/wp-json\/wp\/v2\/media?parent=473715"}],"wp:term":[{"taxonomy":"category","embeddable":true,"href":"https:\/\/www.europesays.com\/fr\/wp-json\/wp\/v2\/categories?post=473715"},{"taxonomy":"post_tag","embeddable":true,"href":"https:\/\/www.europesays.com\/fr\/wp-json\/wp\/v2\/tags?post=473715"}],"curies":[{"name":"wp","href":"https:\/\/api.w.org\/{rel}","templated":true}]}}