{"id":473717,"date":"2025-10-19T01:03:17","date_gmt":"2025-10-19T01:03:17","guid":{"rendered":"https:\/\/www.europesays.com\/fr\/473717\/"},"modified":"2025-10-19T01:03:17","modified_gmt":"2025-10-19T01:03:17","slug":"analyse-comment-lunion-bordeaux-begles-ubb-victorieuse-a-perpignan-a-enfin-decolle-a-lexterieur","status":"publish","type":"post","link":"https:\/\/www.europesays.com\/fr\/473717\/","title":{"rendered":"ANALYSE. Comment l\u2019Union Bordeaux-B\u00e8gles (UBB), victorieuse \u00e0 Perpignan, a enfin d\u00e9coll\u00e9 \u00e0 l\u2019ext\u00e9rieur"},"content":{"rendered":"<p>Et Matthieu Jalibert a surpris tout le monde. Ses co\u00e9quipiers, ses adversaires, et m\u00eame le r\u00e9alisateur TV du match qui ne l\u2019a pas vu vite jouer une p\u00e9nalit\u00e9 sous ses propres poteaux. L\u2019ouvreur international a mis les cannes, remont\u00e9 plus de 90\u00a0m\u00e8tres et d\u00e9pos\u00e9 le ballon dans l\u2019en-but catalan. \u00c0 la 63e minute, \u00e0 bout de souffle, il venait de donner un gros bol d\u2019air \u00e0 l\u2019UBB, dont l\u2019avance au score passait de 13 \u00e0 20\u00a0points. Il lui \u00e9pargnait du m\u00eame coup une fin de match br\u00fblante dans un stade qui ne demandait qu\u2019\u00e0 monter en temp\u00e9rature.<\/p>\n<p>L\u2019Union Bordeaux-B\u00e8gles n\u2019avait pas le droit de se louper l\u00e0 o\u00f9 Bayonne, le Racing et le Stade Fran\u00e7ais avaient gagn\u00e9 plus t\u00f4t. Perdre ici, c\u2019\u00e9tait comme perdre \u00e0 Chaban-Delmas, et cela aurait franchement fait tache dans le tableau de marche d\u2019un candidat au top\u00a02. Elle a donc gagn\u00e9, ce qui ne lui \u00e9tait jamais arriv\u00e9 \u00e0 l\u2019ext\u00e9rieur cette saison, et voil\u00e0 au moins une statistique d\u00e9favorable qu\u2019on ne lui rappellera plus pendant quelque temps. M\u00eame si elle sait qu\u2019il en faudra d\u2019autres d\u2019ici le printemps prochain pour se faire une place au soleil. En attendant, elle est provisoirement sixi\u00e8me.<\/p>\n<p>Pourtant, deux cartons jaunes<\/p>\n<p>Apr\u00e8s trois voyages \u00e0 vide, le bonus offensif n\u2019aurait pas \u00e9t\u00e9 de trop, surtout face \u00e0 une \u00e9quipe englu\u00e9e dans le doute, volontaire mais terriblement maladroite dans quasiment tous les secteurs du jeu, et toujours scotch\u00e9e \u00e0 z\u00e9ro point. Les champions d\u2019Europe ont g\u00e2ch\u00e9 leurs deux occasions de glaner un point suppl\u00e9mentaire dans les derniers instants, et ont laiss\u00e9 l\u2019Usap inscrire un essai sur la sir\u00e8ne. \u00ab\u00a0Ce bonus \u00e9tait un peu dans nos t\u00eates, mais on s\u2019est dit qu\u2019il fallait d\u00e9j\u00e0 \u00eatre satisfaits de cette victoire\u00a0\u00bb, soulignait le talonneur Ga\u00ebtan Barlot, qui ne faisait pas la fine bouche.<\/p>\n<p>Avec vingt minutes pass\u00e9es en inf\u00e9riorit\u00e9 num\u00e9rique, en raison des cartons jaunes de Louis Bielle-Biarrey en toute fin de premi\u00e8re p\u00e9riode (en-avant volontaire sur une occasion d\u2019essai) et de Cyril Cazeaux peu de temps apr\u00e8s le retour de l\u2019ailier (plaquage haut), l\u2019UBB n\u2019a pas mis toutes les chances de son c\u00f4t\u00e9. Mais elle a eu le m\u00e9rite de ne pas encaisser le moindre point sur ces deux s\u00e9quences \u00e0 14 contre 15, en maintenant autant que possible Perpignan dans son camp (38 jeux au pied sur l\u2019ensemble du match) et en r\u00e9ussissant \u00e0 maintenir un rideau \u00e0 peu pr\u00e8s \u00e9tanche (84\u00a0% de r\u00e9ussite au plaquage).<\/p>\n<p>Signaux positifs<\/p>\n<p>Par-del\u00e0 l\u2019interception salvatrice de Salesi Rayasi (55e), d\u2019autres gestes d\u00e9fensifs ont rassur\u00e9 et soulag\u00e9, Jalibert et Martin Page-Relo en premi\u00e8re p\u00e9riode, Damian Penaud et Jalibert encore en seconde. La copie d\u2019ensemble n\u2019est ni brillante, ni particuli\u00e8rement inspir\u00e9e, et il y avait probablement moyen de faire mieux en fin de premi\u00e8re p\u00e9riode pour ne pas laisser esp\u00e9rer l\u2019Usap.<\/p>\n<p>Mais les Bordelo-B\u00e9glais ont envoy\u00e9 des signaux positifs sur leur implication, la base de tout. \u00ab\u00a0Il y a eu une somme d\u2019engagements personnels de chacun. \u00c0 Toulouse (56-13), on a \u00e9t\u00e9 punis de nos nombreuses erreurs. Cette fois, tout le monde a \u00e9t\u00e9 align\u00e9\u00a0\u00bb, appr\u00e9cie Aur\u00e9lien Cologni, entra\u00eeneur adjoint en charge des skills et des attitudes.<\/p>\n<p>Ainsi l\u2019UBB a-t-elle r\u00e9ussi son d\u00e9but de match \u00e0 l\u2019ext\u00e9rieur, une fois n\u2019est pas coutume, avec deux jolis essais du centre Adrien Drault (son premier en Top\u00a014, \u00e0 19\u00a0ans) et de Temo Matiu, au bout d\u2019un tr\u00e8s joli mouvement collectif, en vingt minutes. L\u2019autre point positif a \u00e9t\u00e9 la touche (six ballons vol\u00e9s). Cameron Woki s\u2019est r\u00e9gal\u00e9, Adam Coleman aussi. De retour de blessure, toujours aussi dense \u00e0 l\u2019impact, l\u2019international australo-tongien fait au passage grimper le taux de victoire de son \u00e9quipe quand il est sur la pelouse\u00a0: 87\u00a0%, contre 62\u00a0% en son absence. L\u2019UBB aura besoin de lui, et de quelques autres, face \u00e0 Bayonne, au stade Atlantique, samedi prochain.<\/p>\n<p>    Les notes<br \/>\n<strong>8\/10<\/strong> Matiu<br \/><strong>7\/10<\/strong> Coleman, Woki, Jalibert<br \/><strong>6\/10<\/strong> Barlot, Poirot, Sadie, Cazeaux, Gazzotti, Page-Relo, Drault, Rayasi<br \/><strong>5\/10<\/strong> Penaud, Uberti<br \/><strong>4\/10<\/strong> Bielle-Biarrey<\/p>\n","protected":false},"excerpt":{"rendered":"Et Matthieu Jalibert a surpris tout le monde. Ses co\u00e9quipiers, ses adversaires, et m\u00eame le r\u00e9alisateur TV du&hellip;\n","protected":false},"author":2,"featured_media":473718,"comment_status":"","ping_status":"","sticky":false,"template":"","format":"standard","meta":{"footnotes":""},"categories":[2817],"tags":[1111,11,1997,1777,674,1011,27,12,2219,25],"class_list":{"0":"post-473717","1":"post","2":"type-post","3":"status-publish","4":"format-standard","5":"has-post-thumbnail","7":"category-bordeaux","8":"tag-actu","9":"tag-actualites","10":"tag-bordeaux","11":"tag-eu","12":"tag-europe","13":"tag-fr","14":"tag-france","15":"tag-news","16":"tag-nouvelle-aquitaine","17":"tag-republique-francaise"},"share_on_mastodon":{"url":"https:\/\/pubeurope.com\/@fr\/115398141799008838","error":""},"_links":{"self":[{"href":"https:\/\/www.europesays.com\/fr\/wp-json\/wp\/v2\/posts\/473717","targetHints":{"allow":["GET"]}}],"collection":[{"href":"https:\/\/www.europesays.com\/fr\/wp-json\/wp\/v2\/posts"}],"about":[{"href":"https:\/\/www.europesays.com\/fr\/wp-json\/wp\/v2\/types\/post"}],"author":[{"embeddable":true,"href":"https:\/\/www.europesays.com\/fr\/wp-json\/wp\/v2\/users\/2"}],"replies":[{"embeddable":true,"href":"https:\/\/www.europesays.com\/fr\/wp-json\/wp\/v2\/comments?post=473717"}],"version-history":[{"count":0,"href":"https:\/\/www.europesays.com\/fr\/wp-json\/wp\/v2\/posts\/473717\/revisions"}],"wp:featuredmedia":[{"embeddable":true,"href":"https:\/\/www.europesays.com\/fr\/wp-json\/wp\/v2\/media\/473718"}],"wp:attachment":[{"href":"https:\/\/www.europesays.com\/fr\/wp-json\/wp\/v2\/media?parent=473717"}],"wp:term":[{"taxonomy":"category","embeddable":true,"href":"https:\/\/www.europesays.com\/fr\/wp-json\/wp\/v2\/categories?post=473717"},{"taxonomy":"post_tag","embeddable":true,"href":"https:\/\/www.europesays.com\/fr\/wp-json\/wp\/v2\/tags?post=473717"}],"curies":[{"name":"wp","href":"https:\/\/api.w.org\/{rel}","templated":true}]}}