{"id":473723,"date":"2025-10-19T01:07:19","date_gmt":"2025-10-19T01:07:19","guid":{"rendered":"https:\/\/www.europesays.com\/fr\/473723\/"},"modified":"2025-10-19T01:07:19","modified_gmt":"2025-10-19T01:07:19","slug":"next-festival-erste-schritte-zu-den-schwellen-evenements","status":"publish","type":"post","link":"https:\/\/www.europesays.com\/fr\/473723\/","title":{"rendered":"NEXT Festival : Erste Schritte zu den Schwellen \/ \u00c9v\u00e9nements"},"content":{"rendered":"<p>\n                                                                        Du 8<br \/>au 9 novembre 2025\n                                        <\/p>\n<p class=\"subtitle\">\u00e0 <strong><br \/>\nesplanade Gare Saint Sauveur<\/strong><\/p>\n<p>Une procession dansante pour \u00e9branler les structures coloniales.<\/p>\n<p>            <img loading=\"lazy\" decoding=\"async\" src=\"\/var\/www\/storage\/images\/mediatheque\/mairie-de-lille\/images-openagenda\/erste-schritte-zu-den-schwellen\/3850728-1-fre-FR\/Erste-Schritte-zu-den-Schwellen_news_image_top.jpg\" width=\"779\" height=\"519\" alt=\"Erste Schritte zu den Schwellen\"\/><\/p>\n<p>Dans une lente procession, des personnages masqu\u00e9s dansent ensemble. Des clochettes suspendues entre leurs omoplates tintent \u00e0 chacun de leurs mouvements. Zwoisy Mears-Clarke invite ainsi le public \u00e0 participer \u00e0 une nouvelle danse folklorique, m\u00ealant narration, danse et audiodescription. Inspir\u00e9e des traditions masqu\u00e9es allemandes visant \u00e0 chasser l&rsquo;hiver, cette procession a pour but d&rsquo;\u00e9branler les structures coloniales locales qui persistent encore aujourd&rsquo;hui.<\/p>\n<p>\n<strong>Samedi : 13h30 et 15h30<\/strong><br \/><strong>Dimanche : 15h00<\/strong><br \/><strong>(Dur\u00e9e : 45 min)<\/strong><\/p>\n<p>        \t\t                        Infos pratiques<\/p>\n<p>                    Lieu<\/p>\n<p>\nesplanade Gare Saint Sauveur<\/p>\n<p>                    Adresse<\/p>\n<p>17 bd Jean Baptiste Lebas<\/p>\n<p>                                                            Voir le plan<\/p>\n<p>\n                    PublicsDe  \u00e0  ans<\/p>\n<p>                            Horaires<\/p>\n<p class=\"textAlone\">Le 08\/11\/2025 de 13:30 \u00e0 14:15<br \/>Le 08\/11\/2025 de 15:30 \u00e0 16:15<br \/>Le 09\/11\/2025 de 15:00 \u00e0 15:45<\/p>\n","protected":false},"excerpt":{"rendered":"Du 8au 9 novembre 2025 \u00e0 esplanade Gare Saint Sauveur Une procession dansante pour \u00e9branler les structures coloniales.&hellip;\n","protected":false},"author":2,"featured_media":473724,"comment_status":"","ping_status":"","sticky":false,"template":"","format":"standard","meta":{"footnotes":""},"categories":[2815],"tags":[1111,11,4763,1777,674,1011,27,811,1307,5415,12,25],"class_list":{"0":"post-473723","1":"post","2":"type-post","3":"status-publish","4":"format-standard","5":"has-post-thumbnail","7":"category-lille","8":"tag-actu","9":"tag-actualites","10":"tag-agenda","11":"tag-eu","12":"tag-europe","13":"tag-fr","14":"tag-france","15":"tag-hauts-de-france","16":"tag-lille","17":"tag-mairie","18":"tag-news","19":"tag-republique-francaise"},"share_on_mastodon":{"url":"https:\/\/pubeurope.com\/@fr\/115398158120787178","error":""},"_links":{"self":[{"href":"https:\/\/www.europesays.com\/fr\/wp-json\/wp\/v2\/posts\/473723","targetHints":{"allow":["GET"]}}],"collection":[{"href":"https:\/\/www.europesays.com\/fr\/wp-json\/wp\/v2\/posts"}],"about":[{"href":"https:\/\/www.europesays.com\/fr\/wp-json\/wp\/v2\/types\/post"}],"author":[{"embeddable":true,"href":"https:\/\/www.europesays.com\/fr\/wp-json\/wp\/v2\/users\/2"}],"replies":[{"embeddable":true,"href":"https:\/\/www.europesays.com\/fr\/wp-json\/wp\/v2\/comments?post=473723"}],"version-history":[{"count":0,"href":"https:\/\/www.europesays.com\/fr\/wp-json\/wp\/v2\/posts\/473723\/revisions"}],"wp:featuredmedia":[{"embeddable":true,"href":"https:\/\/www.europesays.com\/fr\/wp-json\/wp\/v2\/media\/473724"}],"wp:attachment":[{"href":"https:\/\/www.europesays.com\/fr\/wp-json\/wp\/v2\/media?parent=473723"}],"wp:term":[{"taxonomy":"category","embeddable":true,"href":"https:\/\/www.europesays.com\/fr\/wp-json\/wp\/v2\/categories?post=473723"},{"taxonomy":"post_tag","embeddable":true,"href":"https:\/\/www.europesays.com\/fr\/wp-json\/wp\/v2\/tags?post=473723"}],"curies":[{"name":"wp","href":"https:\/\/api.w.org\/{rel}","templated":true}]}}