{"id":473725,"date":"2025-10-19T01:08:18","date_gmt":"2025-10-19T01:08:18","guid":{"rendered":"https:\/\/www.europesays.com\/fr\/473725\/"},"modified":"2025-10-19T01:08:18","modified_gmt":"2025-10-19T01:08:18","slug":"pave-apres-pave-le-noailles-de-demain-se-dessine-a-marseille","status":"publish","type":"post","link":"https:\/\/www.europesays.com\/fr\/473725\/","title":{"rendered":"Pav\u00e9 apr\u00e8s pav\u00e9, le Noailles de demain se dessine \u00e0 Marseille"},"content":{"rendered":"<p>\u00c0 tour de r\u00f4le, les badauds interpellent le chef de chantier post\u00e9 sur le bas de <a href=\"https:\/\/www.laprovence.com\/article\/region\/6156597149858914\/un-incendie-se-declare-dans-un-immeuble-de-la-rue-d-aubagne-a-marseille-intervention-en-cours\" target=\"_blank\" rel=\"noopener\">la rue d\u2019Aubagne<\/a> (1er). \u00ab\u00a0Vous mettrez des joints entre les pav\u00e9s\u00a0? Et ils seront de quelle couleur\u00a0? Ce sera fini dans combien de temps\u00a0?\u00a0\u00bb Les questions fusent et le responsable r\u00e9pond, ravi de constater l\u2019effet sur les passants du travail d\u00e9j\u00e0 accompli par ses \u00e9quipes.<\/p>\n<p>\u00ab\u00a0Un mortier couleur or viendra sceller les pierres comme dans la rue M\u00e9olan, qui est d\u00e9j\u00e0 finie, explique-t-il. Tout est pos\u00e9 \u00e0 la main, les pierres viennent d\u2019Italie, les bordures du Portugal, et il y aura deux centim\u00e8tres d\u2019\u00e9cart entre le trottoir et la promenade centrale.\u00a0\u00bb Disparus les poteaux et l\u2019\u00e9trange piste cyclable mat\u00e9rialis\u00e9e sur la voie pi\u00e9tonne.<\/p>\n<p>Alors que les ouvriers s\u2019activent devant la p\u00e2tisserie orientale, Le Carthage, o\u00f9 il travaille, Zouhir observe le chantier\u00a0: \u00ab\u00a0\u00c7a fait un mois et demi qu\u2019on a \u00e9norm\u00e9ment perdu de notre chiffre d\u2019affaires et il reste encore un mois et demi \u00e0 tenir mais quand ce sera fini, ce sera mieux qu\u2019avant, c\u2019est plus propre.\u00a0\u00bb<\/p>\n<p><img alt=\"Le bas de la rue d'Aubagne est en cours de pavage.\" loading=\"lazy\" decoding=\"async\" data-nimg=\"fill\" class=\" TwicCore_img__i9TC1 undefined  undefined\" style=\"position:absolute;height:100%;width:100%;left:0;top:0;right:0;bottom:0;color:transparent;background-size:cover;background-position:50% 50%;background-repeat:no-repeat;background-image:url(&quot;data:image\/svg+xml;charset=utf-8,%3Csvg xmlns='http:\/\/www.w3.org\/2000\/svg' %3E%3Cfilter id='b' color-interpolation-filters='sRGB'%3E%3CfeGaussianBlur stdDeviation='20'\/%3E%3CfeColorMatrix values='1 0 0 0 0 0 1 0 0 0 0 0 1 0 0 0 0 0 100 -1' result='s'\/%3E%3CfeFlood x='0' y='0' width='100%25' height='100%25'\/%3E%3CfeComposite operator='out' in='s'\/%3E%3CfeComposite in2='SourceGraphic'\/%3E%3CfeGaussianBlur stdDeviation='20'\/%3E%3C\/filter%3E%3Cimage width='100%25' height='100%25' x='0' y='0' preserveAspectRatio='none' style='filter: url(%23b);' href='https:\/\/pictures.laprovence.com\/cdn-cgi\/image\/blur=250\/media\/melody\/2025\/10\/18\/le-bas-de-la-rue-d-aubagne-est-en-cours-de-pavage-1760770286_213a3dc152f86153a3dc152f8e83a3v_.jpg'\/%3E%3C\/svg%3E&quot;)\"   src=\"https:\/\/www.europesays.com\/fr\/wp-content\/uploads\/2025\/10\/le-bas-de-la-rue-d-aubagne-est-en-cours-de-pavage-1760770286_213a3dc152f86153a3dc152f8e83a3v_.jpg\"\/>Le bas de la rue d&rsquo;Aubagne est en cours de pavage. \/ PHOTO L.M.<\/p>\n<p>Lanc\u00e9s le 8\u00a0septembre \u00e0 Noailles, ces travaux concr\u00e9tisent<a href=\"https:\/\/www.laprovence.com\/article\/region\/1370884103050514\/a-marseille-les-pietons-auront-davantage-de-place-pour-circuler-dans-le-quartier-de-noailles\" target=\"_blank\" rel=\"noopener\"> des mois de concertations et d\u2019\u00e9tudes pour r\u00e9am\u00e9nager les espaces publics<\/a> dans le quartier. C\u2019est la Soci\u00e9t\u00e9 publique locale d\u2019am\u00e9nagement d\u2019int\u00e9r\u00eat national (Spla-In) cr\u00e9\u00e9e pour traiter l\u2019habitat priv\u00e9 d\u00e9grad\u00e9 sur le territoire m\u00e9tropolitain qui est \u00e9galement charg\u00e9e de cette r\u00e9alisation. L\u2019op\u00e9ration s\u2019inscrit \u00e0 la fois dans la concession d\u2019am\u00e9nagement Noailles-C\u0153ur Belle-de-Mai conclue avec la M\u00e9tropole en janvier\u00a02023, et dans la requalification d\u2019ensemble du secteur port\u00e9e par les actionnaires de la Spla-In (l\u2019\u00c9tat, la M\u00e9tropole et la Ville) dans le cadre du plan Marseille en grand, du projet partenarial d\u2019am\u00e9nagement et du projet de renouvellement urbain du grand centre-ville financ\u00e9 par l\u2019Agence nationale pour la r\u00e9novation urbaine.<\/p>\n<p><img alt=\"La rue M\u00e9olan dite du P\u00e8re-Blaize b\u00e9n\u00e9ficie d\u00e9j\u00e0 d'un pavage en quinconce.\" loading=\"lazy\" decoding=\"async\" data-nimg=\"fill\" class=\" TwicCore_img__i9TC1 undefined  undefined\" style=\"position:absolute;height:100%;width:100%;left:0;top:0;right:0;bottom:0;color:transparent;background-size:cover;background-position:50% 50%;background-repeat:no-repeat;background-image:url(&quot;data:image\/svg+xml;charset=utf-8,%3Csvg xmlns='http:\/\/www.w3.org\/2000\/svg' %3E%3Cfilter id='b' color-interpolation-filters='sRGB'%3E%3CfeGaussianBlur stdDeviation='20'\/%3E%3CfeColorMatrix values='1 0 0 0 0 0 1 0 0 0 0 0 1 0 0 0 0 0 100 -1' result='s'\/%3E%3CfeFlood x='0' y='0' width='100%25' height='100%25'\/%3E%3CfeComposite operator='out' in='s'\/%3E%3CfeComposite in2='SourceGraphic'\/%3E%3CfeGaussianBlur stdDeviation='20'\/%3E%3C\/filter%3E%3Cimage width='100%25' height='100%25' x='0' y='0' preserveAspectRatio='none' style='filter: url(%23b);' href='https:\/\/pictures.laprovence.com\/cdn-cgi\/image\/blur=250\/media\/melody\/2025\/10\/18\/la-rue-meolan-dite-du-pere-blaize-beneficie-deja-d-un-pavage-en-quinconce-1760770286_0faa4dc152f860fca4dc152f806fa4v_.jpg'\/%3E%3C\/svg%3E&quot;)\"   src=\"https:\/\/www.europesays.com\/fr\/wp-content\/uploads\/2025\/10\/la-rue-meolan-dite-du-pere-blaize-beneficie-deja-d-un-pavage-en-quinconce-1760770286_0faa4dc152f860f.jpeg\"\/>La rue M\u00e9olan dite du P\u00e8re-Blaize b\u00e9n\u00e9ficie d\u00e9j\u00e0 d&rsquo;un pavage en quinconce. \/ PHOTO L.M.<\/p>\n<p>Dans les faits, cela se traduit par des terrassements des sols, par la pose d\u2019un nouveau rev\u00eatement en pierre, qualitatif et durable, et de mobilier urbain (corbeilles, fontaines \u00e0 eau\u2026). Du 8\u00a0septembre \u00e0 d\u00e9but d\u00e9cembre, le chantier concerne <a href=\"https:\/\/www.laprovence.com\/article\/region\/733490839655115\/entreprise-centenaire-la-pharmacie-herboristerie-du-pere-blaize-a-marseille-depuis-1815\" target=\"_blank\" rel=\"noopener\">les rues M\u00e9olan<\/a> et d\u2019Aubagne (du n\u00b0\u00a01 au n\u00b0\u00a015)\u00a0; du 22\u00a0septembre \u00e0 la mi-d\u00e9cembre, la rue du Mus\u00e9e (du n\u00b0\u00a01 au n\u00b0\u00a021) sera r\u00e9nov\u00e9e. Depuis lundi 13\u00a0octobre et jusqu\u2019\u00e0 janvier\u00a02026, ce sera le tour de la rue Longue-des-Capucins (du n\u00b0\u00a01 au n\u00b0\u00a021), puis, de fin novembre \u00e0 mi-f\u00e9vrier, de la rue Jean-Roque (du n\u00b0\u00a01 au n\u00b0\u00a027).<\/p>\n<p><img alt=\"Le chantier du futur tiers-lieu de la rue d'Aubagne a commenc\u00e9.\" loading=\"lazy\" decoding=\"async\" data-nimg=\"fill\" class=\" TwicCore_img__i9TC1 undefined  undefined\" style=\"position:absolute;height:100%;width:100%;left:0;top:0;right:0;bottom:0;color:transparent;background-size:cover;background-position:50% 50%;background-repeat:no-repeat;background-image:url(&quot;data:image\/svg+xml;charset=utf-8,%3Csvg xmlns='http:\/\/www.w3.org\/2000\/svg' %3E%3Cfilter id='b' color-interpolation-filters='sRGB'%3E%3CfeGaussianBlur stdDeviation='20'\/%3E%3CfeColorMatrix values='1 0 0 0 0 0 1 0 0 0 0 0 1 0 0 0 0 0 100 -1' result='s'\/%3E%3CfeFlood x='0' y='0' width='100%25' height='100%25'\/%3E%3CfeComposite operator='out' in='s'\/%3E%3CfeComposite in2='SourceGraphic'\/%3E%3CfeGaussianBlur stdDeviation='20'\/%3E%3C\/filter%3E%3Cimage width='100%25' height='100%25' x='0' y='0' preserveAspectRatio='none' style='filter: url(%23b);' href='https:\/\/pictures.laprovence.com\/cdn-cgi\/image\/blur=250\/media\/melody\/2025\/10\/18\/le-chantier-du-futur-tiers-lieu-de-la-rue-d-aubagne-a-commence-1760770286_541c4dc152f860bac4dc152f8bfbc4v_.jpg'\/%3E%3C\/svg%3E&quot;)\"   src=\"https:\/\/www.europesays.com\/fr\/wp-content\/uploads\/2025\/10\/le-chantier-du-futur-tiers-lieu-de-la-rue-d-aubagne-a-commence-1760770286_541c4dc152f860bac4dc152f8b.jpeg\"\/>Le chantier du futur tiers-lieu de la rue d&rsquo;Aubagne a commenc\u00e9. \/ PHOTO L.M.<img alt=\"Les ouvriers s'activent pour requalifier le bas de la rue d'Aubagne.\" loading=\"lazy\" decoding=\"async\" data-nimg=\"fill\" class=\" TwicCore_img__i9TC1 undefined  undefined\" style=\"position:absolute;height:100%;width:100%;left:0;top:0;right:0;bottom:0;color:transparent;background-size:cover;background-position:50% 50%;background-repeat:no-repeat;background-image:url(&quot;data:image\/svg+xml;charset=utf-8,%3Csvg xmlns='http:\/\/www.w3.org\/2000\/svg' %3E%3Cfilter id='b' color-interpolation-filters='sRGB'%3E%3CfeGaussianBlur stdDeviation='20'\/%3E%3CfeColorMatrix values='1 0 0 0 0 0 1 0 0 0 0 0 1 0 0 0 0 0 100 -1' result='s'\/%3E%3CfeFlood x='0' y='0' width='100%25' height='100%25'\/%3E%3CfeComposite operator='out' in='s'\/%3E%3CfeComposite in2='SourceGraphic'\/%3E%3CfeGaussianBlur stdDeviation='20'\/%3E%3C\/filter%3E%3Cimage width='100%25' height='100%25' x='0' y='0' preserveAspectRatio='none' style='filter: url(%23b);' href='https:\/\/pictures.laprovence.com\/cdn-cgi\/image\/blur=250\/media\/melody\/2025\/10\/18\/les-ouvriers-s-activent-pour-requalifier-le-bas-de-la-rue-d-aubagne-1760770286_7a3b4c9452f86ce3b4c9452f8534b4v_.jpg'\/%3E%3C\/svg%3E&quot;)\"   src=\"https:\/\/www.europesays.com\/fr\/wp-content\/uploads\/2025\/10\/les-ouvriers-s-activent-pour-requalifier-le-bas-de-la-rue-d-aubagne-1760770286_7a3b4c9452f86ce3b4c94.jpeg\"\/>Les ouvriers s&rsquo;activent pour requalifier le bas de la rue d&rsquo;Aubagne. \/ PHOTO L.M.Des travaux jusqu\u2019\u00e0 la fin\u00a02027<\/p>\n<p>Chacune de ces voies profitera d\u2019un \u00e9largissement de la promenade centrale, d\u2019une organisation des usages et de la mat\u00e9rialisation des emplacements commer\u00e7ants. La pi\u00e9tonnisation du quartier se poursuivra \u00e0 terme et des plantations verront le jour au pied de certains immeubles.<\/p>\n<p>\u00ab\u00a0Des jardini\u00e8res plant\u00e9es d\u2019arbustes et de plantes grimpantes seront propos\u00e9es durant le chantier aux riverains et aux commer\u00e7ants qui auront la charge de les entretenir sous la forme de permis visa vert \u00ab\u00a0rue Jardin\u00a0\u00bb\u00a0\u00bb, pr\u00e9cise la Spla-In.<\/p>\n<p>Suivra d\u00e8s la mi-2026 et jusqu\u2019\u00e0 la fin\u00a02027, une nouvelle phase du chantier qui s\u2019attellera aux rues d\u2019Aubagne, Vacon, Pollack, du Mus\u00e9e, de l\u2019Acad\u00e9mie, Rouvi\u00e8re, de l\u2019Arc, Chateauredon, Moustier, de la Palud, Jean-Baptiste-Estelle, mais aussi aux places de la Halle-Delacroix, du 5-Novembre-2018 et Estelle-Aubagne.<\/p>\n<p><img alt=\"Des logements sociaux verront le jour dans les immeubles des n\u00b042 et 44 de la rue d'Aubagne.\" loading=\"lazy\" decoding=\"async\" data-nimg=\"fill\" class=\" TwicCore_img__i9TC1 undefined  undefined\" style=\"position:absolute;height:100%;width:100%;left:0;top:0;right:0;bottom:0;color:transparent;background-size:cover;background-position:50% 50%;background-repeat:no-repeat;background-image:url(&quot;data:image\/svg+xml;charset=utf-8,%3Csvg xmlns='http:\/\/www.w3.org\/2000\/svg' %3E%3Cfilter id='b' color-interpolation-filters='sRGB'%3E%3CfeGaussianBlur stdDeviation='20'\/%3E%3CfeColorMatrix values='1 0 0 0 0 0 1 0 0 0 0 0 1 0 0 0 0 0 100 -1' result='s'\/%3E%3CfeFlood x='0' y='0' width='100%25' height='100%25'\/%3E%3CfeComposite operator='out' in='s'\/%3E%3CfeComposite in2='SourceGraphic'\/%3E%3CfeGaussianBlur stdDeviation='20'\/%3E%3C\/filter%3E%3Cimage width='100%25' height='100%25' x='0' y='0' preserveAspectRatio='none' style='filter: url(%23b);' href='https:\/\/pictures.laprovence.com\/cdn-cgi\/image\/blur=250\/media\/melody\/2025\/10\/18\/des-logements-sociaux-verront-le-jour-dans-les-immeubles-des-ndeg42-et-44-de-la-rue-d-aubagne-1760770287_b0053dc152f8656153dc152f863453v_.jpg'\/%3E%3C\/svg%3E&quot;)\"   src=\"https:\/\/www.europesays.com\/fr\/wp-content\/uploads\/2025\/10\/des-logements-sociaux-verront-le-jour-dans-les-immeubles-des-ndeg42-et-44-de-la-rue-d-aubagne-176077.jpeg\"\/>Des logements sociaux verront le jour dans les immeubles des n\u00b042 et 44 de la rue d&rsquo;Aubagne. \/ PHOTO L.M.<\/p>\n<p>En parall\u00e8le, la Spla-In a aussi lanc\u00e9 les travaux de r\u00e9habilitation \u00e0 hauteur des n\u00b0\u00a042 et\u00a044 de la rue d\u2019Aubagne pour y cr\u00e9er des logements sociaux, et a entam\u00e9 le chantier du tiers lieu qui verra le jour \u00e0 l\u2019emplacement des n\u00b0\u00a063 et\u00a065 de la rue, l\u00e0 o\u00f9 <a href=\"https:\/\/www.laprovence.com\/article\/faits-divers-justice\/1511161672051615\/effondrements-mortels-de-la-rue-d-aubagne-ruas-et-cachard-font-appel-il-y-aura-un-second-proces\" target=\"_blank\" rel=\"noopener\">deux immeubles se sont effondr\u00e9s<\/a> le 5\u00a0novembre\u00a02018, entra\u00eenant la mort de huit personnes.<\/p>\n","protected":false},"excerpt":{"rendered":"\u00c0 tour de r\u00f4le, les badauds interpellent le chef de chantier post\u00e9 sur le bas de la rue&hellip;\n","protected":false},"author":2,"featured_media":473726,"comment_status":"","ping_status":"","sticky":false,"template":"","format":"standard","meta":{"footnotes":""},"categories":[2814],"tags":[17,1111,11,150,12351,23196,1777,674,1011,27,884,12,6425,52382,882,25,104],"class_list":{"0":"post-473725","1":"post","2":"type-post","3":"status-publish","4":"format-standard","5":"has-post-thumbnail","7":"category-marseille","8":"tag-17","9":"tag-actu","10":"tag-actualites","11":"tag-apres","12":"tag-demain","13":"tag-dessine","14":"tag-eu","15":"tag-europe","16":"tag-fr","17":"tag-france","18":"tag-marseille","19":"tag-news","20":"tag-noailles","21":"tag-pave","22":"tag-provence-alpes-cote-dazur","23":"tag-republique-francaise","24":"tag-societe"},"share_on_mastodon":{"url":"https:\/\/pubeurope.com\/@fr\/115398162190398303","error":""},"_links":{"self":[{"href":"https:\/\/www.europesays.com\/fr\/wp-json\/wp\/v2\/posts\/473725","targetHints":{"allow":["GET"]}}],"collection":[{"href":"https:\/\/www.europesays.com\/fr\/wp-json\/wp\/v2\/posts"}],"about":[{"href":"https:\/\/www.europesays.com\/fr\/wp-json\/wp\/v2\/types\/post"}],"author":[{"embeddable":true,"href":"https:\/\/www.europesays.com\/fr\/wp-json\/wp\/v2\/users\/2"}],"replies":[{"embeddable":true,"href":"https:\/\/www.europesays.com\/fr\/wp-json\/wp\/v2\/comments?post=473725"}],"version-history":[{"count":0,"href":"https:\/\/www.europesays.com\/fr\/wp-json\/wp\/v2\/posts\/473725\/revisions"}],"wp:featuredmedia":[{"embeddable":true,"href":"https:\/\/www.europesays.com\/fr\/wp-json\/wp\/v2\/media\/473726"}],"wp:attachment":[{"href":"https:\/\/www.europesays.com\/fr\/wp-json\/wp\/v2\/media?parent=473725"}],"wp:term":[{"taxonomy":"category","embeddable":true,"href":"https:\/\/www.europesays.com\/fr\/wp-json\/wp\/v2\/categories?post=473725"},{"taxonomy":"post_tag","embeddable":true,"href":"https:\/\/www.europesays.com\/fr\/wp-json\/wp\/v2\/tags?post=473725"}],"curies":[{"name":"wp","href":"https:\/\/api.w.org\/{rel}","templated":true}]}}