{"id":473729,"date":"2025-10-19T01:10:21","date_gmt":"2025-10-19T01:10:21","guid":{"rendered":"https:\/\/www.europesays.com\/fr\/473729\/"},"modified":"2025-10-19T01:10:21","modified_gmt":"2025-10-19T01:10:21","slug":"linvite-politique-du-samedi-alexandre-dupalais","status":"publish","type":"post","link":"https:\/\/www.europesays.com\/fr\/473729\/","title":{"rendered":"L&rsquo;invit\u00e9 politique du samedi : Alexandre Dupalais"},"content":{"rendered":"<p>Ce samedi 18 octobre, Alexandre Dupalais, candidat UDR aux \u00e9lections municipales \u00e0 Lyon pour 2026<\/p>\n<p>L\u2019invit\u00e9 politique, c\u2019est le rendez-vous politique hebdomadaire de Lyon 1\u00e8re : tous les samedis matin de 11h00 \u00e0 12h00, au micro de Wilfried Delacour.<\/p>\n<p>Chaque semaine Wilfried Delacour re\u00e7oit un acteur politique de notre m\u00e9tropole et revient sur les sujets du moment et les raisons de l\u2019engagement dans la vie publique de son invit\u00e9.<\/p>\n<p>A quelques jours de l\u2019incarc\u00e9ration de l\u2019ancien Pr\u00e9sident de la R\u00e9publique Nicolas Sarkozy, Alexandre Dupalais, avocat de formation, commente sous son \u0153il d\u2019expert cette d\u00e9cision judiciaire qu\u2019il juge pour le moins excessive. Il en profite pour tacler la justice fran\u00e7aise et l\u2019acharnement judiciaire sur les partis de droite. <\/p>\n<p>Encore peu connu du grand public, Alexandre Dupalais, un proche d\u2019Eric Ciotti et candidat UDR pour les municipales de 2026 \u00e0 Lyon compte peser sur le d\u00e9bat public, lui qui est cr\u00e9dit\u00e9 selon de r\u00e9cents sondages \u00e0 8 % des intentions de votes des Lyonnais.<\/p>\n<p><img fetchpriority=\"high\" decoding=\"async\" width=\"768\" height=\"1024\" src=\"https:\/\/www.europesays.com\/fr\/wp-content\/uploads\/2025\/10\/IMG_20251018_142957-768x1024.jpg\" alt=\"\" class=\"wp-image-114408\" style=\"width:513px;height:auto\"  \/><\/p>\n<p>Il nous d\u00e9voile les grandes lignes de son programme tr\u00e8s ax\u00e9 sur la s\u00e9curit\u00e9 et dont l\u2019ambition est de faire de Lyon la ville la plus \u00ab\u00a0sure\u00a0\u00bb de France ! Particuli\u00e8rement critique sur la gestion de la ville par les \u00e9cologistes, il tacle aussi la candidature de Jean-Michel Aulas qu\u2019il qualifie de Macroniste. Il invite par ailleurs, tous les partisans LR d\u00e9\u00e7us par la tournure que prend leur parti, \u00e0 rejoindre les membres de l\u2019UDR. Il estime par ailleurs, que la seule solution pour redonner ses notes de noblesse \u00e0 la France, sera de toute fa\u00e7on, de faire l\u2019union des droites, qu\u2019il appelle de tout c\u0153ur.<\/p>\n<p>En fin d\u2019\u00e9mission, l\u2019invit\u00e9 par t\u00e9l\u00e9phone d\u2019Alexandre Dupalais, n\u2019est autre que Fran\u00e7ois Falletti, Lyonnais d\u2019origine, substitut du procureur \u00e0 Lyon \u00e0 ses d\u00e9buts, ancien magistrat, procureur g\u00e9n\u00e9ral pr\u00e8s la cour d\u2019appel de Lyon de 1996 \u00e0 2004, puis de Paris de 2010 \u00e0 2015. Il \u00e9paule et conseille Alexandre Dupalais dans sa campagne.<\/p>\n<p>Retrouvez l\u2019interview compl\u00e8te d\u2019Alexandre Dupalais dans le podcast ci-dessous :  <\/p>\n<p><img loading=\"lazy\" decoding=\"async\" width=\"576\" height=\"1024\" src=\"https:\/\/www.europesays.com\/fr\/wp-content\/uploads\/2025\/10\/Messenger_creation_DBA71AC9-2D9F-40B1-9A32-2F3458FB6D82-576x1024.jpeg\" alt=\"\" class=\"wp-image-114407\" style=\"width:502px;height:auto\"  \/><\/p>\n","protected":false},"excerpt":{"rendered":"Ce samedi 18 octobre, Alexandre Dupalais, candidat UDR aux \u00e9lections municipales \u00e0 Lyon pour 2026 L\u2019invit\u00e9 politique, c\u2019est&hellip;\n","protected":false},"author":2,"featured_media":473730,"comment_status":"","ping_status":"","sticky":false,"template":"","format":"standard","meta":{"footnotes":""},"categories":[1889],"tags":[1111,11,59717,2430,6537,1777,674,1011,27,59718,2428,59719,41694,3434,12,1078,25,59720,59721],"class_list":{"0":"post-473729","1":"post","2":"type-post","3":"status-publish","4":"format-standard","5":"has-post-thumbnail","7":"category-lyon","8":"tag-actu","9":"tag-actualites","10":"tag-alexandre-dupalais","11":"tag-auvergne-rhone-alpes","12":"tag-eric-ciotti","13":"tag-eu","14":"tag-europe","15":"tag-fr","16":"tag-france","17":"tag-francois-falletti","18":"tag-lyon","19":"tag-lyon-politique","20":"tag-mairie-de-lyon","21":"tag-municipales-2026","22":"tag-news","23":"tag-rassemblement-national","24":"tag-republique-francaise","25":"tag-union-des-droites","26":"tag-wilfried-delacour"},"share_on_mastodon":{"url":"https:\/\/pubeurope.com\/@fr\/115398169366932672","error":""},"_links":{"self":[{"href":"https:\/\/www.europesays.com\/fr\/wp-json\/wp\/v2\/posts\/473729","targetHints":{"allow":["GET"]}}],"collection":[{"href":"https:\/\/www.europesays.com\/fr\/wp-json\/wp\/v2\/posts"}],"about":[{"href":"https:\/\/www.europesays.com\/fr\/wp-json\/wp\/v2\/types\/post"}],"author":[{"embeddable":true,"href":"https:\/\/www.europesays.com\/fr\/wp-json\/wp\/v2\/users\/2"}],"replies":[{"embeddable":true,"href":"https:\/\/www.europesays.com\/fr\/wp-json\/wp\/v2\/comments?post=473729"}],"version-history":[{"count":0,"href":"https:\/\/www.europesays.com\/fr\/wp-json\/wp\/v2\/posts\/473729\/revisions"}],"wp:featuredmedia":[{"embeddable":true,"href":"https:\/\/www.europesays.com\/fr\/wp-json\/wp\/v2\/media\/473730"}],"wp:attachment":[{"href":"https:\/\/www.europesays.com\/fr\/wp-json\/wp\/v2\/media?parent=473729"}],"wp:term":[{"taxonomy":"category","embeddable":true,"href":"https:\/\/www.europesays.com\/fr\/wp-json\/wp\/v2\/categories?post=473729"},{"taxonomy":"post_tag","embeddable":true,"href":"https:\/\/www.europesays.com\/fr\/wp-json\/wp\/v2\/tags?post=473729"}],"curies":[{"name":"wp","href":"https:\/\/api.w.org\/{rel}","templated":true}]}}