{"id":473737,"date":"2025-10-19T01:15:15","date_gmt":"2025-10-19T01:15:15","guid":{"rendered":"https:\/\/www.europesays.com\/fr\/473737\/"},"modified":"2025-10-19T01:15:15","modified_gmt":"2025-10-19T01:15:15","slug":"previsions-du-dimanche-19-octobre-2025-9","status":"publish","type":"post","link":"https:\/\/www.europesays.com\/fr\/473737\/","title":{"rendered":"pr\u00e9visions du dimanche 19 octobre 2025"},"content":{"rendered":"<p class=\"mb-4 text-lg md:leading-8 break-words\"><strong>M\u00e9t\u00e9o &#8211; Aujourd&rsquo;hui, le vent va peu \u00e0 peu chasser la grisaille. Les temp\u00e9ratures seront de 14\u00b0C la matin\u00e9e et de 18\u00b0C l&rsquo;apr\u00e8s-midi&#8230;<\/strong><\/p>\n<p class=\"mb-4 text-lg md:leading-8 break-words\">Aujourd&rsquo;hui, le mercure affichera 16\u00b0C en moyenne \u00e0 Paris. Des \u00e9claircies sont attendues : on passera une matin\u00e9e agr\u00e9able. Une modeste brise de sud-est sera ressentie par les habitants. Avec de l\u00e9gers nuages l&rsquo;apr\u00e8s-midi, le ciel sera encore couvert. D&rsquo;un autre c\u00f4t\u00e9, les temp\u00e9ratures vont grimper de quelques degr\u00e9s. Les valeurs seront comprises entre 15 et 20\u00b0C. Il va pleuvoir le soir. Il fera en moyenne 15\u00b0C. La nuit sera claire.<\/p>\n<p class=\"mb-4 text-lg md:leading-8 break-words\">Les nuages en pr\u00e9vision demain, \u00e0 Paris, et un ciel encore maussade. Mauvais temps : on pr\u00e9voit des pluies \u00e9parses. Les temp\u00e9ratures afficheront entre 14 et 18\u00b0C. Un vent de sud-ouest soufflera \u00e0 23 km\/h. On observera la pr\u00e9sence persistante de nuages le matin. Il va faire 15\u00b0C en moyenne. Toujours de la grisaille demain apr\u00e8s-midi. Les nuages vont s&rsquo;attarder. Les valeurs s&rsquo;\u00e9chelonneront entre 15 et 18\u00b0C. Demain soir, encore des nuages dans le ciel qui emp\u00eachent le soleil d&rsquo;appara\u00eetre. Des pluies \u00e9parses vont tomber sur la ville.<\/p>\n<p class=\"mb-4 text-lg md:leading-8 break-words\">Pour les prochains jours, le temps ne changera pas. Il fera 16\u00b0C en moyenne pour des journ\u00e9es avec une m\u00e9t\u00e9o pluvieuse.<\/p>\n<p class=\"mb-4 text-lg md:leading-8 break-words\"><a href=\"https:\/\/www.20minutes.fr\/planete\/previsions-meteo\/4180168-20251019-meteo-paris-previsions-dimanche-19-octobre-2025?at_medium=RSS%20feed&amp;at_campaign=ynews&amp;utm_source=yahoo&amp;utm_medium=rss&amp;utm_campaign=news_feed&amp;utm_content=read_more_link&quot;\" rel=\"nofollow noopener\" target=\"_blank\" data-ylk=\"slk:Lire la suite sur 20minutes;elm:context_link;itc:0;sec:content-canvas\" class=\"link \">Lire la suite sur 20minutes<\/a><\/p>\n","protected":false},"excerpt":{"rendered":"M\u00e9t\u00e9o &#8211; Aujourd&rsquo;hui, le vent va peu \u00e0 peu chasser la grisaille. Les temp\u00e9ratures seront de 14\u00b0C la&hellip;\n","protected":false},"author":2,"featured_media":473738,"comment_status":"","ping_status":"","sticky":false,"template":"","format":"standard","meta":{"footnotes":""},"categories":[1888],"tags":[1111,1928,11,1927,55607,1777,674,1011,27,51394,2487,12,1926,626,1925,25],"class_list":{"0":"post-473737","1":"post","2":"type-post","3":"status-publish","4":"format-standard","5":"has-post-thumbnail","7":"category-paris","8":"tag-actu","9":"tag-actu-paris","10":"tag-actualites","11":"tag-actualites-paris","12":"tag-aujourdhui-2","13":"tag-eu","14":"tag-europe","15":"tag-fr","16":"tag-france","17":"tag-la-matinee","18":"tag-meteo","19":"tag-news","20":"tag-news-paris","21":"tag-paris","22":"tag-paris-news","23":"tag-republique-francaise"},"share_on_mastodon":{"url":"https:\/\/pubeurope.com\/@fr\/115398189116510204","error":""},"_links":{"self":[{"href":"https:\/\/www.europesays.com\/fr\/wp-json\/wp\/v2\/posts\/473737","targetHints":{"allow":["GET"]}}],"collection":[{"href":"https:\/\/www.europesays.com\/fr\/wp-json\/wp\/v2\/posts"}],"about":[{"href":"https:\/\/www.europesays.com\/fr\/wp-json\/wp\/v2\/types\/post"}],"author":[{"embeddable":true,"href":"https:\/\/www.europesays.com\/fr\/wp-json\/wp\/v2\/users\/2"}],"replies":[{"embeddable":true,"href":"https:\/\/www.europesays.com\/fr\/wp-json\/wp\/v2\/comments?post=473737"}],"version-history":[{"count":0,"href":"https:\/\/www.europesays.com\/fr\/wp-json\/wp\/v2\/posts\/473737\/revisions"}],"wp:featuredmedia":[{"embeddable":true,"href":"https:\/\/www.europesays.com\/fr\/wp-json\/wp\/v2\/media\/473738"}],"wp:attachment":[{"href":"https:\/\/www.europesays.com\/fr\/wp-json\/wp\/v2\/media?parent=473737"}],"wp:term":[{"taxonomy":"category","embeddable":true,"href":"https:\/\/www.europesays.com\/fr\/wp-json\/wp\/v2\/categories?post=473737"},{"taxonomy":"post_tag","embeddable":true,"href":"https:\/\/www.europesays.com\/fr\/wp-json\/wp\/v2\/tags?post=473737"}],"curies":[{"name":"wp","href":"https:\/\/api.w.org\/{rel}","templated":true}]}}