{"id":473739,"date":"2025-10-19T01:16:17","date_gmt":"2025-10-19T01:16:17","guid":{"rendered":"https:\/\/www.europesays.com\/fr\/473739\/"},"modified":"2025-10-19T01:16:17","modified_gmt":"2025-10-19T01:16:17","slug":"beaune-estime-que-le-parti-renaissance-mourra-sil-devient-le-marchepied-de-la-candidate-dati-2","status":"publish","type":"post","link":"https:\/\/www.europesays.com\/fr\/473739\/","title":{"rendered":"Beaune estime que le parti Renaissance \u00ab\u00a0mourra s\u2019il devient le marchepied\u00a0\u00bb de la candidate Dati"},"content":{"rendered":"<p>Il n\u2019a pas dit explicitement son nom. L\u2019ancien ministre macroniste <a href=\"https:\/\/www.20minutes.fr\/politique\/clement-beaune\/\" class=\"c-link c-link--is-underlined\" rel=\"nofollow noopener\" target=\"_blank\">Cl\u00e9ment Beaune<\/a> \u00e9crit dans une lettre adress\u00e9e aux militants <a href=\"https:\/\/www.20minutes.fr\/politique\/renaissance\/\" class=\"c-link c-link--is-underlined\" rel=\"nofollow noopener\" target=\"_blank\">Renaissance<\/a>\u00a0: \u00ab\u00a0notre parti mourra s\u2019il devient le marchepied d\u2019une candidature \u00ab\u00a0r\u00e9publicaine\u00a0\u00bb qui ne repr\u00e9sente ni nos id\u00e9es, ni nos valeurs\u00a0\u00bb aux \u00e9lections municipales \u00e0 Paris en mars prochain. \u00ab\u00a0Chacun le sait\u00a0: cette option nous diviserait profond\u00e9ment\u00a0; nombre de militants partiraient, d\u00e9finitivement\u00a0\u00bb, pr\u00e9vient cette figure de l\u2019aile gauche de la macronie, s\u2019agissant de la candidature de <a href=\"https:\/\/www.20minutes.fr\/politique\/rachida_dati\" class=\"c-link c-link--is-underlined\" rel=\"nofollow noopener\" target=\"_blank\">Rachida Dati<\/a>. Cette lettre consult\u00e9e ce samedi par l\u2019AFP lui permet aussi de se positionner lui-m\u00eame.<\/p>\n<p>\u00ab\u00a0Comme je vous l\u2019ai dit, je suis pr\u00eat \u00e0 mener ce combat. Je le dis aussi\u00a0: ce qui m\u2019importe avant tout, dans un moment si critique, c\u2019est le succ\u00e8s collectif et la d\u00e9fense de nos valeurs\u00a0\u00bb, \u00e9crit l\u2019ex-d\u00e9put\u00e9 de Paris. \u00ab\u00a0Nous devons \u00eatre ouverts \u00e0 soutenir un candidat du bloc central qui partagerait notre projet et notre \u00e9thique\u00a0\u00bb, poursuit Cl\u00e9ment Beaune, laissant la porte ouverte \u00e0 un soutien \u00e0 Pierre-Yves Bournazel, candidat Horizons \u00e0 l\u2019h\u00f4tel de ville. Ce dernier a lanc\u00e9 sa campagne en juin lors d\u2019un meeting auquel Cl\u00e9ment Beaune avait d\u2019ailleurs assist\u00e9.<\/p>\n<p>Une candidate r\u00e9publicaine avec des casseroles<\/p>\n<p>La maire du 7e\u00a0arrondissement et ministre de la Culture a \u00e9t\u00e9 investie fin ao\u00fbt par Les R\u00e9publicains pour mener la bataille des municipales \u00e0 Paris en mars\u00a02026 et succ\u00e9der \u00e0 la socialiste Anne Hidalgo. L\u2019ex-garde des Sceaux de Nicolas Sarkozy doit cependant \u00eatre jug\u00e9e en septembre\u00a02026 pour corruption et trafic d\u2019influence, soup\u00e7onn\u00e9e d\u2019avoir ind\u00fbment per\u00e7u 900.000 euros entre\u00a02010 et\u00a02012 d\u2019une filiale de l\u2019alliance Renault-Nissan, quand Carlos Ghosn en \u00e9tait le PDG et elle-m\u00eame eurod\u00e9put\u00e9e. Des charges qu\u2019elle conteste.<\/p>\n<p>Rachida Dati fait par ailleurs l\u2019objet d\u2019une enqu\u00eate visant l\u2019\u00e9ventuelle non-d\u00e9claration de bijoux de luxe \u00e0 la Haute Autorit\u00e9 pour la transparence de la vie publique (HATVP), accusation qu\u2019elle r\u00e9fute \u00e9galement.<\/p>\n<\/p>\n<p>La candidate LR a inaugur\u00e9 jeudi soir son QG de campagne, en pr\u00e9sence notamment de deux figures parisiennes du parti Renaissance, le ministre d\u00e9l\u00e9gu\u00e9 Benjamin Haddad et le d\u00e9put\u00e9 Sylvain Maillard.<\/p>\n","protected":false},"excerpt":{"rendered":"Il n\u2019a pas dit explicitement son nom. L\u2019ancien ministre macroniste Cl\u00e9ment Beaune \u00e9crit dans une lettre adress\u00e9e aux&hellip;\n","protected":false},"author":2,"featured_media":473740,"comment_status":"","ping_status":"","sticky":false,"template":"","format":"standard","meta":{"footnotes":""},"categories":[1888],"tags":[11,48744,1777,674,1011,27,662,12,3091,626,417,1306,25],"class_list":{"0":"post-473739","1":"post","2":"type-post","3":"status-publish","4":"format-standard","5":"has-post-thumbnail","7":"category-paris","8":"tag-actualites","9":"tag-clement-beaune","10":"tag-eu","11":"tag-europe","12":"tag-fr","13":"tag-france","14":"tag-ile-de-france","15":"tag-news","16":"tag-nicolas-sarkozy","17":"tag-paris","18":"tag-rachida-dati","19":"tag-regions","20":"tag-republique-francaise"},"share_on_mastodon":{"url":"https:\/\/pubeurope.com\/@fr\/115398192905255254","error":""},"_links":{"self":[{"href":"https:\/\/www.europesays.com\/fr\/wp-json\/wp\/v2\/posts\/473739","targetHints":{"allow":["GET"]}}],"collection":[{"href":"https:\/\/www.europesays.com\/fr\/wp-json\/wp\/v2\/posts"}],"about":[{"href":"https:\/\/www.europesays.com\/fr\/wp-json\/wp\/v2\/types\/post"}],"author":[{"embeddable":true,"href":"https:\/\/www.europesays.com\/fr\/wp-json\/wp\/v2\/users\/2"}],"replies":[{"embeddable":true,"href":"https:\/\/www.europesays.com\/fr\/wp-json\/wp\/v2\/comments?post=473739"}],"version-history":[{"count":0,"href":"https:\/\/www.europesays.com\/fr\/wp-json\/wp\/v2\/posts\/473739\/revisions"}],"wp:featuredmedia":[{"embeddable":true,"href":"https:\/\/www.europesays.com\/fr\/wp-json\/wp\/v2\/media\/473740"}],"wp:attachment":[{"href":"https:\/\/www.europesays.com\/fr\/wp-json\/wp\/v2\/media?parent=473739"}],"wp:term":[{"taxonomy":"category","embeddable":true,"href":"https:\/\/www.europesays.com\/fr\/wp-json\/wp\/v2\/categories?post=473739"},{"taxonomy":"post_tag","embeddable":true,"href":"https:\/\/www.europesays.com\/fr\/wp-json\/wp\/v2\/tags?post=473739"}],"curies":[{"name":"wp","href":"https:\/\/api.w.org\/{rel}","templated":true}]}}