{"id":473746,"date":"2025-10-19T01:21:13","date_gmt":"2025-10-19T01:21:13","guid":{"rendered":"https:\/\/www.europesays.com\/fr\/473746\/"},"modified":"2025-10-19T01:21:13","modified_gmt":"2025-10-19T01:21:13","slug":"stellantis-deplace-sa-production-du-canada-vers-les-etats-unis","status":"publish","type":"post","link":"https:\/\/www.europesays.com\/fr\/473746\/","title":{"rendered":"Stellantis d\u00e9place sa production du Canada vers les \u00c9tats-Unis"},"content":{"rendered":"<p><img decoding=\"async\" class=\"db relative center\" loading=\"lazy\" src=\"https:\/\/www.europesays.com\/fr\/wp-content\/uploads\/2025\/10\/abcd634c-3cc4-4340-b8a9-a39b9b1d56b0\" style=\"max-height:100%\"\/>Le pr\u00e9sident am\u00e9ricain Donald Trump rencontre le premier ministre canadien Mark Carney dans le bureau ovale de la Maison-Blanche, le mardi 7 octobre 2025. [AP Photo\/Evan Vucci]<\/p>\n<p>La d\u00e9cision de Stellantis de transf\u00e9rer la production du Jeep Compass de Brampton, en Ontario, \u00e0 Belvidere, dans l&rsquo;Illinois, a mis en \u00e9vidence les r\u00e9percussions \u00e9conomiques de la guerre commerciale entre les \u00c9tats-Unis et le Canada, lanc\u00e9e plus t\u00f4t cette ann\u00e9e par le pr\u00e9sident am\u00e9ricain Donald Trump. <\/p>\n<p> Cette annonce signifie la perte d&rsquo;environ 3000 emplois dans l&rsquo;une des principales usines d&rsquo;assemblage automobile du Canada et refl\u00e8te la mani\u00e8re dont le nouveau r\u00e9gime tarifaire acc\u00e9l\u00e8re la r\u00e9organisation de l&rsquo;industrie manufacturi\u00e8re nord-am\u00e9ricaine au d\u00e9triment de la classe ouvri\u00e8re \u00e0 travers le continent.<\/p>\n<p>Ce que Stellantis appelle un \u00ab r\u00e9alignement strat\u00e9gique \u00bb s&rsquo;inscrit dans un processus plus large dans lequel les droits de douane sur les v\u00e9hicules et les pi\u00e8ces automobiles poussent la production et les investissements vers le sud de la fronti\u00e8re. Gr\u00e2ce \u00e0 l&rsquo;imposition par l&rsquo;United Auto Workers (UAW) d&rsquo;une s\u00e9rie de concessions au cours des 40 derni\u00e8res ann\u00e9es, les emplois transf\u00e9r\u00e9s aux \u00c9tats-Unis seront caract\u00e9ris\u00e9s par une exploitation impitoyable, des salaires bas et une absence totale de s\u00e9curit\u00e9 de l&#8217;emploi. Comme l&rsquo;a montr\u00e9 <a href=\"https:\/\/www.wsws.org\/fr\/articles\/2025\/10\/10\/ezqe-o10.html\" target=\"_blank\" rel=\"noopener\">la mort scandaleuse<\/a>, en avril 2025, de Ronald Adams \u00e0 l&rsquo;usine de moteurs de Stellantis \u00e0 Dundee, le constructeur automobile et l&rsquo;administration Trump ne se soucient gu\u00e8re des conditions auxquelles sont confront\u00e9s les travailleurs am\u00e9ricains, et encore moins de ceux qui se retrouvent sans emploi dans d&rsquo;autres pays.<\/p>\n<p>Les fournisseurs canadiens de pi\u00e8ces automobiles ont signal\u00e9 des licenciements et des mises \u00e0 l&rsquo;arr\u00eat alors que les co\u00fbts augmentent et que l&rsquo;acc\u00e8s au march\u00e9 se r\u00e9duit. Ces r\u00e9ductions dans l&rsquo;ensemble du secteur des fournisseurs, qui s&rsquo;ajoutent \u00e0 l&rsquo;annonce de Stellantis, soulignent \u00e0 quel point l&rsquo;\u00e9conomie canadienne d\u00e9pend des cha\u00eenes d&rsquo;approvisionnement continentales int\u00e9gr\u00e9es, actuellement remodel\u00e9es par des mesures protectionnistes visant \u00e0 concentrer la production aux \u00c9tats-Unis.<\/p>\n<p>En cherchant \u00e0 \u00ab relocaliser \u00bb la production, l&rsquo;administration Trump ne cherche pas simplement \u00e0 stimuler les investissements \u00e9trangers et la croissance \u00e9conomique. L&rsquo;une des principales motivations de ses droits de douane \u00ab America First \u00bb, comme l&rsquo;indiquent clairement les documents du d\u00e9partement am\u00e9ricain du Commerce, est de reconstruire la base militaro-industrielle am\u00e9ricaine en vue de mener des guerres dans le monde entier.<\/p>\n<p>L&rsquo;impact de la guerre commerciale men\u00e9e par Trump s&rsquo;\u00e9tend bien au-del\u00e0 de la production automobile, les \u00c9tats-Unis imposant d\u00e9sormais des droits de douane sur une multitude de secteurs \u00e9conomiques canadiens, qui repr\u00e9sentent bien plus de 100 milliards de dollars d&rsquo;exportations annuelles vers les \u00c9tats-Unis. Il s&rsquo;agit notamment de droits de douane de 50 % sur l&rsquo;acier et l&rsquo;aluminium, de 35 % sur les produits semi-finis en cuivre et de 35 % sur toutes les exportations non conformes \u00e0 l&rsquo;ACEUM, l&rsquo;accord commercial entre les \u00c9tats-Unis, le Mexique et le Canada.<\/p>\n<p>Dans le nord de l&rsquo;Ontario, la fermeture imminente de l&rsquo;usine de papier de Kapuskasing, qui menace plus de 2500 emplois directs et indirects, a \u00e9t\u00e9 mise en relation par les analystes du secteur et les responsables locaux avec les droits de douane am\u00e9ricains de 25 % sur les produits des p\u00e2tes et papiers. La fermeture de l&rsquo;usine va d\u00e9vaster une r\u00e9gion d\u00e9j\u00e0 en proie \u00e0 une baisse de l&#8217;emploi et \u00e0 une perte de population. <\/p>\n<p>Algoma Steel, \u00e0 Sault-Sainte-Marie, en Ontario, principal employeur de la r\u00e9gion, devrait bient\u00f4t proc\u00e9der \u00e0 des licenciements malgr\u00e9 un pr\u00eat de 500 millions de dollars accord\u00e9 par les gouvernements f\u00e9d\u00e9ral et provincial, car elle acc\u00e9l\u00e8re la fermeture de son haut fourneau et de ses fours \u00e0 coke et passe \u00e0 la fabrication d&rsquo;acier dans des fours \u00e0 arc \u00e9lectrique en raison de la pression des droits de douane qui ont effectivement coup\u00e9 le march\u00e9 am\u00e9ricain.<\/p>\n<p>Dans le secteur forestier, les nouveaux droits de douane impos\u00e9s par l&rsquo;administration Trump, \u00e0 hauteur de 45 % sur le bois d&rsquo;\u0153uvre r\u00e9sineux et de 25 % sur les meubles et les armoires, ont contraint les scieries de Colombie-Britannique, d&rsquo;Ontario et du Qu\u00e9bec \u00e0 r\u00e9duire ou \u00e0 suspendre leurs activit\u00e9s. Le diff\u00e9rend de longue date entre le secteur et Washington au sujet des exportations de bois d&rsquo;\u0153uvre r\u00e9sineux s&rsquo;est transform\u00e9 en une crise que les gouvernements provinciaux admettent ne pas pouvoir compenser.<\/p>\n<p>La main-d&rsquo;\u0153uvre manufacturi\u00e8re canadienne a fortement diminu\u00e9 depuis l&rsquo;\u00e9t\u00e9, en particulier dans les secteurs de l&rsquo;acier, de l&rsquo;aluminium et des machines, en raison de la baisse des commandes en provenance des \u00c9tats-Unis et de la hausse des co\u00fbts des intrants pour les producteurs nationaux. Si le rapport sur l&#8217;emploi de septembre indique que 28\u00a0000 emplois ont \u00e9t\u00e9 cr\u00e9\u00e9s dans le secteur manufacturier le mois dernier, cela ne repr\u00e9sente m\u00eame pas la moiti\u00e9 des 58\u00a0000 emplois perdus depuis janvier. Le taux de ch\u00f4mage national reste quant \u00e0 lui bloqu\u00e9 \u00e0 7,1 % et est encore plus \u00e9lev\u00e9 en Ontario, le centre de la production automobile et de l&rsquo;industrie manufacturi\u00e8re, o\u00f9 il atteint 7,9 %. <\/p>\n<p>La r\u00e9ponse du gouvernement lib\u00e9ral \u00e0 Ottawa a \u00e9t\u00e9 de traiter la crise \u00e9conomique d\u00e9clench\u00e9e par la guerre commerciale comme une occasion d&rsquo;acc\u00e9l\u00e9rer la restructuration pr\u00e9vue de longue date en faveur des grandes entreprises et du capital financier. Cela s&rsquo;est accompagn\u00e9 d&rsquo;un silence assourdissant sur l&rsquo;op\u00e9ration dictature de Trump aux \u00c9tats-Unis, un silence motiv\u00e9 par le d\u00e9sir de l&rsquo;\u00e9lite financi\u00e8re canadienne de parvenir \u00e0 un accord avec l\u2019aspirant dictateur \u00e0 la Maison-Blanche. Ce que la classe dirigeante canadienne d\u00e9sire avant tout, c&rsquo;est la reconnaissance de ses int\u00e9r\u00eats \u00e9conomiques et g\u00e9opolitiques en tant que partenaire junior de l&rsquo;imp\u00e9rialisme am\u00e9ricain dans une \u00ab forteresse Am\u00e9rique du Nord \u00bb, qui, selon elle, permettrait \u00e0 Ottawa de tirer profit du butin produit par l&rsquo;agression et la guerre men\u00e9es par les \u00c9tats-Unis contre leurs principaux rivaux \u00e0 travers le monde.<\/p>\n<p>\u00c0 cette fin, la classe dirigeante canadienne souhaite infliger \u00e0 la classe ouvri\u00e8re nationale des attaques \u00e0 la mani\u00e8re de Trump, notamment en d\u00e9mantelant les services publics et en abrogeant les droits des travailleurs.<\/p>\n<p>Le premier ministre Mark Carney, ancien gouverneur des banques du Canada et d&rsquo;Angleterre, s&rsquo;est exprim\u00e9 en septembre devant le Conseil am\u00e9ricain des relations \u00e9trang\u00e8res \u00e0 New York, qualifiant les droits de douane et les menaces de Trump de \u00ab faveur \u00bb faite \u00e0 l&rsquo;\u00e9lite capitaliste canadienne. Il a fait remarquer qu&rsquo;ils \u00ab avaient besoin de cette rupture \u00bb pour faire passer des changements politiques qui auraient \u00e9t\u00e9 difficiles, voire impossibles, dans des conditions normales. <\/p>\n<p>Les propos de Carney montrent clairement que le gouvernement lib\u00e9ral consid\u00e8re la guerre commerciale et les menaces d&rsquo;annexion de Trump comme un pr\u00e9texte politique pour imposer des mesures r\u00e9clam\u00e9es depuis longtemps par la classe dirigeante canadienne : augmentation massive des d\u00e9penses militaires, plus grande \u00ab flexibilit\u00e9 \u00bb du march\u00e9 du travail, \u00ab rationalisation \u00bb de la r\u00e9glementation environnementale et industrielle, et nouvelles r\u00e9ductions d&rsquo;imp\u00f4ts pour les entreprises. Carney a d\u00e9clar\u00e9 que son budget serait un budget \u00ab d&rsquo;aust\u00e9rit\u00e9 et d&rsquo;investissement \u00bb, ce qui signifie une r\u00e9duction drastique du financement des programmes sociaux et de la recherche scientifique qui profitent \u00e0 la classe ouvri\u00e8re, afin de verser des dizaines de milliards dans les coffres de l&rsquo;arm\u00e9e et des entreprises. <\/p>\n<p>R\u00e9pondant aux plaintes du PDG de la Banque de Montr\u00e9al, Darryl White, selon lesquelles le r\u00e9gime fiscal des entreprises canadiennes n&rsquo;est pas comp\u00e9titif, Carney a d\u00e9clar\u00e9 jeudi que son gouvernement \u00e9tait \u00ab bien conscient des taux d&rsquo;imposition relatifs sur les investissements \u00bb ; il a ensuite promis : \u00ab nous veillerons \u00e0 ce qu&rsquo;ils soient comp\u00e9titifs dans le budget [f\u00e9d\u00e9ral du 5 novembre] \u00bb.<\/p>\n<p>Derri\u00e8re les promesses d&rsquo;aide aux travailleurs licenci\u00e9s, les mesures concr\u00e8tes prises par Ottawa \u2013 fonds de reconversion \u00e0 court terme et cr\u00e9dits d&rsquo;imp\u00f4t pour les entreprises \u2013 t\u00e9moignent de l&rsquo;acceptation du fait qu&rsquo;une grande partie de la base industrielle traditionnelle du Canada sera d\u00e9cim\u00e9e par une guerre commerciale prolong\u00e9e.<\/p>\n<p>Le gouvernement se concentre sur la mise en \u0153uvre du programme de l&rsquo;\u00e9lite patronale \u2013 l&rsquo;augmentation de l&rsquo;exploitation des travailleurs afin de maintenir la \u00ab confiance des investisseurs \u00bb \u2013 et sur le r\u00e9armement \u2013 afin de garantir \u00e0 la classe dirigeante canadienne une \u00ab place \u00e0 la table \u00bb dans le red\u00e9coupage imp\u00e9rialiste du monde. Avec le soutien des syndicats, Ottawa pr\u00e9voit de g\u00e9rer les cons\u00e9quences sociales de la d\u00e9sindustrialisation, et non de l&#8217;emp\u00eacher.<\/p>\n<p>Dans le cadre de cette collaboration, le r\u00f4le cl\u00e9 de r\u00e9primer toute opposition de la classe ouvri\u00e8re \u00e0 l&rsquo;offensive de la guerre des classes reviendra \u00e0 des personnalit\u00e9s telles que Bea Bruske, pr\u00e9sidente du Congr\u00e8s du travail du Canada, et Unifor (anciennement le syndicat des Travailleurs canadiens de l\u2019automobile [TCA]), qui a une longue et d\u00e9plorable histoire de collaboration avec le gouvernement lib\u00e9ral pour d\u00e9fendre les int\u00e9r\u00eats des entreprises canadiennes.<\/p>\n<p>La franchise de Carney devant un public compos\u00e9 de l&rsquo;\u00e9lite de la politique \u00e9trang\u00e8re am\u00e9ricaine a r\u00e9v\u00e9l\u00e9 la continuit\u00e9 essentielle entre les politiques canadienne et am\u00e9ricaine : toutes deux visent \u00e0 accro\u00eetre la rentabilit\u00e9 du capitalisme nord-am\u00e9ricain par la \u00ab mod\u00e9ration \u00bb salariale, le d\u00e9mant\u00e8lement des services publics, l\u2019\u00e9limination du droit de gr\u00e8ve, la d\u00e9r\u00e9glementation environnementale et du travail, et la contractualisation et la pr\u00e9carisation du travail. L&rsquo;imp\u00e9rialisme canadien vise \u00e0 rester un partenaire junior de l&rsquo;imp\u00e9rialisme am\u00e9ricain, si possible, confortablement \u00e0 l&rsquo;abri derri\u00e8re les murs de Trump. Cela est illustr\u00e9 par <a href=\"https:\/\/www.wsws.org\/fr\/articles\/2025\/10\/13\/pwnu-o13.html\" target=\"_blank\" rel=\"noopener\">les visites r\u00e9p\u00e9t\u00e9es et serviles de Carney<\/a> \u00e0 la Maison-Blanche, alors m\u00eame que le pr\u00e9sident am\u00e9ricain continue de menacer de faire du Canada le \u00ab 51e \u00c9tat \u00bb.<\/p>\n<p>La bureaucratie syndicale canadienne a r\u00e9agi \u00e0 l&rsquo;annonce de Stellantis et aux suppressions d&#8217;emplois qui en d\u00e9coulent par une nouvelle explosion de nationalisme canadien et des appels au gouvernement Carney. Unifor, qui repr\u00e9sente les travailleurs de Stellantis \u00e0 Brampton, a d\u00e9nonc\u00e9 la d\u00e9cision de l&rsquo;entreprise comme un coup port\u00e9 aux \u00ab emplois canadiens \u00bb et a exig\u00e9 l&rsquo;intervention du gouvernement pour prot\u00e9ger la production nationale. Mais ce discours cache plus qu&rsquo;il n&rsquo;explique. En pr\u00e9sentant la question comme une \u00ab trahison nationale \u00bb plut\u00f4t que comme le r\u00e9sultat d&rsquo;int\u00e9r\u00eats commerciaux et g\u00e9opolitiques transfrontaliers, les syndicats canalisent la col\u00e8re l\u00e9gitime vers l&rsquo;impasse d\u2019\u00ab \u00c9quipe Canada \u00bb et divisent les travailleurs de leurs fr\u00e8res et s\u0153urs aux \u00c9tats-Unis et ailleurs. <\/p>\n<p><a href=\"https:\/\/www.wsws.org\/fr\/articles\/2025\/02\/16\/efoi-f16.html\" target=\"_blank\" rel=\"noopener\">Le soutien apport\u00e9<\/a> par la section locale 1285 d&rsquo;Unifor, bas\u00e9e \u00e0 Brampton, aux progressistes-conservateurs du premier ministre de l&rsquo;Ontario Doug Ford lors des \u00e9lections provinciales de f\u00e9vrier dernier illustre bien comment le nationalisme du syndicat conduit \u00e0 un accommodement avec la droite et \u00e0 la fausse id\u00e9e que les travailleurs canadiens peuvent se d\u00e9fendre en s&rsquo;alignant avec un camp de l&rsquo;\u00e9lite dirigeante contre un autre.<\/p>\n<p>Ces d\u00e9veloppements soul\u00e8vent des questions cruciales pour les travailleurs. La destruction d&#8217;emplois chez Stellantis, la d\u00e9vastation dans les secteurs de la foresterie et de l&rsquo;acier, et l&rsquo;impact \u00e9conomique plus large ne sont pas des probl\u00e8mes nationaux isol\u00e9s, mais l&rsquo;expression d&rsquo;un processus mondial dans lequel les classes dirigeantes de tous les pays cherchent \u00e0 faire porter le poids de la crise du capitalisme \u00e0 leurs concurrents et \u00e0 leurs propres populations. La guerre commerciale est un outil cl\u00e9 de l&rsquo;imp\u00e9rialisme, men\u00e9e \u00e0 coups de droits de douane et de subventions, plut\u00f4t que de chars, d&rsquo;avions de combat et d&rsquo;armes nucl\u00e9aires, mais motiv\u00e9e par la m\u00eame lutte sous-jacente pour les march\u00e9s, les profits et l&rsquo;avantage g\u00e9opolitique.<\/p>\n<p>Pour s&rsquo;opposer \u00e0 cela, les travailleurs canadiens doivent rejeter le cadre nationaliste propos\u00e9 tant par le gouvernement que par les syndicats. Les v\u00e9ritables alli\u00e9s des travailleurs de l&rsquo;automobile de Brampton ne sont pas les politiciens d&rsquo;Ottawa ou de Queen&rsquo;s Park, mais les travailleurs de Belvidere, Detroit, Toluca et Saltillo qui subissent les m\u00eames pressions sous la m\u00eame direction d&rsquo;entreprise. Il en va de m\u00eame pour les travailleurs de la foresterie, de la sid\u00e9rurgie et de l&rsquo;industrie papeti\u00e8re des deux c\u00f4t\u00e9s de la fronti\u00e8re. Le moyen de r\u00e9sister r\u00e9side dans l&rsquo;union des luttes des travailleurs au-del\u00e0 des fronti\u00e8res nationales, dans la cr\u00e9ation de comit\u00e9s de base dans chaque lieu de travail, chaque \u00e9cole et chaque communaut\u00e9, et dans leur mise en r\u00e9seau par le biais de l&rsquo;Alliance ouvri\u00e8re internationale des comit\u00e9s de base.<\/p>\n<p>Ce n&rsquo;est qu&rsquo;en cr\u00e9ant de telles organisations ind\u00e9pendantes que les travailleurs pourront commencer \u00e0 coordonner leur action contre les entreprises mondiales et les gouvernements qui les servent, et \u00e0 faire valoir leurs int\u00e9r\u00eats communs \u2013 pour des emplois s\u00fbrs, des conditions de vie d\u00e9centes et une utilisation rationnelle des ressources \u2013 \u00e0 travers l&rsquo;Am\u00e9rique du Nord et au niveau international. L&rsquo;alternative est de rester prisonniers d&rsquo;une politique nationaliste qui n&rsquo;offre aux travailleurs rien d&rsquo;autre qu&rsquo;un d\u00e9clin planifi\u00e9, une exploitation accrue, l&rsquo;aust\u00e9rit\u00e9 et la guerre.<\/p>\n<p>La le\u00e7on que les travailleurs doivent tirer de l&rsquo;annonce de Stellantis et de la crise tarifaire qui secoue actuellement le Canada est que la classe ouvri\u00e8re ne peut d\u00e9fendre son avenir qu&rsquo;en s&rsquo;organisant et en luttant ensemble, par-del\u00e0 toutes les fronti\u00e8res. Cette lutte est avant tout politique, car elle doit aborder directement les questions de savoir quelle classe dirigera la soci\u00e9t\u00e9 et dans l&rsquo;int\u00e9r\u00eat de qui les d\u00e9cisions socio-\u00e9conomiques et budg\u00e9taires seront prises.<\/p>\n<p>La seule base authentique pour unifier les travailleurs \u00e0 l&rsquo;\u00e9chelle internationale dans une contre-offensive contre l&rsquo;aust\u00e9rit\u00e9 capitaliste et la guerre est une perspective socialiste r\u00e9volutionnaire engag\u00e9e dans la lutte pour une prise du pouvoir par les travailleurs. C&rsquo;est le programme pour lequel se bat le Parti de l&rsquo;\u00e9galit\u00e9 socialiste (PES) au Canada, en \u00e9troite collaboration avec nos camarades am\u00e9ricains du PES aux \u00c9tats-Unis.<\/p>\n","protected":false},"excerpt":{"rendered":"Le pr\u00e9sident am\u00e9ricain Donald Trump rencontre le premier ministre canadien Mark Carney dans le bureau ovale de la&hellip;\n","protected":false},"author":2,"featured_media":473747,"comment_status":"","ping_status":"","sticky":false,"template":"","format":"standard","meta":{"footnotes":""},"categories":[1589],"tags":[11,574,73,1866,1074,6025,12,2099,59725,59724,1864,1865,1863,308],"class_list":{"0":"post-473746","1":"post","2":"type-post","3":"status-publish","4":"format-standard","5":"has-post-thumbnail","7":"category-etats-unis","8":"tag-actualites","9":"tag-canada","10":"tag-etats-unis","11":"tag-etats-unis-damerique","12":"tag-guerre-commerciale","13":"tag-industrie-automobile","14":"tag-news","15":"tag-stellantis","16":"tag-uaw","17":"tag-unifor","18":"tag-united-states","19":"tag-united-states-of-america","20":"tag-us","21":"tag-usa"},"share_on_mastodon":{"url":"https:\/\/pubeurope.com\/@fr\/115398213081839086","error":""},"_links":{"self":[{"href":"https:\/\/www.europesays.com\/fr\/wp-json\/wp\/v2\/posts\/473746","targetHints":{"allow":["GET"]}}],"collection":[{"href":"https:\/\/www.europesays.com\/fr\/wp-json\/wp\/v2\/posts"}],"about":[{"href":"https:\/\/www.europesays.com\/fr\/wp-json\/wp\/v2\/types\/post"}],"author":[{"embeddable":true,"href":"https:\/\/www.europesays.com\/fr\/wp-json\/wp\/v2\/users\/2"}],"replies":[{"embeddable":true,"href":"https:\/\/www.europesays.com\/fr\/wp-json\/wp\/v2\/comments?post=473746"}],"version-history":[{"count":0,"href":"https:\/\/www.europesays.com\/fr\/wp-json\/wp\/v2\/posts\/473746\/revisions"}],"wp:featuredmedia":[{"embeddable":true,"href":"https:\/\/www.europesays.com\/fr\/wp-json\/wp\/v2\/media\/473747"}],"wp:attachment":[{"href":"https:\/\/www.europesays.com\/fr\/wp-json\/wp\/v2\/media?parent=473746"}],"wp:term":[{"taxonomy":"category","embeddable":true,"href":"https:\/\/www.europesays.com\/fr\/wp-json\/wp\/v2\/categories?post=473746"},{"taxonomy":"post_tag","embeddable":true,"href":"https:\/\/www.europesays.com\/fr\/wp-json\/wp\/v2\/tags?post=473746"}],"curies":[{"name":"wp","href":"https:\/\/api.w.org\/{rel}","templated":true}]}}