{"id":473750,"date":"2025-10-19T01:23:22","date_gmt":"2025-10-19T01:23:22","guid":{"rendered":"https:\/\/www.europesays.com\/fr\/473750\/"},"modified":"2025-10-19T01:23:22","modified_gmt":"2025-10-19T01:23:22","slug":"les-freres-lebrun-font-tomber-lallemagne-et-ecrivent-lhistoire-du-ping-europeen","status":"publish","type":"post","link":"https:\/\/www.europesays.com\/fr\/473750\/","title":{"rendered":"les fr\u00e8res Lebrun font tomber l\u2019Allemagne et \u00e9crivent l\u2019histoire du ping europ\u00e9en"},"content":{"rendered":"<p>            Par<br \/>\n        <strong><br \/>\n            <a href=\"https:\/\/actu.fr\/auteur\/metropoop\" title=\"Consulter tous les articles de R\u00e9daction M\u00e9tropolitain\" target=\"_blank\" rel=\"noopener\">R\u00e9daction M\u00e9tropolitain<\/a><br \/>\n        <\/strong><\/p>\n<p>        Publi\u00e9 le<\/p>\n<p>            18 oct. 2025 \u00e0 16h39        <\/p>\n<p>Il fallait remonter \u00e0 2005 pour retrouver une \u00e9quipe d\u2019Allemagne absente d\u2019une finale europ\u00e9enne. <strong>Ce samedi 18 octobre 2025<\/strong> \u00e0 Zadar, la France a mis fin \u00e0 vingt ans de domination quasi sans partage. Les Bleus se sont impos\u00e9s 3-1 apr\u00e8s avoir conc\u00e9d\u00e9 le premier match, une performance d\u2019autant plus retentissante que l\u2019Allemagne, six fois championne depuis 2010, semblait intouchable.<\/p>\n<p class=\" wall-content\">\n<p class=\" wall-content\">Le duel s\u2019annon\u00e7ait d\u00e9s\u00e9quilibr\u00e9. Les Allemands alignaient leurs valeurs s\u00fbres, emmen\u00e9es par Benedikt Duda et Patrick Franziska. Mais la jeune garde fran\u00e7aise, guid\u00e9e par la fougue des fr\u00e8res Lebrun et l\u2019exp\u00e9rience de Simon Gauzy, a invers\u00e9 le cours d\u2019une rencontre mal embarqu\u00e9e.<\/p>\n<p>Alexis Lebrun ouvre, F\u00e9lix finit<\/p>\n<p class=\" wall-content\">La tension \u00e9tait palpable d\u00e8s le premier match. Alexis Lebrun a tout tent\u00e9 contre Benedikt Duda mais s\u2019est inclin\u00e9 d\u2019entr\u00e9e. Le public croate, acquis \u00e0 la cause des outsiders, a cru un instant que les Bleus allaient c\u00e9der sous la pression. F\u00e9lix Lebrun a alors sonn\u00e9 la r\u00e9volte. Face \u00e0 Patrick Franziska, le prodige de 18 ans a offert un r\u00e9cital de pr\u00e9cision et de sang-froid. Son succ\u00e8s a redonn\u00e9 espoir \u00e0 tout le clan fran\u00e7ais. Derri\u00e8re lui, Simon Gauzy, le doyen de l\u2019\u00e9quipe \u00e0 29 ans, a livr\u00e9 un match plein contre Dang Qiu, champion d\u2019Europe 2022. Sa victoire a fait basculer la rencontre.<\/p>\n<p class=\" wall-content\">Restait \u00e0 conclure. F\u00e9lix Lebrun est revenu \u00e0 la table pour affronter de nouveau Duda. En quatre manches<strong> (11-8, 10-12, 11-2, 11-9)<\/strong>, il a offert \u00e0 la France une qualification m\u00e9rit\u00e9e pour la finale. \u00c0 la fin du dernier \u00e9change, les poings serr\u00e9s, les Bleus ont exult\u00e9. Le dernier titre fran\u00e7ais dans cette \u00e9preuve remonte \u00e0 1998. Deuxi\u00e8me nation europ\u00e9enne derri\u00e8re la Su\u00e8de \u2013 \u00e9limin\u00e9e en quarts par la Roumanie \u2013 la France a d\u00e9sormais rendez-vous avec l\u2019histoire. <strong>Demain<\/strong>, elle affrontera la Roumanie ou la Slov\u00e9nie pour tenter de d\u00e9crocher un premier sacre depuis plus d\u2019un quart de si\u00e8cle. L\u2019\u00e9quipe tricolore r\u00eave d\u2019un doubl\u00e9 historique apr\u00e8s les titres individuels et en double d\u2019Alexis Lebrun, sa victoire au Top 16 europ\u00e9en et <a href=\"https:\/\/actu.fr\/occitanie\/montpellier_34172\/un-jeune-pongiste-montpellierain-de-16-ans-ecrit-l-histoire_59790962.html\" target=\"_blank\" rel=\"noopener\">le titre en simple de F\u00e9lix aux Jeux europ\u00e9ens 2023<\/a>.<\/p>\n<p class=\" wall-content\">Personnalisez votre actualit\u00e9 en ajoutant vos villes et m\u00e9dias en favori avec <a href=\"https:\/\/moncompte.actu.fr\" title=\"D\u00e9couvez Mon Actu\" rel=\"nofollow noopener\" data-trk=\"{&quot;cta&quot;:{&quot;action&quot;:&quot;https:\\\/\\\/moncompte.actu.fr&quot;,&quot;category&quot;:&quot;mon compte&quot;,&quot;from&quot;:&quot;article footer&quot;,&quot;name&quot;:&quot;Mon actu&quot;,&quot;type&quot;:&quot;cta&quot;}}\" target=\"_blank\">Mon Actu<\/a>.<\/p>\n","protected":false},"excerpt":{"rendered":"Par R\u00e9daction M\u00e9tropolitain Publi\u00e9 le 18 oct. 2025 \u00e0 16h39 Il fallait remonter \u00e0 2005 pour retrouver une&hellip;\n","protected":false},"author":2,"featured_media":473751,"comment_status":"","ping_status":"","sticky":false,"template":"","format":"standard","meta":{"footnotes":""},"categories":[1587],"tags":[11,672,1804,1805,1803,1777,674,1801,12,1802,517,60,16149],"class_list":{"0":"post-473750","1":"post","2":"type-post","3":"status-publish","4":"format-standard","5":"has-post-thumbnail","7":"category-allemagne","8":"tag-actualites","9":"tag-allemagne","10":"tag-bundesrepublik-deutschland","11":"tag-de","12":"tag-deutschland","13":"tag-eu","14":"tag-europe","15":"tag-germany","16":"tag-news","17":"tag-republique-federale-dallemagne","18":"tag-sport","19":"tag-sports","20":"tag-tennis-de-table"},"share_on_mastodon":{"url":"https:\/\/pubeurope.com\/@fr\/115398220502049493","error":""},"_links":{"self":[{"href":"https:\/\/www.europesays.com\/fr\/wp-json\/wp\/v2\/posts\/473750","targetHints":{"allow":["GET"]}}],"collection":[{"href":"https:\/\/www.europesays.com\/fr\/wp-json\/wp\/v2\/posts"}],"about":[{"href":"https:\/\/www.europesays.com\/fr\/wp-json\/wp\/v2\/types\/post"}],"author":[{"embeddable":true,"href":"https:\/\/www.europesays.com\/fr\/wp-json\/wp\/v2\/users\/2"}],"replies":[{"embeddable":true,"href":"https:\/\/www.europesays.com\/fr\/wp-json\/wp\/v2\/comments?post=473750"}],"version-history":[{"count":0,"href":"https:\/\/www.europesays.com\/fr\/wp-json\/wp\/v2\/posts\/473750\/revisions"}],"wp:featuredmedia":[{"embeddable":true,"href":"https:\/\/www.europesays.com\/fr\/wp-json\/wp\/v2\/media\/473751"}],"wp:attachment":[{"href":"https:\/\/www.europesays.com\/fr\/wp-json\/wp\/v2\/media?parent=473750"}],"wp:term":[{"taxonomy":"category","embeddable":true,"href":"https:\/\/www.europesays.com\/fr\/wp-json\/wp\/v2\/categories?post=473750"},{"taxonomy":"post_tag","embeddable":true,"href":"https:\/\/www.europesays.com\/fr\/wp-json\/wp\/v2\/tags?post=473750"}],"curies":[{"name":"wp","href":"https:\/\/api.w.org\/{rel}","templated":true}]}}