{"id":473764,"date":"2025-10-19T01:35:11","date_gmt":"2025-10-19T01:35:11","guid":{"rendered":"https:\/\/www.europesays.com\/fr\/473764\/"},"modified":"2025-10-19T01:35:11","modified_gmt":"2025-10-19T01:35:11","slug":"pourquoi-hamilton-se-rejouit-de-finir-dans-le-top-5-des-qualifs-a-austin","status":"publish","type":"post","link":"https:\/\/www.europesays.com\/fr\/473764\/","title":{"rendered":"Pourquoi Hamilton se r\u00e9jouit de finir dans le top 5 des qualifs \u00e0 Austin"},"content":{"rendered":"<p class=\"mt-5\">Lewis\u202fHamilton a connu une s\u00e9ance de qualifications en demi-teinte mais encourageante au Grand Prix des \u00c9tats-Unis \u00e0 Austin.<\/p>\n<p class=\"mt-5\">Il a reconnu que la SF-25 n\u2019\u00e9tait pas encore parfaitement \u00e9quilibr\u00e9e et qu\u2019il avait d\u00fb ajuster l\u2019aileron avant plusieurs fois pour limiter le sous-virage.<\/p>\n<p class=\"mt-5\">Malgr\u00e9 ces ajustements continus, Hamilton se r\u00e9jouit de finir dans le top\u202f5, estimant que c\u2019est un vrai pas en avant\u202fpour la Scuderia.<\/p>\n<p class=\"mt-5\">\u00ab\u00a0Nous avons progress\u00e9 un peu par rapport \u00e0 hier. La voiture n\u2019\u00e9tait toujours pas au point tout au long des qualifications. J\u2019ai eu un sous-virage important d\u00e8s le d\u00e9but, alors petit \u00e0 petit j\u2019ai ajout\u00e9 de l\u2019aileron avant.\u00a0\u00bb<\/p>\n<p class=\"mt-5\">\u00ab\u00a0Vers la fin, \u00e7a s\u2019est un peu am\u00e9lior\u00e9, mais il est presque trop tard pour prendre confiance et signer un super tour. Donc \u00eatre troisi\u00e8me et cinqui\u00e8me malgr\u00e9 cela est un vrai pas en avant.\u00a0\u00bb<\/p>\n<p class=\"mt-5\">Press\u00e9 d\u2019en dire plus sur les soucis de la SF-25, il a ajout\u00e9\u00a0:<\/p>\n<p class=\"mt-5\">\u00ab\u00a0J\u2019avais du mal avec l\u2019\u00e9quilibre de la voiture. Je suis rentr\u00e9 aux stands, on a l\u00e9g\u00e8rement augment\u00e9 l\u2019aileron avant, on est ressorti, on est rentr\u00e9 et on l\u2019a ajust\u00e9 encore un peu. J\u2019ai continu\u00e9 \u00e0 en rajouter. Finalement, je crois que c\u2019est dans le dernier tour que j\u2019ai r\u00e9ussi \u00e0 me rapprocher de l\u2019\u00e9quilibre souhait\u00e9 pour la voiture.\u00a0\u00bb<\/p>\n<p class=\"mt-5\">\u00ab\u00a0Globalement, c\u2019est une am\u00e9lioration pour l\u2019\u00e9quipe. Bravo \u00e0 tous les m\u00e9caniciens et aux ing\u00e9nieurs qui ont \u0153uvr\u00e9 aujourd\u2019hui. C\u2019est super d\u2019\u00eatre dans le top 5. J\u2019aurais aim\u00e9 \u00eatre plus haut, mais je vais attaquer demain et voir si on peut y arriver.\u00a0\u00bb<\/p>\n","protected":false},"excerpt":{"rendered":"Lewis\u202fHamilton a connu une s\u00e9ance de qualifications en demi-teinte mais encourageante au Grand Prix des \u00c9tats-Unis \u00e0 Austin.&hellip;\n","protected":false},"author":2,"featured_media":473765,"comment_status":"","ping_status":"","sticky":false,"template":"","format":"standard","meta":{"footnotes":""},"categories":[1412],"tags":[1451,1452,1453,1454,1455,1011,27,60],"class_list":{"0":"post-473764","1":"post","2":"type-post","3":"status-publish","4":"format-standard","5":"has-post-thumbnail","7":"category-f1","8":"tag-f1","9":"tag-formula-1","10":"tag-formula1","11":"tag-formule-1","12":"tag-formule1","13":"tag-fr","14":"tag-france","15":"tag-sports"},"share_on_mastodon":{"url":"https:\/\/pubeurope.com\/@fr\/115398267708148001","error":""},"_links":{"self":[{"href":"https:\/\/www.europesays.com\/fr\/wp-json\/wp\/v2\/posts\/473764","targetHints":{"allow":["GET"]}}],"collection":[{"href":"https:\/\/www.europesays.com\/fr\/wp-json\/wp\/v2\/posts"}],"about":[{"href":"https:\/\/www.europesays.com\/fr\/wp-json\/wp\/v2\/types\/post"}],"author":[{"embeddable":true,"href":"https:\/\/www.europesays.com\/fr\/wp-json\/wp\/v2\/users\/2"}],"replies":[{"embeddable":true,"href":"https:\/\/www.europesays.com\/fr\/wp-json\/wp\/v2\/comments?post=473764"}],"version-history":[{"count":0,"href":"https:\/\/www.europesays.com\/fr\/wp-json\/wp\/v2\/posts\/473764\/revisions"}],"wp:featuredmedia":[{"embeddable":true,"href":"https:\/\/www.europesays.com\/fr\/wp-json\/wp\/v2\/media\/473765"}],"wp:attachment":[{"href":"https:\/\/www.europesays.com\/fr\/wp-json\/wp\/v2\/media?parent=473764"}],"wp:term":[{"taxonomy":"category","embeddable":true,"href":"https:\/\/www.europesays.com\/fr\/wp-json\/wp\/v2\/categories?post=473764"},{"taxonomy":"post_tag","embeddable":true,"href":"https:\/\/www.europesays.com\/fr\/wp-json\/wp\/v2\/tags?post=473764"}],"curies":[{"name":"wp","href":"https:\/\/api.w.org\/{rel}","templated":true}]}}