{"id":473766,"date":"2025-10-19T01:36:20","date_gmt":"2025-10-19T01:36:20","guid":{"rendered":"https:\/\/www.europesays.com\/fr\/473766\/"},"modified":"2025-10-19T01:36:20","modified_gmt":"2025-10-19T01:36:20","slug":"warren-barguil-et-anthony-delaplace-ont-fait-le-show-a-ruffosses","status":"publish","type":"post","link":"https:\/\/www.europesays.com\/fr\/473766\/","title":{"rendered":"Warren Barguil et Anthony Delaplace ont fait le show \u00e0 Ruffosses"},"content":{"rendered":"<p>            Par<br \/>\n        <strong><br \/>\n            <a href=\"https:\/\/actu.fr\/auteur\/b-hue\" title=\"Consulter tous les articles de Baptiste Hue\" target=\"_blank\" rel=\"noopener\">Baptiste Hue<\/a><br \/>\n        <\/strong><\/p>\n<p>        Publi\u00e9 le<\/p>\n<p>            18 oct. 2025 \u00e0 20h39        <\/p>\n<p><b>Quelle belle journ\u00e9e de v\u00e9lo\u2009!<\/b> La grande famille du cyclisme cotentinois \u00e9tait r\u00e9unie<b> ce samedi 18 octobre 2025<\/b> \u00e0 <b>Ruffosses <\/b>(<a href=\"https:\/\/actu.fr\/normandie\/manche_50\" target=\"_blank\" rel=\"noopener\">Manche<\/a>) pour participer, en tant que coureur ou simple spectateur, <b>\u00e0 la toute derni\u00e8re gentleman<\/b> d\u2019<a href=\"https:\/\/actu.fr\/tag\/anthony-delaplace\" target=\"_blank\" rel=\"noopener\">Anthony Delaplace<\/a>.<\/p>\n<p class=\" wall-content\">Le Cosquevillais, qui vient de mettre un terme \u00e0 <b>16 ann\u00e9es de carri\u00e8re chez les professionnels<\/b>, a pu observer avec bonheur l\u2019adh\u00e9sion d\u2019une population plurielle, jeunes et anciens, hommes et femmes, sportifs aguerris et cyclistes du dimanche, le tout dans une <b>bonne ambiance de kermesse<\/b>, magistralement orchestr\u00e9e par le speaker Etienne Lebas.<\/p>\n<p class=\" wall-content\">Pour couronner le tout, au milieu des<b> 274\u00a0participants, <\/b>on retrouvait un invit\u00e9 d\u2019honneur en la personne de<b> Warren Barguil. <\/b>Ancien co\u00e9quipier et grand pote d\u2019Anthony Delaplace, le meilleur grimpeur du Tour de France 2017 a tenu \u00e0 faire la route <b>depuis Lorient (Morbihan)<\/b> pour partager ce moment convivial.<\/p>\n<blockquote class=\"ac-article-quote wall-content\">\n<p>\u00ab\u2009\u00c7a me tenait \u00e0 c\u0153ur d\u2019\u00eatre pr\u00e9sent. Apr\u00e8s tout le boulot qu\u2019Anthony a fait pour moi chez Ark\u00e9a, je ne me voyais pas ne pas venir ici. J\u2019\u00e9tais d\u00e9\u00e7u de ne pas avoir fait la f\u00eate avec lui apr\u00e8s sa derni\u00e8re course au Tour de Vend\u00e9e. Alors je suis venu me rattraper\u2009!\u2009\u00bb<\/p>\n<p>Warren Barguil, hier, \u00e0 Ruffosses<\/p><\/blockquote>\n<p class=\" wall-content\">\u00c0 l\u2019issue de l\u2019\u00e9preuve, remport\u00e9e par les Moyonnais Math\u00e9o Halley et Mathieu Roger qui ont devanc\u00e9 Anthony Delaplace et Warren Barguil de\u2026 trois secondes, la plupart des participants sont <b>rest\u00e9s pour la remise des r\u00e9compenses, un moment tr\u00e8s chaleureux, tr\u00e8s dr\u00f4le, tr\u00e8s \u00e9mouvant aussi<\/b> avec la petite larme que n\u2019a pas pu retenir Patrick Laurent, premier entra\u00eeneur du champion cotentinois et pr\u00e9sident de son fan-club.<\/p>\n<p class=\" wall-content\">En soir\u00e9e, tous allaient prendre la direction de Tourlaville pour une <b>soir\u00e9e paella. <\/b>\u00ab\u2009Je suis surtout venu pour \u00e7a\u2009!\u2009\u00bb, plaisantait le sympathique Warren Barguil, <b>tr\u00e8s souriant et tr\u00e8s disponible pour tout le monde. <\/b>Bref, quelle belle journ\u00e9e de v\u00e9lo\u2009!<\/p>\n<p class=\" wall-content\">Personnalisez votre actualit\u00e9 en ajoutant vos villes et m\u00e9dias en favori avec <a href=\"https:\/\/moncompte.actu.fr\" title=\"D\u00e9couvez Mon Actu\" rel=\"nofollow noopener\" data-trk=\"{&quot;cta&quot;:{&quot;action&quot;:&quot;https:\\\/\\\/moncompte.actu.fr&quot;,&quot;category&quot;:&quot;mon compte&quot;,&quot;from&quot;:&quot;article footer&quot;,&quot;name&quot;:&quot;Mon actu&quot;,&quot;type&quot;:&quot;cta&quot;}}\" target=\"_blank\">Mon Actu<\/a>.<\/p>\n","protected":false},"excerpt":{"rendered":"Par Baptiste Hue Publi\u00e9 le 18 oct. 2025 \u00e0 20h39 Quelle belle journ\u00e9e de v\u00e9lo\u2009! La grande famille&hellip;\n","protected":false},"author":2,"featured_media":473767,"comment_status":"","ping_status":"","sticky":false,"template":"","format":"standard","meta":{"footnotes":""},"categories":[1411],"tags":[59727,3168,1154,207,1011,27,60,208],"class_list":{"0":"post-473766","1":"post","2":"type-post","3":"status-publish","4":"format-standard","5":"has-post-thumbnail","7":"category-cyclisme","8":"tag-anthony-delaplace","9":"tag-cotentin","10":"tag-cycling","11":"tag-cyclisme","12":"tag-fr","13":"tag-france","14":"tag-sports","15":"tag-velo"},"share_on_mastodon":{"url":"https:\/\/pubeurope.com\/@fr\/115398271698908051","error":""},"_links":{"self":[{"href":"https:\/\/www.europesays.com\/fr\/wp-json\/wp\/v2\/posts\/473766","targetHints":{"allow":["GET"]}}],"collection":[{"href":"https:\/\/www.europesays.com\/fr\/wp-json\/wp\/v2\/posts"}],"about":[{"href":"https:\/\/www.europesays.com\/fr\/wp-json\/wp\/v2\/types\/post"}],"author":[{"embeddable":true,"href":"https:\/\/www.europesays.com\/fr\/wp-json\/wp\/v2\/users\/2"}],"replies":[{"embeddable":true,"href":"https:\/\/www.europesays.com\/fr\/wp-json\/wp\/v2\/comments?post=473766"}],"version-history":[{"count":0,"href":"https:\/\/www.europesays.com\/fr\/wp-json\/wp\/v2\/posts\/473766\/revisions"}],"wp:featuredmedia":[{"embeddable":true,"href":"https:\/\/www.europesays.com\/fr\/wp-json\/wp\/v2\/media\/473767"}],"wp:attachment":[{"href":"https:\/\/www.europesays.com\/fr\/wp-json\/wp\/v2\/media?parent=473766"}],"wp:term":[{"taxonomy":"category","embeddable":true,"href":"https:\/\/www.europesays.com\/fr\/wp-json\/wp\/v2\/categories?post=473766"},{"taxonomy":"post_tag","embeddable":true,"href":"https:\/\/www.europesays.com\/fr\/wp-json\/wp\/v2\/tags?post=473766"}],"curies":[{"name":"wp","href":"https:\/\/api.w.org\/{rel}","templated":true}]}}