{"id":473770,"date":"2025-10-19T01:38:13","date_gmt":"2025-10-19T01:38:13","guid":{"rendered":"https:\/\/www.europesays.com\/fr\/473770\/"},"modified":"2025-10-19T01:38:13","modified_gmt":"2025-10-19T01:38:13","slug":"qui-est-vraiment-hugo-clement","status":"publish","type":"post","link":"https:\/\/www.europesays.com\/fr\/473770\/","title":{"rendered":"qui est vraiment Hugo Cl\u00e9ment ?"},"content":{"rendered":"<p data-module=\"standfirst\" data-context=\"@media (min-width:48em)\">\n    <strong>PORTRAIT &#8211; <\/strong>Le journaliste de France T\u00e9l\u00e9visions, propuls\u00e9 par \u00abLe Petit Journal\u00bb et connu pour ses engagements \u00e9colos, semble agacer tout le monde. C\u2019est la ran\u00e7on d\u2019une libert\u00e9 qu\u2019il d\u00e9fend jalousement, mais le fruit aussi de plusieurs malentendus, qu\u2019il devenait urgent de dissiper.<\/p>\n<p class=\"fig-paragraph fig-paragraph--dropped\">Mais vers o\u00f9 court Hugo Cl\u00e9ment\u00a0? Apr\u00e8s la notori\u00e9t\u00e9, comme disent les jaloux\u00a0? Apr\u00e8s le buzz, comme raillent ses adversaires\u00a0? Ou l\u2019argent, comme le sugg\u00e8rent quelques mauvaises langues qui le croisent au\u00a0<a href=\"https:\/\/photo-madame.lefigaro.fr\/style\/news\/la-soiree-des-45-ans-de-madame-figaro-a-l-hotel-de-crillon-20250910\" data-fig-type=\"SlideShowResource\" data-gtm-custom-categorie=\"navigation\" data-gtm-custom-action=\"crossclick\" data-gtm-custom-label=\"Contextuel\" data-gtm-event=\"customEventSPE\" data-fig-domain=\"MADAME\" rel=\"nofollow noopener\" target=\"_blank\">somptueux H\u00f4tel de Crillon<\/a>\u00a0o\u00f9 il prend ses quartiers quand il est \u00e0 Paris\u00a0? Ce matin,\u00a0<a href=\"http:\/\/tvmag.lefigaro.fr\/programme-tv\/actu-tele\/est-ce-que-tu-t-es-auto-embauche-a-quelle-epoque-la-pique-de-yann-barthes-a-hugo-clement-20251002\" data-fig-type=\"Article\" data-gtm-custom-categorie=\"navigation\" data-gtm-custom-action=\"crossclick\" data-gtm-custom-label=\"Contextuel\" data-gtm-event=\"customEventSPE\" data-fig-domain=\"TVMAG\" rel=\"nofollow noopener\" target=\"_blank\">Hugo Cl\u00e9ment<\/a>\u00a0ne court qu\u2019apr\u00e8s son coach. Et plut\u00f4t vite. Ses foul\u00e9es press\u00e9es interrompent \u00e0 l\u2019aube la qui\u00e9tude de l\u2019hippodrome biarrot. La c\u00f4te basque se dore aux rayons cl\u00e9ments d\u2019un chaud soleil d\u2019automne &#8211; de ces soleils qui vous passent pour de bon l\u2019envie de revenir un jour vivre \u00e0 la capitale. Sur sa montre de sport dernier cri, une pression machinale du doigt vient arr\u00eater le chronom\u00e8tre. Gorg\u00e9e d\u2019eau, poign\u00e9e de main, barre de c\u00e9r\u00e9ales\u00a0: on retrouve Hugo Cl\u00e9ment assis et suant \u00e0 grosses gouttes, en pleine s\u00e9ance de fractionn\u00e9 avec ses entra\u00eeneurs,\u00a0<a href=\"https:\/\/video.lefigaro.fr\/figaro\/sports\/j-25-mon-reve-olympique-avec-fred-belaubre-20110201\" target=\"_blank\" data-fig-type=\"Video\" rel=\"sponsored noopener nofollow\" data-gtm-custom-categorie=\"navigation\" data-gtm-custom-action=\"crossclick\" data-gtm-custom-label=\"Contextuel\" data-gtm-event=\"customEventSPE\" data-fig-domain=\"LEFIGARO\">Fr\u00e9d\u00e9ric Belaubre<\/a>\u00a0et Charlotte Morel, deux champions fran\u00e7ais de triathlon aupr\u00e8s de qui le chroniqueur vedette de l\u2019\u00e9mission \u00abQuelle \u00e9poque\u00bb sur France 2 se pr\u00e9pare pour des d\u00e9fis sportifs \u00e0 venir. Car non content d\u2019\u00eatre producteur et animateur sur l\u2019audiovisuel public, celui qui s\u2019\u00e9tait fait conna\u00eetre pour ses reportages dans l\u2019\u00e9mission de Yann Barth\u00e8s s\u2019est lanc\u00e9 dans une pratique intensive de la natation et la course \u00e0 pied.<\/p>\n<p class=\"fig-paragraph fig-paragraph--dropped\">Plus qu\u2019un coach, \u00abFred\u00bb est devenu son co\u00e9quipier\u00a0: l\u2019avant-veille encore, Hugo et lui\u2026<\/p>\n<p class=\"fig-premium-paywall__infos\">\n        Cet article est r\u00e9serv\u00e9 aux abonn\u00e9s.        Il vous reste 91% \u00e0 d\u00e9couvrir.\n    <\/p>\n<p>                <img  data- alt=\"Le Figaro\" class=\"fig-img--complete fig-img\"\/><\/p>\n<p class=\"fig-premium-paywall__title\">Vous avez envie de lire la suite ?<\/p>\n<p class=\"fig-premium-paywall__subtitle\">D\u00e9bloquez tous les articles imm\u00e9diatement.<\/p>\n<p class=\"fig-premium-paywall__connect\">\n                D\u00e9j\u00e0 abonn\u00e9\u00a0?                <a class=\"fig-premium-paywall__connect-link\" href=\"https:\/\/connect.lefigaro.fr\/login?client=horizon_web&amp;type=main&amp;redirect_uri=https%3A%2F%2Fwww.lefigaro.fr%2Factualite-france%2Fbobo-gaucho-ou-facho-qui-est-vraiment-hugo-clement-20251018\" data-js-gtm=\"{&quot;customCategorie&quot;: &quot;conversion&quot;, &quot;customAction&quot;: &quot;before_Landing_Connexion_paywall_manuel&quot;, &quot;customLabel&quot;: &quot;bGVmaWdhcm8uZnJfXzFmMGE4M2U0LTVkODgtNmNlYS05NzBmLTZkNTNhYWVmNmU3Y19fQXJ0aWNsZQ==_Bobo, gaucho ou facho\u00a0: qui est vraiment Hugo Cl\u00e9ment\u00a0?_89&quot;, &quot;customIDSPE&quot;: &quot;bGVmaWdhcm8uZnJfXzFmMGE4M2U0LTVkODgtNmNlYS05NzBmLTZkNTNhYWVmNmU3Y19fQXJ0aWNsZQ==&quot;, &quot;event&quot;: &quot;customEventSPE&quot;}\" rel=\"nofollow noopener\" target=\"_blank\"><br \/>\n                    Connectez-vous<br \/>\n                <\/a>\n            <\/p>\n","protected":false},"excerpt":{"rendered":"PORTRAIT &#8211; Le journaliste de France T\u00e9l\u00e9visions, propuls\u00e9 par \u00abLe Petit Journal\u00bb et connu pour ses engagements \u00e9colos,&hellip;\n","protected":false},"author":2,"featured_media":473771,"comment_status":"","ping_status":"","sticky":false,"template":"","format":"standard","meta":{"footnotes":""},"categories":[1359],"tags":[58,59,1011,27,30030,973],"class_list":{"0":"post-473770","1":"post","2":"type-post","3":"status-publish","4":"format-standard","5":"has-post-thumbnail","7":"category-people","8":"tag-divertissement","9":"tag-entertainment","10":"tag-fr","11":"tag-france","12":"tag-hugo-clement","13":"tag-people"},"share_on_mastodon":{"url":"https:\/\/pubeurope.com\/@fr\/115398279476880688","error":""},"_links":{"self":[{"href":"https:\/\/www.europesays.com\/fr\/wp-json\/wp\/v2\/posts\/473770","targetHints":{"allow":["GET"]}}],"collection":[{"href":"https:\/\/www.europesays.com\/fr\/wp-json\/wp\/v2\/posts"}],"about":[{"href":"https:\/\/www.europesays.com\/fr\/wp-json\/wp\/v2\/types\/post"}],"author":[{"embeddable":true,"href":"https:\/\/www.europesays.com\/fr\/wp-json\/wp\/v2\/users\/2"}],"replies":[{"embeddable":true,"href":"https:\/\/www.europesays.com\/fr\/wp-json\/wp\/v2\/comments?post=473770"}],"version-history":[{"count":0,"href":"https:\/\/www.europesays.com\/fr\/wp-json\/wp\/v2\/posts\/473770\/revisions"}],"wp:featuredmedia":[{"embeddable":true,"href":"https:\/\/www.europesays.com\/fr\/wp-json\/wp\/v2\/media\/473771"}],"wp:attachment":[{"href":"https:\/\/www.europesays.com\/fr\/wp-json\/wp\/v2\/media?parent=473770"}],"wp:term":[{"taxonomy":"category","embeddable":true,"href":"https:\/\/www.europesays.com\/fr\/wp-json\/wp\/v2\/categories?post=473770"},{"taxonomy":"post_tag","embeddable":true,"href":"https:\/\/www.europesays.com\/fr\/wp-json\/wp\/v2\/tags?post=473770"}],"curies":[{"name":"wp","href":"https:\/\/api.w.org\/{rel}","templated":true}]}}