{"id":473772,"date":"2025-10-19T01:39:26","date_gmt":"2025-10-19T01:39:26","guid":{"rendered":"https:\/\/www.europesays.com\/fr\/473772\/"},"modified":"2025-10-19T01:39:26","modified_gmt":"2025-10-19T01:39:26","slug":"un-picasso-disparait-mysterieusement-lors-de-son-transfert-en-espagne","status":"publish","type":"post","link":"https:\/\/www.europesays.com\/fr\/473772\/","title":{"rendered":"Un Picasso dispara\u00eet myst\u00e9rieusement lors de son transfert en Espagne"},"content":{"rendered":"<p class=\"editor-content__paragraph\">L\u2019\u0153uvre s\u2019est tout simplement volatilis\u00e9e\u2026 <strong>Un dessin de <a href=\"https:\/\/www.beauxarts.com\/grand-format\/pablo-picasso-en-3-minutes\/\" target=\"_blank\" rel=\"noopener\">Pablo Picasso<\/a><\/strong>, Nature morte \u00e0 la guitare (1919), a en effet <strong>disparu sans laisser de traces<\/strong> durant son transfert qui devait l\u2019amener de Madrid, capitale de l\u2019Espagne situ\u00e9e au centre du pays, \u00e0 la ville andalouse de Grenade, \u00e0 360\u00a0kilom\u00e8tres plus au sud. Cette <strong>affaire \u00e9nigmatique<\/strong> a \u00e9t\u00e9 <strong>r\u00e9v\u00e9l\u00e9e par la police nationale espagnole<\/strong>, qui a ouvert une enqu\u00eate ce jeudi 16\u00a0octobre.<\/p>\n<p class=\"editor-content__paragraph\"><strong>Estim\u00e9e \u00e0 600\u00a0000\u00a0euros<\/strong>, cette petite \u0153uvre <a href=\"https:\/\/www.beauxarts.com\/grand-format\/le-cubisme-en-3-minutes\/\" target=\"_blank\" rel=\"noopener\">cubiste<\/a> \u00e0 la gouache et mine de plomb sur papier de 12,7 \u00d7 9,8\u00a0cm \u00e9tait en route pour int\u00e9grer<strong> l\u2019exposition gratuite \u00ab\u00a0Nature morte. L\u2019\u00e9ternit\u00e9 de l\u2019inerte\u00a0\u00bb<\/strong>, ouverte le 9\u00a0octobre (et visible jusqu\u2019au 11\u00a0janvier 2026) au centre culturel de la<strong> Fondation CajaGranada<\/strong>. Elle devait y rejoindre 57\u00a0autres \u0153uvres de 40\u00a0artistes (dont <a href=\"https:\/\/www.beauxarts.com\/grand-format\/rene-magritte-en-2-minutes\/\" target=\"_blank\" rel=\"noopener\">Ren\u00e9 Magritte<\/a>, <a href=\"https:\/\/www.beauxarts.com\/grand-format\/le-peintre-colombien-fernando-botero-est-mort-a-91-ans\/\" target=\"_blank\" rel=\"noopener\">Fernando Botero<\/a>, <a href=\"https:\/\/www.beauxarts.com\/grand-format\/juan-gris-en-2-minutes\/\" target=\"_blank\" rel=\"noopener\">Juan Gris<\/a> et <a href=\"https:\/\/www.beauxarts.com\/grand-format\/raoul-dufy-en-3-minutes\/\" target=\"_blank\" rel=\"noopener\">Raoul Dufy<\/a>), toutes issues comme elle de collections priv\u00e9es et r\u00e9unies par la commissaire Mar\u00eda Toral pour <strong>retracer deux moments cl\u00e9s de l\u2019histoire de la nature morte<\/strong> dans l\u2019art\u00a0: les XVIIe et XXe si\u00e8cles.<\/p>\n<p>L\u2019absence du dessin constat\u00e9e seulement trois jours apr\u00e8s la livraison des \u0153uvres<\/p>\n<p class=\"editor-content__paragraph\">Rassembl\u00e9es et stock\u00e9es le 25\u00a0septembre <strong>en vue de leur transfert<\/strong>, les \u0153uvres sont <strong>arriv\u00e9es au centre culturel grenadin en une seule livraison<\/strong> le vendredi 3\u00a0octobre \u00e0 10h du matin, apr\u00e8s avoir fait <strong>un arr\u00eat \u00e0 mi-chemin durant la nuit, <\/strong>veill\u00e9es \u00e0 tour de r\u00f4le par les deux conducteurs, rapporte la police cit\u00e9e dans le journal espagnol Ideal. \u00ab\u00a0En un seul transfert, toutes les \u0153uvres ont \u00e9t\u00e9 transport\u00e9es du fourgon au monte-charge, situ\u00e9 au sous-sol, qui les a men\u00e9es au premier \u00e9tage\u00a0\u00bb, le tout sous vid\u00e9osurveillance, pr\u00e9cise un communiqu\u00e9 de la fondation. Une fois cette livraison termin\u00e9e, le responsable des expositions, accompagn\u00e9 des employ\u00e9s de la soci\u00e9t\u00e9 de transport, a<strong> proc\u00e9d\u00e9 \u00e0 l\u2019inspection<\/strong>.<\/p>\n<p>    <img loading=\"lazy\" decoding=\"async\" class=\"image__img\" src=\"https:\/\/www.europesays.com\/fr\/wp-content\/uploads\/2025\/10\/webspanish-police-investigate-as-picasso-painting-vanishes-on-way-to-e_-www.theguardian.com_-964x119.jpeg\" alt=\"Pablo Picasso, Nature morte \u00e0 la guitare\" width=\"964\" height=\"1196\"\/><\/p>\n<p>Pablo Picasso, Nature morte \u00e0 la guitare, 1919<\/p>\n<p>    i<\/p>\n<p class=\"legende__cartel\">Gouache et mine de plomb sur papier \u2022 12,7 \u00d7 9,8\u00a0cm \u2022 Coll. particuli\u00e8re \u2022 \u00a9 Succession Picasso 2025<\/p>\n<p class=\"editor-content__paragraph\">\u00ab\u00a0Comme tous les emballages n\u2019\u00e9taient pas correctement num\u00e9rot\u00e9s, il \u00e9tait<strong> impossible d\u2019effectuer un contr\u00f4le approfondi sans d\u00e9ballage<\/strong>\u00a0\u00bb, explique l\u2019institution. Il a donc \u00e9t\u00e9 convenu de signer les bordereaux d\u2019exp\u00e9dition en attendant le<strong> d\u00e9ballage pr\u00e9vu le lundi 6\u00a0octobre<\/strong>, pour une confirmation pi\u00e8ce par pi\u00e8ce. Ainsi, c\u2019est seulement le lundi, \u00e0 la fin du d\u00e9ballage effectu\u00e9 sous l\u2019\u0153il des cam\u00e9ras de s\u00e9curit\u00e9, que la commissaire et le responsable des expositions de la fondation ont constat\u00e9 <strong>l\u2019absence d\u2019une \u0153uvre<\/strong>, qui s\u2019est r\u00e9v\u00e9l\u00e9e \u00eatre le dessin de Picasso. L\u2019\u00e9tablissement a port\u00e9 plainte \u00e0 la police, qui a r\u00e9v\u00e9l\u00e9 l\u2019affaire au public. La presse espagnole a alors d\u00e9plor\u00e9 une <strong>mauvaise organisation<\/strong> mettant en p\u00e9ril la s\u00e9curit\u00e9 des \u0153uvres lors des transferts.<\/p>\n<p>        \u00c0 lire aussi :<br \/>\n        <a class=\"renvoi-explicite__link\" href=\"https:\/\/www.beauxarts.com\/grand-format\/une-redecouverte-majeure-peint-par-picasso-pendant-loccupation-un-portrait-de-dora-maar-ressurgit-a-paris\/\" target=\"_blank\" rel=\"noopener\">\u00ab\u00a0Une red\u00e9couverte majeure\u00a0\u00bb : peint par Picasso pendant l&rsquo;Occupation, un portrait de Dora Maar ressurgit \u00e0 Paris<\/a><\/p>\n<p>Peintre pr\u00e9f\u00e9r\u00e9 des voleurs<\/p>\n<p class=\"editor-content__paragraph\">Les cr\u00e9ations de Picasso, l\u2019un des artistes les plus cot\u00e9s et prolifiques de l\u2019histoire de l\u2019art, attirent particuli\u00e8rement les voleurs. En 1976,<strong> 119\u00a0de ses \u0153uvres avaient ainsi \u00e9t\u00e9 d\u00e9rob\u00e9es<\/strong> lors d\u2019un spectaculaire <strong>braquage nocturne au Palais des papes<\/strong> d\u2019Avignon, avant d\u2019\u00eatre finalement retrouv\u00e9es. En 2009, des <strong>dessins et esquisses<\/strong> de sa main, d\u2019une valeur totale de huit millions d\u2019euros, avaient \u00e9t\u00e9 subtilis\u00e9s <strong>dans un local de stockage appartenant au mus\u00e9e Picasso<\/strong> \u00e0 Paris, puis r\u00e9cup\u00e9r\u00e9s par la police. Son tableau Le Pigeon aux petits pois (1911) a \u00e9galement \u00e9t\u00e9 vol\u00e9 avec quatre autres \u0153uvres lors du <a href=\"https:\/\/www.beauxarts.com\/grand-format\/ep-6-braque-matisse-leger-picasso-modigliani-envoles\/\" target=\"_blank\" rel=\"noopener\"><strong>fameux casse du mus\u00e9e d\u2019Art moderne de Paris en 2010<\/strong><\/a> par le cambrioleur Vjeran Tomic, surnomm\u00e9 \u00ab\u00a0l\u2019homme-araign\u00e9e de Paris\u00a0\u00bb \u2013 un butin de 100\u00a0millions d\u2019euros qui, lui, n\u2019a jamais refait surface.<\/p>\n<p>        \u00c0 lire aussi :<br \/>\n        <a class=\"renvoi-explicite__link\" href=\"https:\/\/www.beauxarts.com\/grand-format\/ep-6-braque-matisse-leger-picasso-modigliani-envoles\/\" target=\"_blank\" rel=\"noopener\">\u00ab Les R\u00e8gles de l&rsquo;art \u00bb au cin\u00e9ma : la v\u00e9ritable histoire du vol de cinq toiles de ma\u00eetres au mus\u00e9e d\u2019Art moderne de Paris<\/a><\/p>\n","protected":false},"excerpt":{"rendered":"L\u2019\u0153uvre s\u2019est tout simplement volatilis\u00e9e\u2026 Un dessin de Pablo Picasso, Nature morte \u00e0 la guitare (1919), a en&hellip;\n","protected":false},"author":2,"featured_media":473773,"comment_status":"","ping_status":"","sticky":false,"template":"","format":"standard","meta":{"footnotes":""},"categories":[1358],"tags":[12870,1348,1384,1385,1386,58,59,1011,27,1585],"class_list":{"0":"post-473772","1":"post","2":"type-post","3":"status-publish","4":"format-standard","5":"has-post-thumbnail","7":"category-arts-et-design","8":"tag-art-moderne","9":"tag-arts","10":"tag-arts-and-design","11":"tag-arts-et-design","12":"tag-design","13":"tag-divertissement","14":"tag-entertainment","15":"tag-fr","16":"tag-france","17":"tag-peinture"},"share_on_mastodon":{"url":"https:\/\/pubeurope.com\/@fr\/115398283861738854","error":""},"_links":{"self":[{"href":"https:\/\/www.europesays.com\/fr\/wp-json\/wp\/v2\/posts\/473772","targetHints":{"allow":["GET"]}}],"collection":[{"href":"https:\/\/www.europesays.com\/fr\/wp-json\/wp\/v2\/posts"}],"about":[{"href":"https:\/\/www.europesays.com\/fr\/wp-json\/wp\/v2\/types\/post"}],"author":[{"embeddable":true,"href":"https:\/\/www.europesays.com\/fr\/wp-json\/wp\/v2\/users\/2"}],"replies":[{"embeddable":true,"href":"https:\/\/www.europesays.com\/fr\/wp-json\/wp\/v2\/comments?post=473772"}],"version-history":[{"count":0,"href":"https:\/\/www.europesays.com\/fr\/wp-json\/wp\/v2\/posts\/473772\/revisions"}],"wp:featuredmedia":[{"embeddable":true,"href":"https:\/\/www.europesays.com\/fr\/wp-json\/wp\/v2\/media\/473773"}],"wp:attachment":[{"href":"https:\/\/www.europesays.com\/fr\/wp-json\/wp\/v2\/media?parent=473772"}],"wp:term":[{"taxonomy":"category","embeddable":true,"href":"https:\/\/www.europesays.com\/fr\/wp-json\/wp\/v2\/categories?post=473772"},{"taxonomy":"post_tag","embeddable":true,"href":"https:\/\/www.europesays.com\/fr\/wp-json\/wp\/v2\/tags?post=473772"}],"curies":[{"name":"wp","href":"https:\/\/api.w.org\/{rel}","templated":true}]}}