{"id":473774,"date":"2025-10-19T01:40:13","date_gmt":"2025-10-19T01:40:13","guid":{"rendered":"https:\/\/www.europesays.com\/fr\/473774\/"},"modified":"2025-10-19T01:40:13","modified_gmt":"2025-10-19T01:40:13","slug":"avec-entre-toutes-franck-bouysse-creuse-la-veine-familiale","status":"publish","type":"post","link":"https:\/\/www.europesays.com\/fr\/473774\/","title":{"rendered":"Avec \u00ab\u00a0Entre toutes\u00a0\u00bb, Franck Bouysse creuse la veine familiale"},"content":{"rendered":"<p>Pour preuve\u00a0: voil\u00e0 Franck Bouysse qui, \u00e0 son tour, relate la vie non pas de sa m\u00e8re ou de son p\u00e8re mais celle de sa grand&#8230;<\/p>\n<p>Pour preuve\u00a0: voil\u00e0 Franck Bouysse qui, \u00e0 son tour, relate la vie non pas de sa m\u00e8re ou de son p\u00e8re mais celle de sa grand-m\u00e8re. Elle s\u2019appelait Marie. \u00c9tait n\u00e9e en Corr\u00e8ze en 1912. Dans une ferme qu\u2019elle n\u2019a jamais quitt\u00e9e jusqu\u2019\u00e0 sa mort quand, disait-elle, \u00ab\u00a0d\u00e9barrass\u00e9e du m\u00e9tier de vivre, elle ne songeait plus \u00e0 exister\u00a0\u00bb. <\/p>\n<p>Cette femme pleine d\u2019esp\u00e9rance et d\u2019\u00e9nergie eut la vie dure, laborieuse, \u00e9maill\u00e9e de bonheurs fugaces et de chagrins inconsolables.<\/p>\n<p>En titrant son ouvrage \u00ab\u00a0Entre toutes\u00a0\u00bb, Bouysse (n\u00e9 \u00e0 Brive la Galliarde en 1965) savait bien que le parcours de cette paysanne discr\u00e8te et pudique qui renia Dieu avant de le retrouver, fut celui de beaucoup de ses contemporaines.<\/p>\n<p>On la suit donc d\u00e8s sa naissance, port\u00e9e en balluchon par sa m\u00e8re Anna, pour les travaux des champs.<\/p>\n<p>Puis de deux \u00e0 six ans quand son p\u00e8re part a la guerre et revient de cette boucherie, meurtrie \u00e0 jamais.<\/p>\n<p>Adolescente quand elle doit malgr\u00e9 elle, quitter l\u2019\u00e9cole pour participer \u00e0 la survie de la ferme. Jeune mari\u00e9e et jeune m\u00e8re. Elle connait ensuite le second conflit. Prend conscience des grandeurs et bassesses de l\u2019\u00e2me humaine\u2026<\/p>\n<p>Bouysse \u00e9crit donc un roman de terroir autour de cette belle personne que fut son a\u00efeule.<\/p>\n<p>Et fait se heurter la petite histoire d\u2019une ferme isol\u00e9e \u00e0 la grande histoire d\u2019une patrie.<\/p>\n<p>Pas de surprise dans ce r\u00e9cit qui va plus loin que la simple \u00e9criture sur soi.<\/p>\n<p>Mais le destin de femmes trop effac\u00e9es qui n\u2019avaient \u00e0 l\u2019\u00e9poque, d\u2019autres choix que le courage et l\u2019humilit\u00e9.<\/p>\n<p>\u00c0 coup s\u00fbr, Bouysse, pr\u00e9sent ce week-end \u00e0 \u00ab\u00a0Angoul\u00eame se livre\u00a0\u00bb va \u00e9mouvoir plus d\u2019une lectrice.<\/p>\n","protected":false},"excerpt":{"rendered":"Pour preuve\u00a0: voil\u00e0 Franck Bouysse qui, \u00e0 son tour, relate la vie non pas de sa m\u00e8re ou&hellip;\n","protected":false},"author":2,"featured_media":473775,"comment_status":"","ping_status":"","sticky":false,"template":"","format":"standard","meta":{"footnotes":""},"categories":[1357],"tags":[1379,58,59,1011,27,1380],"class_list":{"0":"post-473774","1":"post","2":"type-post","3":"status-publish","4":"format-standard","5":"has-post-thumbnail","7":"category-livres","8":"tag-books","9":"tag-divertissement","10":"tag-entertainment","11":"tag-fr","12":"tag-france","13":"tag-livres"},"share_on_mastodon":{"url":"https:\/\/pubeurope.com\/@fr\/115398287512990335","error":""},"_links":{"self":[{"href":"https:\/\/www.europesays.com\/fr\/wp-json\/wp\/v2\/posts\/473774","targetHints":{"allow":["GET"]}}],"collection":[{"href":"https:\/\/www.europesays.com\/fr\/wp-json\/wp\/v2\/posts"}],"about":[{"href":"https:\/\/www.europesays.com\/fr\/wp-json\/wp\/v2\/types\/post"}],"author":[{"embeddable":true,"href":"https:\/\/www.europesays.com\/fr\/wp-json\/wp\/v2\/users\/2"}],"replies":[{"embeddable":true,"href":"https:\/\/www.europesays.com\/fr\/wp-json\/wp\/v2\/comments?post=473774"}],"version-history":[{"count":0,"href":"https:\/\/www.europesays.com\/fr\/wp-json\/wp\/v2\/posts\/473774\/revisions"}],"wp:featuredmedia":[{"embeddable":true,"href":"https:\/\/www.europesays.com\/fr\/wp-json\/wp\/v2\/media\/473775"}],"wp:attachment":[{"href":"https:\/\/www.europesays.com\/fr\/wp-json\/wp\/v2\/media?parent=473774"}],"wp:term":[{"taxonomy":"category","embeddable":true,"href":"https:\/\/www.europesays.com\/fr\/wp-json\/wp\/v2\/categories?post=473774"},{"taxonomy":"post_tag","embeddable":true,"href":"https:\/\/www.europesays.com\/fr\/wp-json\/wp\/v2\/tags?post=473774"}],"curies":[{"name":"wp","href":"https:\/\/api.w.org\/{rel}","templated":true}]}}