{"id":473776,"date":"2025-10-19T01:41:20","date_gmt":"2025-10-19T01:41:20","guid":{"rendered":"https:\/\/www.europesays.com\/fr\/473776\/"},"modified":"2025-10-19T01:41:20","modified_gmt":"2025-10-19T01:41:20","slug":"malgre-ses-245-millions-dheures-vues-jai-jete-leponge-face-a-cette-serie-qui-ma-donne-envie-de-vomir","status":"publish","type":"post","link":"https:\/\/www.europesays.com\/fr\/473776\/","title":{"rendered":"Malgr\u00e9 ses 245 millions d\u2019heures vues, j\u2019ai jet\u00e9 l\u2019\u00e9ponge face \u00e0 cette s\u00e9rie qui m\u2019a donn\u00e9 envie de vomir"},"content":{"rendered":"<p>Autant le dire d\u2019entr\u00e9e de jeu : je n\u2019aime pas les films ou les s\u00e9ries d\u2019horreur, je d\u00e9teste aussi les zombies, c\u2019est ma limite. En revanche, je regarde beaucoup de polars, de thrillers gla\u00e7ants aux mises en sc\u00e8nes macabres, ou psychologiques. Je ne rechigne pas non plus aux <a href=\"https:\/\/www.programme-tv.net\/news\/series-tv\/212716-netflix-notre-top-10-des-meilleures-series-inspirees-d-histoire-vraie\/\" data-api-deeplink=\"teleloisirs:\/\/news\/212716\" target=\"_blank\" rel=\"noopener\">fictions adapt\u00e9es d\u2019histoires vraies<\/a>. Mais, il est vrai que, lorsque j\u2019ai vu arriver sur Netflix<a href=\"https:\/\/www.programme-tv.net\/news\/series-tv\/389185-monstre-saison-3-a-quoi-ressemblent-ed-gein-adeline-isle-koch-et-les-autres-personnage-de-la-serie-en-vrai-photos\/\" data-api-deeplink=\"teleloisirs:\/\/news\/389185\" target=\"_blank\" rel=\"noopener\"> la saison 3 de Monstre<\/a>, la s\u00e9rie d\u2019anthologie de Ryan Murphy et Ian Brennan, j\u2019ai tra\u00een\u00e9 des pieds pour lancer le visionnage. Je n\u2019avais pas vu<a href=\"https:\/\/www.programme-tv.net\/news\/series-tv\/311041-dahmer-netflix-ce-qui-est-vrai-et-ce-qui-est-faux-dans-la-serie-sur-jeffrey-dahmer\/\" data-api-deeplink=\"teleloisirs:\/\/news\/311041\" target=\"_blank\" rel=\"noopener\"> la premi\u00e8re saison sur Jeffrey Dahmer,<\/a> mais j\u2019avais regard\u00e9 la deuxi\u00e8me,<a href=\"https:\/\/www.programme-tv.net\/news\/series-tv\/361268-monstre-netflix-leffroyable-histoire-vraie-de-lyle-et-erik-menendez\/\" data-api-deeplink=\"teleloisirs:\/\/news\/361268\" target=\"_blank\" rel=\"noopener\"> consacr\u00e9e aux fr\u00e8res Erik et Lyle Menendez<\/a>. Rien qu\u2019\u00e0 l\u2019affiche, mais surtout aux quelques bribes que je connaissais de <a href=\"https:\/\/www.programme-tv.net\/news\/series-tv\/388931-monstre-netflix-l-effroyable-histoire-vraie-d-ed-gein-le-tueur-en-serie-qui-a-inspire-le-silence-des-agneaux\/\" data-api-deeplink=\"teleloisirs:\/\/news\/388931\" target=\"_blank\" rel=\"noopener\">l\u2019histoire de celui que l\u2019on surnomme le Boucher de Plainfield,<\/a> je savais que j\u2019allais devoir prendre sur moi pour regarder cette s\u00e9rie. Mais j\u2019y suis quand m\u00eame all\u00e9e\u2026 Et je le regrette encore !<\/p>\n<p>                        Monstre saison 3 : cet aspect particulier qui m&rsquo;a d\u00e9rang\u00e9e dans la s\u00e9rie de Netflix<\/p>\n<p>La s\u00e9rie s\u2019ouvre sur une premi\u00e8re sc\u00e8ne sexuelle malaisante. D\u00e8s les premi\u00e8res minutes du premier \u00e9pisode, l\u2019ambiance est pos\u00e9e. Le d\u00e9cor sordide et lugubre de cette vieille maison isol\u00e9e o\u00f9 Ed Gein vit avec sa m\u00e8re castratrice. Mais au-del\u00e0 de le portrait de ce tueur, j\u2019ai \u00e9t\u00e9 particuli\u00e8rement d\u00e9rang\u00e9e par un aspect en particulier de la s\u00e9rie. En voyant les photos des acteurs r\u00e9unis \u00e0 l\u2019avant-premi\u00e8re de cette saison 3 de Monstre, je m\u2019\u00e9tais demand\u00e9 pourquoi <a href=\"https:\/\/www.programme-tv.net\/news\/series-tv\/388729-monstre-saison-3-netflix-qui-sont-les-acteurs-des-episodes-consacres-a-ed-gein-photos\/\" data-api-deeplink=\"teleloisirs:\/\/news\/388729\" target=\"_blank\" rel=\"noopener\">l\u2019actrice Vicky Krieps<\/a> incarnait une criminelle de guerre nazie dans une histoire qui n\u2019a, a priori, aucun rapport. J\u2019ai vite compris en regardant ces deux premiers \u00e9pisodes qui expliquent qu\u2019Ed Gein se serait inspir\u00e9 de cette derni\u00e8re pour commettre ses crimes.<\/p>\n<p>            Provoquer et choquer, la strat\u00e9gie contre-productive de Ryan Murphy<\/p>\n<p>Si Ryan Murphy voulait faire le parall\u00e8le entre Ed Gein et<a href=\"https:\/\/www.programme-tv.net\/news\/series-tv\/389374-monstre-ilse-koch-alias-la-chienne-de-buchenwald-qui-fascinait-ed-gein-a-t-elle-vraiment-existe-photo\/\" data-api-deeplink=\"teleloisirs:\/\/news\/389374\" target=\"_blank\" rel=\"noopener\"> Ilse Koch<\/a>, il pouvait le faire de bien des mani\u00e8res, plus subtilement. Avait-il vraiment besoin de mettre en sc\u00e8ne des victimes de camps de concentration comme il le fait ici ? La r\u00e9ponse est clairement non ! Cet aspect particulier de la s\u00e9rie m\u2019a vraiment mise en col\u00e8re. Choquer ne devrait pas \u00eatre \u00e0 n\u2019importe quel prix et, au contraire, je trouve \u00e7a contre-productif. En choquant volontairement le spectateur, le propos finit par perdre toute sa force.<\/p>\n<p>Forc\u00e9ment, quand on regarde une fiction consacr\u00e9e \u00e0 un tueur en s\u00e9rie, on sait qu\u2019on ne va pas faire dans la dentelle. Et encore moins quand il s\u2019agit d\u2019un programme de Ryan Murphy. Le cr\u00e9ateur est connu pour ses univers crus et sa volont\u00e9 de choquer. Il ne fait jamais dans la demi-mesure. Mais jusqu\u2019\u00e0 quand continue-t-on, en tant que spectateur, \u00e0 dire oui et \u00e0 tol\u00e9rer \u00e7a ? Apr\u00e8s deux \u00e9pisodes \u00e0 avoir eu envie de vomir et \u00e0 en faire des cauchemars, j\u2019ai donc d\u00e9cid\u00e9 d\u2019arr\u00eater les frais et me suis avou\u00e9e vaincue. S&rsquo;il m&rsquo;est souvent arriv\u00e9e de ne pas aller au bout d&rsquo;un programme d\u00e9cevant ou ennuyeux, c&rsquo;est la premi\u00e8re fois que je m&rsquo;arr\u00eate parce que je suis trop mal \u00e0 l&rsquo;aise.<\/p>\n<p>                        Monstre sur Netflix : j&rsquo;ai trouv\u00e9 la saison 3 irregardable et j&rsquo;ai d\u00e9cid\u00e9 d&rsquo;arr\u00eater les frais<\/p>\n<p>J\u2019ai trouv\u00e9 cette saison 3 de Monstre irregardable et j\u2019avoue que j\u2019ai du mal \u00e0 comprendre que la s\u00e9rie fascine autant (et encore moins que l&rsquo;on puisse avoir envie de la revoir une deuxi\u00e8me fois, comme c&rsquo;est le cas de l&rsquo;une de nos journalistes). Que l\u2019on soit int\u00e9ress\u00e9e par ce fait divers, soit, mais le traitement choisi par les cr\u00e9ateurs me d\u00e9range et me para\u00eet probl\u00e9matique. Si j\u2019en crois une coll\u00e8gue qui conna\u00eet bien cette affaire, certains aspects sont m\u00eame carr\u00e9ment mensongers et l\u2019\u00e9pisode final surr\u00e9aliste. Esp\u00e9rons que cela ne sera pas le cas pour <a href=\"https:\/\/www.programme-tv.net\/news\/series-tv\/388695-monstre-saison-4-netflix-les-premieres-informations-sur-la-suite\/\" data-api-deeplink=\"teleloisirs:\/\/news\/388695\" target=\"_blank\" rel=\"noopener\">la saison 4 de Monstre<\/a>, consacr\u00e9e \u00e0 Lizzie Borden, dans laquelle<a href=\"https:\/\/www.programme-tv.net\/news\/series-tv\/389566-monstre-saison-4-surprise-charlie-hunnam-sera-de-retour-mais\/\" data-api-deeplink=\"teleloisirs:\/\/news\/389566\" target=\"_blank\" rel=\"noopener\"> l\u2019acteur Charlie Hunnam sera de retour,<\/a> dans un r\u00f4le diff\u00e9rent de celui d\u2019Ed Gein.<\/p>\n<p>S\u2019il cherche \u00e0 provoquer une r\u00e9action forte chez les spectateurs, Ryan Murphy a en tout cas r\u00e9ussi son coup. En seulement deux \u00e9pisodes, une semaine apr\u00e8s, je me demande encore pourquoi je me suis inflig\u00e9 \u00e7a.<\/p>\n<p><b>Pour aller plus loin, \u00e9coutez le d\u00e9bat de la r\u00e9daction de T\u00e9l\u00e9-Loisirs, <\/b><a href=\"https:\/\/podcasts.programme-tv.net\/prisma-media-toudoum\/202510151457-superstream-s2e02-que-vaut-la-saison-3-de-monstres-consacree\" target=\"_blank\" rel=\"noopener\"><b>consacr\u00e9 \u00e0 cette saison 3 de <\/b><b>Monstre<\/b><\/a><b>,<\/b><b> dans <\/b><a href=\"https:\/\/podcasts.programme-tv.net\/prisma-media-toudoum\" target=\"_blank\" rel=\"noopener\"><b>notre podcast <\/b><b>Superstream<\/b><b>,<\/b><\/a><b> \u00e0 \u00e9couter en haut de cet article. <\/b><\/p>\n","protected":false},"excerpt":{"rendered":"Autant le dire d\u2019entr\u00e9e de jeu : je n\u2019aime pas les films ou les s\u00e9ries d\u2019horreur, je d\u00e9teste&hellip;\n","protected":false},"author":2,"featured_media":473777,"comment_status":"","ping_status":"","sticky":false,"template":"","format":"standard","meta":{"footnotes":""},"categories":[1356],"tags":[47785,244,58,59,1011,27,57884,127,1722,57883,1721,129,252,1364],"class_list":{"0":"post-473776","1":"post","2":"type-post","3":"status-publish","4":"format-standard","5":"has-post-thumbnail","7":"category-television","8":"tag-charlie-hunnam","9":"tag-commentaire","10":"tag-divertissement","11":"tag-entertainment","12":"tag-fr","13":"tag-france","14":"tag-monstre-lhistoire-ded-gein","15":"tag-netflix","16":"tag-pub-streaming-netflix","17":"tag-ryan-murphy","18":"tag-su00e9rie-netflix","19":"tag-svod","20":"tag-television","21":"tag-tv"},"share_on_mastodon":{"url":"https:\/\/pubeurope.com\/@fr\/115398291684763550","error":""},"_links":{"self":[{"href":"https:\/\/www.europesays.com\/fr\/wp-json\/wp\/v2\/posts\/473776","targetHints":{"allow":["GET"]}}],"collection":[{"href":"https:\/\/www.europesays.com\/fr\/wp-json\/wp\/v2\/posts"}],"about":[{"href":"https:\/\/www.europesays.com\/fr\/wp-json\/wp\/v2\/types\/post"}],"author":[{"embeddable":true,"href":"https:\/\/www.europesays.com\/fr\/wp-json\/wp\/v2\/users\/2"}],"replies":[{"embeddable":true,"href":"https:\/\/www.europesays.com\/fr\/wp-json\/wp\/v2\/comments?post=473776"}],"version-history":[{"count":0,"href":"https:\/\/www.europesays.com\/fr\/wp-json\/wp\/v2\/posts\/473776\/revisions"}],"wp:featuredmedia":[{"embeddable":true,"href":"https:\/\/www.europesays.com\/fr\/wp-json\/wp\/v2\/media\/473777"}],"wp:attachment":[{"href":"https:\/\/www.europesays.com\/fr\/wp-json\/wp\/v2\/media?parent=473776"}],"wp:term":[{"taxonomy":"category","embeddable":true,"href":"https:\/\/www.europesays.com\/fr\/wp-json\/wp\/v2\/categories?post=473776"},{"taxonomy":"post_tag","embeddable":true,"href":"https:\/\/www.europesays.com\/fr\/wp-json\/wp\/v2\/tags?post=473776"}],"curies":[{"name":"wp","href":"https:\/\/api.w.org\/{rel}","templated":true}]}}