{"id":473780,"date":"2025-10-19T01:44:06","date_gmt":"2025-10-19T01:44:06","guid":{"rendered":"https:\/\/www.europesays.com\/fr\/473780\/"},"modified":"2025-10-19T01:44:06","modified_gmt":"2025-10-19T01:44:06","slug":"sur-disney-un-documentaire-inedit-sur-avatar-avant-le-grand-retour-de-la-saga-au-cinema","status":"publish","type":"post","link":"https:\/\/www.europesays.com\/fr\/473780\/","title":{"rendered":"Sur Disney+, un documentaire in\u00e9dit sur Avatar avant le grand retour de la saga au cin\u00e9ma"},"content":{"rendered":"<p>L\u2019attente va \u00eatre moins longue que pr\u00e9vu. \u00c0 quelques semaines de la sortie d\u2019<a href=\"https:\/\/www.journaldugeek.com\/2025\/10\/02\/avatar-3-la-duree-de-feu-et-de-cendres-confirmee-par-james-cameron\/\" target=\"_blank\" rel=\"false noopener\">Avatar\u00a0: de feu et de cendres<\/a>, troisi\u00e8me volet de la saga de James Cameron, Disney+ a une surprise qui risque de faire quelques heureux. En novembre, la filiale de Walt Disney Company proposera un documentaire exclusif et in\u00e9dit. Une occasion r\u00eav\u00e9e d\u2019en apprendre plus sur les secrets de fabrication de ces films hors normes. Baptis\u00e9 Fire and Water\u00a0: Making the Avatar Films, ce film en deux parties repose sur des interviews de la distribution,<strong> des entretiens privil\u00e9gi\u00e9s avec James Cameron<\/strong> et les \u00e9quipes en charge des effets visuels. Le regrett\u00e9 <strong>Jon Landau, producteur de la saga,<\/strong> y parlera aussi de son exp\u00e9rience et de la gen\u00e8se d\u2019Avatar.<\/p>\n<p>Du reste, Cameron sera accompagn\u00e9 de<strong> Zoe Salda\u00f1a, Kate Winslet et Sam Worthington.<\/strong> Ce sera une occasion pour les t\u00eates d\u2019affiche de livrer leur sentiment sur le d\u00e9veloppement des personnages qu\u2019ils campent pour certains depuis plus de 15 ans. Selon les propres mots de James Cameron, ils sont le c\u0153ur battant de son projet et il compte bien leur rendre hommage avec ce film. \u201cJe vais vous confier un petit secret. M\u00eame si nous utilisons beaucoup d\u2019ordinateurs et de technologies, Avatar est r\u00e9alis\u00e9 par une \u00e9quipe incroyablement talentueuse qui donne vie \u00e0 chaque expression, \u00e0 chaque \u00e9motion et au monde entier\u201d.<\/p>\n<p>    <a href=\"https:\/\/www.youtube.com\/user\/JournalduGeek?sub_confirmation=1\" target=\"_blank\" rel=\"nofollow noopener\"><br \/>\n        S&rsquo;abonner \u00e0 Journal du Geek<br \/>\n    <\/a> <\/p>\n<p>\u00a0<\/p>\n<p> Des images in\u00e9dites d\u2019Avatar\u00a0: de feu et de cendres <\/p>\n<p>Le troisi\u00e8me film de la franchise Avatar va \u00eatre l\u2019\u00e9v\u00e9nement de l\u2019ann\u00e9e au cin\u00e9ma. Le <strong>17 d\u00e9cembre prochain<\/strong>, c\u2019est une attente de trois ans qui prendra fin. Ce troisi\u00e8me film a \u00e9t\u00e9 tourn\u00e9 en majorit\u00e9 dans la foul\u00e9e du deuxi\u00e8me et consiste \u00e0 raconter <strong>une nouvelle qu\u00eate pour Jake Sully et sa famille<\/strong>. Marqu\u00e9s par la mort de leur fils, Jake et Ney\u2019tiri doivent se reconstruire tout en continuant de lutter contre la menace humaine que repr\u00e9sente Quaritch. <strong>Ney\u2019tiri semble engag\u00e9e sur la voie de la vengeance<\/strong>, tandis que Jake est surtout pr\u00e9occup\u00e9 par la survie des siens. En exil depuis l\u2019attaque de leur clan dans le deuxi\u00e8me film, ils vont faire la rencontre d\u2019un peuple aux croyances bien diff\u00e9rentes des leurs.<\/p>\n<p>Le Clan des Cendres est largement pr\u00e9sent\u00e9 comme les premiers antagonistes de Pandora. Le r\u00e9alisateur a expliqu\u00e9 \u00e0 plusieurs reprises qu\u2019il s\u2019agissait d\u2019un peuple meurtri apr\u00e8s une \u00e9ruption volcanique ayant provoqu\u00e9 la destruction de leur for\u00eat. Ils devraient \u00eatre des alli\u00e9s de Quaritch et s\u2019engager dans la destruction de Pandora en repr\u00e9sailles. Pour en savoir plus, direction donc<strong> Disney+ d\u00e8s le 7 novembre<\/strong> et dans les cin\u00e9mas pour <strong>Avatar 3 le 17 d\u00e9cembre.\u00a0<\/strong><\/p>\n<blockquote>\n<p class=\"text-base text-neutral-700 dark:text-neutral-300\">\ud83d\udfe3 Pour ne manquer aucune news sur le Journal du Geek, abonnez-vous sur <a href=\"https:\/\/news.google.com\/publications\/CAAqBwgKMNr_hAswwYyCAw?hl=fr&amp;gl=FR&amp;ceid=FR%3Afr\" target=\"_blank\" rel=\"noopener\">Google Actualit\u00e9s<\/a> et sur <a href=\"https:\/\/whatsapp.com\/channel\/0029VaClM5y4tRry12tb7D2h\" target=\"_blank\" rel=\"noopener\">notre WhatsApp<\/a>. Et si vous nous adorez, on a <a href=\"https:\/\/www.journaldugeek.com\/newsletter\/\" target=\"_blank\" rel=\"noopener\">une newsletter tous les matins<\/a>.<\/p>\n<\/blockquote>\n","protected":false},"excerpt":{"rendered":"L\u2019attente va \u00eatre moins longue que pr\u00e9vu. \u00c0 quelques semaines de la sortie d\u2019Avatar\u00a0: de feu et de&hellip;\n","protected":false},"author":2,"featured_media":473781,"comment_status":"","ping_status":"","sticky":false,"template":"","format":"standard","meta":{"footnotes":""},"categories":[1354],"tags":[13618,520,58,59,1346,1011,27,1360],"class_list":{"0":"post-473780","1":"post","2":"type-post","3":"status-publish","4":"format-standard","5":"has-post-thumbnail","7":"category-films","8":"tag-avatar","9":"tag-disney","10":"tag-divertissement","11":"tag-entertainment","12":"tag-films","13":"tag-fr","14":"tag-france","15":"tag-movies"},"share_on_mastodon":{"url":"https:\/\/pubeurope.com\/@fr\/115398302988802716","error":""},"_links":{"self":[{"href":"https:\/\/www.europesays.com\/fr\/wp-json\/wp\/v2\/posts\/473780","targetHints":{"allow":["GET"]}}],"collection":[{"href":"https:\/\/www.europesays.com\/fr\/wp-json\/wp\/v2\/posts"}],"about":[{"href":"https:\/\/www.europesays.com\/fr\/wp-json\/wp\/v2\/types\/post"}],"author":[{"embeddable":true,"href":"https:\/\/www.europesays.com\/fr\/wp-json\/wp\/v2\/users\/2"}],"replies":[{"embeddable":true,"href":"https:\/\/www.europesays.com\/fr\/wp-json\/wp\/v2\/comments?post=473780"}],"version-history":[{"count":0,"href":"https:\/\/www.europesays.com\/fr\/wp-json\/wp\/v2\/posts\/473780\/revisions"}],"wp:featuredmedia":[{"embeddable":true,"href":"https:\/\/www.europesays.com\/fr\/wp-json\/wp\/v2\/media\/473781"}],"wp:attachment":[{"href":"https:\/\/www.europesays.com\/fr\/wp-json\/wp\/v2\/media?parent=473780"}],"wp:term":[{"taxonomy":"category","embeddable":true,"href":"https:\/\/www.europesays.com\/fr\/wp-json\/wp\/v2\/categories?post=473780"},{"taxonomy":"post_tag","embeddable":true,"href":"https:\/\/www.europesays.com\/fr\/wp-json\/wp\/v2\/tags?post=473780"}],"curies":[{"name":"wp","href":"https:\/\/api.w.org\/{rel}","templated":true}]}}