{"id":47379,"date":"2025-04-23T19:47:09","date_gmt":"2025-04-23T19:47:09","guid":{"rendered":"https:\/\/www.europesays.com\/fr\/47379\/"},"modified":"2025-04-23T19:47:09","modified_gmt":"2025-04-23T19:47:09","slug":"accusations-de-racisme-et-de-diffamation-au-conseil-municipal-de-rouen-le-tribunal-a-tranche","status":"publish","type":"post","link":"https:\/\/www.europesays.com\/fr\/47379\/","title":{"rendered":"Accusations de racisme et de diffamation au conseil municipal de Rouen : le tribunal a tranch\u00e9"},"content":{"rendered":"<p>            Par<br \/>\n        <strong><br \/>\n            <a href=\"https:\/\/actu.fr\/auteur\/fmass\" title=\"Consulter tous les articles de Fabien Massin\" rel=\"nofollow noopener\" target=\"_blank\">Fabien Massin<\/a><br \/>\n        <\/strong><\/p>\n<p>        Publi\u00e9 le<\/p>\n<p>            23 avr. 2025 \u00e0 21h23        <\/p>\n<p>L\u2019affaire avait fait pol\u00e9mique, au cours d\u2019une s\u00e9ance de conseil municipal bouillonnante et qui a abouti \u00e0 un proc\u00e8s au tribunal correctionnel de <a href=\"https:\/\/actu.fr\/normandie\/rouen_76540\" rel=\"nofollow noopener\" target=\"_blank\">Rouen (Seine-Maritime)<\/a>. Mercredi 23 avril 2025, <strong>Laura Slimani<\/strong>, adjointe en charge de d\u00e9mocratie locale et participative, l\u2019\u00e9galit\u00e9 femmes-hommes, le handicap et de la lutte contre les discriminations, \u00e9tait jug\u00e9e pour diffamation, apr\u00e8s une plainte d\u00e9pos\u00e9e contre elle par l\u2019\u00e9lu de droite <strong>Franque-Emmanuel Coupard La Droitte.<\/strong><\/p>\n<p class=\" wall-content\">Tout remonte \u00e0 la <a href=\"https:\/\/actu.fr\/normandie\/rouen_76540\/des-propos-racistes-le-maire-de-rouen-reporte-le-conseil-municipal_60186672.html\" rel=\"nofollow noopener\" target=\"_blank\">s\u00e9ance du 9 octobre 2023<\/a>. L\u2019\u00e9lu \u00e9cologiste Jean-Michel B\u00e9r\u00e9govoy pr\u00e9sente une d\u00e9lib\u00e9ration dans laquelle il est question de <strong>l\u2019extinction des lumi\u00e8res<\/strong> la nuit dans le secteur des rue <strong>Lafayette, Saint-Sever et d\u2019Elbeuf<\/strong>, rive gauche. Ceci, dans un souci de lutte contre la pollution lumineuse nocturne n\u00e9faste notamment pour la faune pr\u00e9sente en ville. Et pour qualifier cette extinction, les termes de<strong> \u00ab\u00a0trame noire\u00a0\u00bb<\/strong> sont utilis\u00e9s.\u00a0<\/p>\n<p>Une plainte d\u00e9pos\u00e9e contre Laura Slimani<\/p>\n<p class=\" wall-content\">Dans l\u2019opposition de droite, l\u2019\u00e9lu Franque-Emmanuel Coupard La Droitte prend la parole et utilise le terme \u00ab\u00a0faune\u00a0\u00bb dans une autre acception, pour d\u00e9signer \u00ab\u00a0un ensemble d\u2019individus particuliers\u00a0\u00bb, et trouvant \u00ab\u00a0cocasse\u00a0\u00bb l\u2019usage dans ce contexte de l\u2019expression \u00ab\u00a0trame noire\u00a0\u00bb.\u00a0<\/p>\n<p class=\" wall-content\"><strong>\u2022 Retrouvez la d\u00e9lib\u00e9ration en question \u00e0 2h19 :<\/strong><\/p>\n<p>    <a href=\"https:\/\/www.facebook.com\/plugins\/video.php?height=314&amp;href=https%3A%2F%2Fwww.facebook.com%2Fvillerouen76%2Fvideos%2F281722824327137%2F&amp;show_text=false&amp;width=350&amp;t=0\" title=\"Ouvrie le lien\" rel=\"nofollow noopener\" target=\"_blank\">Cliquez ici pour visualiser le contenu<\/a><\/p>\n<p class=\" wall-content\">\u00c0 l\u2019issue de cette intervention, percevant des sous-entendus racistes dans les propos tenus, le maire Nicolas Mayer-Rossignol<strong> d\u00e9cide de suspendre temporairement la s\u00e9ance<\/strong>, puis demande des explications sur les mots prononc\u00e9s, des mots r\u00e9it\u00e9r\u00e9s par l\u2019\u00e9lu d\u2019opposition.\u00a0<\/p>\n<p class=\" wall-content\">Apr\u00e8s la s\u00e9ance c\u2019est l\u2019\u00e9lue Laura Slimani qui <strong>r\u00e9agit sur son compte Instagram<\/strong>, qualifiant clairement de \u00ab\u00a0racistes\u00a0\u00bb les propos de Franque-Emmanuel Coupart la Droitte. Qualification qu\u2019elle r\u00e9affirme dans les jours suivant interrog\u00e9e sur le plateau de BFM TV.\u00a0<\/p>\n<p class=\" wall-content\">En retour, l\u2019\u00e9lu du groupe <strong>Au c\u0153ur de Rouen<\/strong> d\u00e9cide de d\u00e9poser plainte contre Laura Slimani pour diffamation. Poursuite qui a conduit au proc\u00e8s tenu mercredi.\u00a0<\/p>\n<p class=\" wall-content\">\u00c0 l\u2019audience, Franque-Emmanuel Coupard La Droitte s\u2019est dit<strong> \u00ab\u00a0victime du racisme intellectuel et social\u00a0\u00bb<\/strong> de Laura Slimani, et se pr\u00e9sente comme un homme \u00ab\u00a0bless\u00e9, humili\u00e9, \u00e0 la r\u00e9putation bafou\u00e9e\u00a0\u00bb, originaire lui-m\u00eame <strong>\u00ab\u00a0d\u2019une famille multiraciale\u00a0\u00bb<\/strong>. Et sur les propos tenus en conseil municipal, qu\u2019il maintient toujours au proc\u00e8s, selon lui il y a m\u00e9prise : lorsqu\u2019il parlait de faune dans son esprit c\u2019\u00e9tait pour d\u00e9signer<strong> \u00ab\u00a0les voyous, les malfrats et la p\u00e8gre qui font la loi dans le quartier\u00a0\u00bb.\u00a0<\/strong><\/p>\n<p class=\" wall-content\">\u00ab\u00a0Pourquoi ne pas avoir alors utilis\u00e9 ces mots plut\u00f4t que faune ?\u00a0\u00bb, demande la pr\u00e9sidente du tribunal \u00e0 l\u2019\u00e9lu. \u00ab\u00a0Notre langue est riche, faune a un sens pour qualifier cela, cette faune que nous combattons tous\u00a0\u00bb, r\u00e9pond Franque-Emmanuel Coupard La Droitte.\u00a0<\/p>\n<p class=\" wall-content\">Interrog\u00e9e \u00e0 son tour, Laura Slimani a rappel\u00e9 que parmi ses d\u00e9l\u00e9gations d\u2019adjointe, il y avait \u00ab\u00a0la lutte contre les discriminations\u00a0\u00bb, et qu\u2019\u00e0 ce titre, au-del\u00e0 de ses propres convictions personnelles,<strong> il \u00e9tait normal qu\u2019elle \u00ab\u00a0s\u2019exprime sur ces sujets\u00a0\u00bb.\u00a0<\/strong><\/p>\n<p>      <img   decoding=\"async\" loading=\"lazy\" src=\"https:\/\/www.europesays.com\/fr\/wp-content\/uploads\/2025\/04\/tribunal-rouen-coupard-droitte-960x640.jpg\" alt=\"L'affaire qui a d\u00e9marr\u00e9 au conseil municipal de Rouen s'est achev\u00e9e au tribunal. \" width=\"960\" height=\"640\"\/><br \/>\n    L\u2019affaire qui a d\u00e9marr\u00e9 au conseil municipal de Rouen s\u2019est achev\u00e9e au tribunal. (\u00a9FM\/76actu)<\/p>\n<p class=\" wall-content\">\u00ab\u00a0Contrairement \u00e0 ce que M. Coupard a \u00e9t\u00e9 tent\u00e9 de faire croire,<strong> je n\u2019ai pas d\u2019animosit\u00e9 personnelle contre lui<\/strong>, mais une opposition politique ferme. Concernant les propos tenus, je n\u2019ai pas eu de doute sur leur caract\u00e8re raciste, comme l\u2019ensemble de mes coll\u00e8gues au conseil. C\u2019\u00e9tait tellement clair qu\u2019il m\u2019a sembl\u00e9 logique de mettre ces propos sur place publique, m\u00eame si c\u2019\u00e9tait d\u00e9j\u00e0 en ligne [sur le site et le Facebook de la Ville de Rouen, NDLR].\u00a0\u00bb<\/p>\n<p class=\" wall-content\">D\u00e9fendant son client, l\u2019avocate de Franque-Emmanuel Coupard La Droitte, Me Jade Lauren\u00e7on-Marcopoulos a estim\u00e9 qu\u2019il y avait une <strong>\u00ab\u00a0tentative de retournement des d\u00e9bats\u00a0\u00bb<\/strong> : \u00ab\u00a0C\u2019est Laura Slimani qui est accus\u00e9e, pas mon client, pour diffamation : des accusations de racisme <strong>\u00e0 partir d\u2019extraits tronqu\u00e9s du conseil municipal.<\/strong> Si y a eu plainte contre mon client elle est sans suite et il n\u2019y a pas eu de sanction administrative \u00e0 son encontre. M. Coupard a utilis\u00e9 le terme de faune pour qualifier des voyous.\u00a0\u00bb<\/p>\n<blockquote class=\"ac-article-quote wall-content\">\n<p>Et \u00ab\u00a0cocasse\u00a0\u00bb pour \u00ab\u00a0trame noire\u00a0\u00bb \u2014 qui n&rsquo;est pas son expression \u00e0 l&rsquo;origine \u2014, cela n\u2019a rien \u00e0 voir avec la race noire mais avec l\u2019obscurit\u00e9. Il y a un amalgame faux qui a \u00e9t\u00e9 fait et qui porte honneur \u00e0 M. Coupard.\u00a0\u00bb<\/p>\n<p>    <strong>Me Jade Lauren\u00e7on-Marcopoulos<\/strong>\n            <\/p><\/blockquote>\n<p class=\" wall-content\">En cons\u00e9quence, l\u2019avocate a demand\u00e9 \u00e0 ce que l\u2019\u00e9lu rouennaise soit condamn\u00e9e, <strong>r\u00e9clamant par ailleurs la somme de 12 000 euros.<\/strong>\u00a0<\/p>\n<p>Une \u00ab\u00a0vision indigne et \u00e9c\u0153urante\u00a0\u00bb de la soci\u00e9t\u00e9.\u00a0<\/p>\n<p class=\" wall-content\">La d\u00e9fense de Laura Slimani \u00e9tait assur\u00e9e par <strong>Me Ari\u00e9 Halimi<\/strong> : \u00ab\u00a0Je ne pensais pas qu\u2019un jour on pourrait entendre une personne prononcer des propos racistes dans une assembl\u00e9e r\u00e9publicaine, et qu\u2019on puisse poursuivre la personne qui les d\u00e9nonce, a-t-il d\u00e9clar\u00e9. <strong>C\u2019est vrai on le peut<\/strong>, c\u2019est la beaut\u00e9 du droit.\u00a0\u00bb<\/p>\n<p class=\" wall-content\">Mais pour l\u2019avocat parisien, pas de doute, les mots prononc\u00e9s en conseil municipal \u00e9taient racistes, et selon lui doivent \u00eatre combattus pour cela <strong>\u2014 \u00ab\u00a0avec les dents\u00a0\u00bb, dit-il m\u00eame \u2014<\/strong>, d\u00e9non\u00e7ant une \u00ab\u00a0vision indigne et \u00e9c\u0153urante\u00a0\u00bb de la soci\u00e9t\u00e9.\u00a0<\/p>\n<p class=\" wall-content\">Au final, le tribunal <strong>a relax\u00e9 Laura Slimani des faits de diffamation<\/strong>, estimant que les propos \u00e0 l\u2019origine de la pol\u00e9mique avaient bien un caract\u00e8re raciste, avec l\u2019utilisation \u00ab\u00a0p\u00e9jorative\u00a0\u00bb du mot faune et de celle en parall\u00e8le de l\u2019expression \u00ab\u00a0trame noire\u00a0\u00bb. Une d\u00e9cision dont l\u2019\u00e9lu de droite peut encore faire appel.<\/p>\n<p>Suivez l\u2019actualit\u00e9 de Rouen sur notre <a href=\"https:\/\/www.whatsapp.com\/channel\/0029VaKfnf99hXF2ddApFB1D\" rel=\"nofollow noopener\" target=\"_blank\">cha\u00eene WhatsApp<\/a> et sur notre <a href=\"https:\/\/www.tiktok.com\/@76actu.fr?lang=fr\" rel=\"nofollow noopener\" target=\"_blank\">compte TikTok<\/a><\/p>\n<p class=\" wall-content\">Suivez toute l\u2019actualit\u00e9 de vos villes et m\u00e9dias favoris en vous inscrivant \u00e0 <a href=\"https:\/\/moncompte.actu.fr\" title=\"D\u00e9couvez Mon Actu\" rel=\"nofollow noopener\" data-trk=\"{&quot;cta&quot;:{&quot;action&quot;:&quot;https:\\\/\\\/moncompte.actu.fr&quot;,&quot;category&quot;:&quot;mon compte&quot;,&quot;from&quot;:&quot;article footer&quot;,&quot;name&quot;:&quot;Mon actu&quot;,&quot;type&quot;:&quot;cta&quot;}}\" target=\"_blank\">Mon Actu<\/a>.<\/p>\n<ul class=\"ac-article-tag wall-content\">\n<li><a href=\"https:\/\/actu.fr\/tag\/justice\" data-trk=\"{&quot;cta&quot;:{&quot;action&quot;:&quot;Justice&quot;,&quot;category&quot;:&quot;tag&quot;,&quot;from&quot;:&quot;article footer&quot;,&quot;name&quot;:&quot;Justice&quot;,&quot;type&quot;:&quot;cta&quot;}}\" rel=\"nofollow noopener\" target=\"_blank\">#Justice<\/a><\/li>\n<li><a href=\"https:\/\/actu.fr\/tag\/tribunal-de-rouen\" data-trk=\"{&quot;cta&quot;:{&quot;action&quot;:&quot;Tribunal de Rouen&quot;,&quot;category&quot;:&quot;tag&quot;,&quot;from&quot;:&quot;article footer&quot;,&quot;name&quot;:&quot;Tribunal de Rouen&quot;,&quot;type&quot;:&quot;cta&quot;}}\" rel=\"nofollow noopener\" target=\"_blank\">#Tribunal de Rouen<\/a><\/li>\n<\/ul>\n<p>                    <script async src=\"\/\/www.tiktok.com\/embed.js\"><\/script><\/p>\n","protected":false},"excerpt":{"rendered":"Par Fabien Massin Publi\u00e9 le 23 avr. 2025 \u00e0 21h23 L\u2019affaire avait fait pol\u00e9mique, au cours d\u2019une s\u00e9ance&hellip;\n","protected":false},"author":2,"featured_media":47380,"comment_status":"","ping_status":"","sticky":false,"template":"","format":"standard","meta":{"footnotes":""},"categories":[9587],"tags":[1111,11,1777,674,118,1011,27,303,12,5161,25,9590,13682],"class_list":{"0":"post-47379","1":"post","2":"type-post","3":"status-publish","4":"format-standard","5":"has-post-thumbnail","7":"category-rouen","8":"tag-actu","9":"tag-actualites","10":"tag-eu","11":"tag-europe","12":"tag-faits-divers","13":"tag-fr","14":"tag-france","15":"tag-justice","16":"tag-news","17":"tag-normandie","18":"tag-republique-francaise","19":"tag-rouen","20":"tag-tribunal-de-rouen"},"share_on_mastodon":{"url":"https:\/\/pubeurope.com\/@fr\/114389007925025930","error":""},"_links":{"self":[{"href":"https:\/\/www.europesays.com\/fr\/wp-json\/wp\/v2\/posts\/47379","targetHints":{"allow":["GET"]}}],"collection":[{"href":"https:\/\/www.europesays.com\/fr\/wp-json\/wp\/v2\/posts"}],"about":[{"href":"https:\/\/www.europesays.com\/fr\/wp-json\/wp\/v2\/types\/post"}],"author":[{"embeddable":true,"href":"https:\/\/www.europesays.com\/fr\/wp-json\/wp\/v2\/users\/2"}],"replies":[{"embeddable":true,"href":"https:\/\/www.europesays.com\/fr\/wp-json\/wp\/v2\/comments?post=47379"}],"version-history":[{"count":0,"href":"https:\/\/www.europesays.com\/fr\/wp-json\/wp\/v2\/posts\/47379\/revisions"}],"wp:featuredmedia":[{"embeddable":true,"href":"https:\/\/www.europesays.com\/fr\/wp-json\/wp\/v2\/media\/47380"}],"wp:attachment":[{"href":"https:\/\/www.europesays.com\/fr\/wp-json\/wp\/v2\/media?parent=47379"}],"wp:term":[{"taxonomy":"category","embeddable":true,"href":"https:\/\/www.europesays.com\/fr\/wp-json\/wp\/v2\/categories?post=47379"},{"taxonomy":"post_tag","embeddable":true,"href":"https:\/\/www.europesays.com\/fr\/wp-json\/wp\/v2\/tags?post=47379"}],"curies":[{"name":"wp","href":"https:\/\/api.w.org\/{rel}","templated":true}]}}