{"id":473790,"date":"2025-10-19T01:50:16","date_gmt":"2025-10-19T01:50:16","guid":{"rendered":"https:\/\/www.europesays.com\/fr\/473790\/"},"modified":"2025-10-19T01:50:16","modified_gmt":"2025-10-19T01:50:16","slug":"une-batterie-en-lithium-prend-feu-dans-un-bagage-un-avion-deroute-en-coree-du-sud","status":"publish","type":"post","link":"https:\/\/www.europesays.com\/fr\/473790\/","title":{"rendered":"Une batterie en lithium prend feu dans un bagage, un avion d\u00e9rout\u00e9 en Cor\u00e9e du Sud"},"content":{"rendered":"<p>Plus de peur que de mal heureusement mais les passagers ont eu une sacr\u00e9e frayeur en voyant des flammes s\u2019\u00e9chapper d\u2019un coffre \u00e0 bagage pendant leur vol. L\u2019incident s\u2019est produit \u00e0 bord d\u2019un vol Air China reliant la ville de Hangzhou, dans l\u2019est de la <a href=\"https:\/\/www.20minutes.fr\/magazine\/grande-muraille-mag\/\" class=\"c-link c-link--is-underlined\" target=\"_blank\" rel=\"noopener\">Chine<\/a>, \u00e0 l\u2019a\u00e9roport international d\u2019Incheon, pr\u00e8s de S\u00e9oul, en Cor\u00e9e du Sud.<\/p>\n<p>\u00ab\u00a0Une <a href=\"https:\/\/www.20minutes.fr\/high-tech\/4173687-20250922-velo-electrique-exit-batteries-lithium-bienvenue-supercondensateurs-hybrides\" target=\"_blank\" class=\"c-link c-link--is-underlined\" rel=\"noopener\">batterie au lithium<\/a> s\u2019est enflamm\u00e9e spontan\u00e9ment dans le bagage \u00e0 main d\u2019un passager rang\u00e9 dans le compartiment sup\u00e9rieur du vol CA139\u00a0\u00bb, a d\u00e9clar\u00e9 la compagnie a\u00e9rienne dans un communiqu\u00e9 publi\u00e9 sur le r\u00e9seau social chinois Weibo.<\/p>\n<blockquote class=\"twitter-tweet\" align=\"center\" data-lang=\"fr_FR\">\n<p lang=\"en\" dir=\"ltr\">\ud83d\udd25\u2708\ufe0f A fire broke out onboard Air China flight CA139 from Hangzhou to Seoul, reportedly caused by a lithium battery in a passenger\u2019s bag.<\/p>\n<p>The crew contained the fire, and the flight safely diverted to Shanghai Pudong Airport. \ud83d\ude4f\ud83d\udeec<a href=\"https:\/\/twitter.com\/AirNavRadar?ref_src=twsrc%5Etfw\" target=\"_blank\" rel=\"noopener\">@AirNavRadar<\/a> <a href=\"https:\/\/t.co\/NiFkpGSSCU\">pic.twitter.com\/NiFkpGSSCU<\/a><\/p>\n<p>\u2014 Runway Report | Aviation News (@Runway_Report12) <a href=\"https:\/\/twitter.com\/Runway_Report12\/status\/1979588793071280219?ref_src=twsrc%5Etfw\" target=\"_blank\" rel=\"noopener\">October 18, 2025<\/a><\/p><\/blockquote>\n<p class=\"mb-xxl@xs color-ultramarine font-weight-semi-bold@xs font-source-serif-pro heading-s@xs\">L\u2019acc\u00e8s \u00e0 ce contenu a \u00e9t\u00e9 bloqu\u00e9 afin de respecter votre choix de consentement<\/p>\n<p class=\"mb-m@xs text-l@xs\">En cliquant sur\u00ab J\u2019accepte \u00bb, vous acceptez le d\u00e9p\u00f4t de cookies par des services externes et aurez ainsi acc\u00e8s aux contenus de nos partenaires.<\/p>\n<p class=\"mb-xl@xs text-s@xs\">Plus d\u2019informations sur la page<a href=\"https:\/\/www.20minutes.fr\/gestion-cookies\" class=\"mx-xxs@xs color-ultramarine\" target=\"_blank\" rel=\"noopener\">Politique de gestion des cookies<\/a><\/p>\n<p>J\u2019accepte<\/p>\n<p>\u00ab\u00a0L\u2019\u00e9quipage a imm\u00e9diatement g\u00e9r\u00e9 la situation conform\u00e9ment aux proc\u00e9dures, et personne n\u2019a \u00e9t\u00e9 bless\u00e9\u00a0\u00bb, indique le communiqu\u00e9, qui pr\u00e9cise que l\u2019avion a \u00e9t\u00e9 d\u00e9rout\u00e9 vers l\u2019a\u00e9roport international de Shanghai Pudong \u00ab\u00a0afin d\u2019assurer la s\u00e9curit\u00e9 du vol \u00bb.<\/p>\n<p>Une image prise par un passager et publi\u00e9e par le m\u00e9dia national Jimu News, affili\u00e9 \u00e0 l\u2019\u00c9tat, montre des flammes dans un compartiment de rangement sup\u00e9rieur. On aper\u00e7oit \u00e9galement de la fum\u00e9e noire et au moins un passager essayant d\u2019\u00e9teindre l\u2019incendie.<\/p>\n<p>Selon les donn\u00e9es du site Flightradar24, qui suit le trafic a\u00e9rien dans le monde, le vol a d\u00e9coll\u00e9 de Hangzhou \u00e0 09H47, heure locale (01H47 GMT). Il a effectu\u00e9 un demi-tour au-dessus de la mer, \u00e0 peu pr\u00e8s \u00e0 \u00e9gale distance de la c\u00f4te est de la Chine et de l\u2019\u00eele japonaise de Kyushu, avant d\u2019atterrir \u00e0 <a href=\"https:\/\/www.20minutes.fr\/dossier\/shanghai\" class=\"c-link c-link--is-underlined\" target=\"_blank\" rel=\"noopener\">Shangha\u00ef<\/a> peu apr\u00e8s 11H00, heure locale.<\/p>\n<p><script async src=\"https:\/\/platform.twitter.com\/widgets.js\" charset=\"utf-8\"><\/script><\/p>\n","protected":false},"excerpt":{"rendered":"Plus de peur que de mal heureusement mais les passagers ont eu une sacr\u00e9e frayeur en voyant des&hellip;\n","protected":false},"author":2,"featured_media":473791,"comment_status":"","ping_status":"","sticky":false,"template":"","format":"standard","meta":{"footnotes":""},"categories":[5],"tags":[47,11,59728,891,309,5640,1011,27,1310,14,74,12,32185,28],"class_list":{"0":"post-473790","1":"post","2":"type-post","3":"status-publish","4":"format-standard","5":"has-post-thumbnail","7":"category-international","8":"tag-actualite","9":"tag-actualites","10":"tag-air-china","11":"tag-batterie","12":"tag-chine","13":"tag-coree-du-sud","14":"tag-fr","15":"tag-france","16":"tag-incendie","17":"tag-international","18":"tag-monde","19":"tag-news","20":"tag-shanghai","21":"tag-world"},"share_on_mastodon":{"url":"https:\/\/pubeurope.com\/@fr\/115398326610295990","error":""},"_links":{"self":[{"href":"https:\/\/www.europesays.com\/fr\/wp-json\/wp\/v2\/posts\/473790","targetHints":{"allow":["GET"]}}],"collection":[{"href":"https:\/\/www.europesays.com\/fr\/wp-json\/wp\/v2\/posts"}],"about":[{"href":"https:\/\/www.europesays.com\/fr\/wp-json\/wp\/v2\/types\/post"}],"author":[{"embeddable":true,"href":"https:\/\/www.europesays.com\/fr\/wp-json\/wp\/v2\/users\/2"}],"replies":[{"embeddable":true,"href":"https:\/\/www.europesays.com\/fr\/wp-json\/wp\/v2\/comments?post=473790"}],"version-history":[{"count":0,"href":"https:\/\/www.europesays.com\/fr\/wp-json\/wp\/v2\/posts\/473790\/revisions"}],"wp:featuredmedia":[{"embeddable":true,"href":"https:\/\/www.europesays.com\/fr\/wp-json\/wp\/v2\/media\/473791"}],"wp:attachment":[{"href":"https:\/\/www.europesays.com\/fr\/wp-json\/wp\/v2\/media?parent=473790"}],"wp:term":[{"taxonomy":"category","embeddable":true,"href":"https:\/\/www.europesays.com\/fr\/wp-json\/wp\/v2\/categories?post=473790"},{"taxonomy":"post_tag","embeddable":true,"href":"https:\/\/www.europesays.com\/fr\/wp-json\/wp\/v2\/tags?post=473790"}],"curies":[{"name":"wp","href":"https:\/\/api.w.org\/{rel}","templated":true}]}}