{"id":473796,"date":"2025-10-19T01:54:30","date_gmt":"2025-10-19T01:54:30","guid":{"rendered":"https:\/\/www.europesays.com\/fr\/473796\/"},"modified":"2025-10-19T01:54:30","modified_gmt":"2025-10-19T01:54:30","slug":"saint-etienne-rechute-a-geoffroy-guichard-ligue-2-j10-saint-etienne-le-mans-2-3","status":"publish","type":"post","link":"https:\/\/www.europesays.com\/fr\/473796\/","title":{"rendered":"Saint-\u00c9tienne rechute \u00e0 Geoffroy Guichard &#8211; Ligue 2 &#8211; J10 &#8211; Saint-\u00c9tienne-Le Mans (2-3)"},"content":{"rendered":"<p>\t\t\t<img decoding=\"async\" loading=\"lazy\" class=\"blason blason-grand\" src=\"https:\/\/www.europesays.com\/fr\/wp-content\/uploads\/2025\/05\/1746321787_489_grande.jpg\"\/> Saint-\u00c9tienne 2-3 Le Mans <img decoding=\"async\" loading=\"lazy\" class=\"blason blason-grand\" src=\"https:\/\/www.europesays.com\/fr\/wp-content\/uploads\/2025\/08\/1755551599_994_grande.jpg\"\/><\/p>\n<p>Buts : Tardieu (28e, 80e S.P.) \/\/ Rabillard (21e), Gueye (55e S.P.), Harhouz (68e)<\/p>\n<p>Coup d\u2019arr\u00eat.<\/p>\n<p>Battue lors de sa derni\u00e8re \u00e0 Geoffroy Guichard, le 27 septembre, contre Guingamp (2-3), l\u2019ASSE s\u2019est inclin\u00e9e sur le m\u00eame score ce samedi face au Mans (2-3). Dans la r\u00e9action plus que dans l\u2019action, les Verts ont vu Antoine Rabillard ouvrir le score <strong>(0-1, 21e)<\/strong>. Florian Tardieu leur a permis de revenir aux vestiaires \u00e0 \u00e9galit\u00e9 <strong>(1-1, 28e)<\/strong>, mais les Manceaux sont repartis de plus belle avec un penalty de Dame Gueye <strong>(1-2, 55e)<\/strong> et un troisi\u00e8me but sign\u00e9 William Harhouz <strong>(1-3, 68e)<\/strong>.<\/p>\n<p>Tardieu a redonn\u00e9 espoir au Chaudron sur penalty <strong>(2-3, 80e)<\/strong>. Trop tard pour inverser la vapeur : Saint-\u00c9tienne s\u2019incline pour la deuxi\u00e8me fois de la saison et recule \u00e0 la troisi\u00e8me place, \u00e0 trois points du leader, Troyes. Huiti\u00e8me, Le Mans revient pour sa part \u00e0 deux points du top 5.<\/p>\n<p>TOUT EST POSSIBLE !<\/p>\n<p>\t\t\t\t\t\t\t\t\t\t<a class=\"lien-connexe\" href=\"https:\/\/www.sofoot.com\/breves\/en-ligue-2-saint-etienne-conserve-sa-place-de-leader-messi-buteur-avec-pau-bastia-toujours-pas-vainqueur\" rel=\"nofollow noopener\" target=\"_blank\">Les Verts encore leaders, Messi buteur, Bastia toujours pas vainqueur <\/a>\t\t\t\t\t<\/p>\n","protected":false},"excerpt":{"rendered":"Saint-\u00c9tienne 2-3 Le Mans Buts : Tardieu (28e, 80e S.P.) \/\/ Rabillard (21e), Gueye (55e S.P.), Harhouz (68e)&hellip;\n","protected":false},"author":2,"featured_media":473797,"comment_status":"","ping_status":"","sticky":false,"template":"","format":"standard","meta":{"footnotes":""},"categories":[9653],"tags":[1111,47,11,61,2430,69,65,64,1777,674,63,1011,27,68,66,12,62,70,25,4001,67],"class_list":{"0":"post-473796","1":"post","2":"type-post","3":"status-publish","4":"format-standard","5":"has-post-thumbnail","7":"category-saint-etienne","8":"tag-actu","9":"tag-actualite","10":"tag-actualites","11":"tag-actus-football","12":"tag-auvergne-rhone-alpes","13":"tag-bundesliga","14":"tag-championnats-europeens","15":"tag-equipe-de-france","16":"tag-eu","17":"tag-europe","18":"tag-football","19":"tag-fr","20":"tag-france","21":"tag-ligua","22":"tag-ligue-1","23":"tag-news","24":"tag-news-foot","25":"tag-premier-league","26":"tag-republique-francaise","27":"tag-saint-etienne","28":"tag-serie-a"},"share_on_mastodon":{"url":"https:\/\/pubeurope.com\/@fr\/115398342813540588","error":""},"_links":{"self":[{"href":"https:\/\/www.europesays.com\/fr\/wp-json\/wp\/v2\/posts\/473796","targetHints":{"allow":["GET"]}}],"collection":[{"href":"https:\/\/www.europesays.com\/fr\/wp-json\/wp\/v2\/posts"}],"about":[{"href":"https:\/\/www.europesays.com\/fr\/wp-json\/wp\/v2\/types\/post"}],"author":[{"embeddable":true,"href":"https:\/\/www.europesays.com\/fr\/wp-json\/wp\/v2\/users\/2"}],"replies":[{"embeddable":true,"href":"https:\/\/www.europesays.com\/fr\/wp-json\/wp\/v2\/comments?post=473796"}],"version-history":[{"count":0,"href":"https:\/\/www.europesays.com\/fr\/wp-json\/wp\/v2\/posts\/473796\/revisions"}],"wp:featuredmedia":[{"embeddable":true,"href":"https:\/\/www.europesays.com\/fr\/wp-json\/wp\/v2\/media\/473797"}],"wp:attachment":[{"href":"https:\/\/www.europesays.com\/fr\/wp-json\/wp\/v2\/media?parent=473796"}],"wp:term":[{"taxonomy":"category","embeddable":true,"href":"https:\/\/www.europesays.com\/fr\/wp-json\/wp\/v2\/categories?post=473796"},{"taxonomy":"post_tag","embeddable":true,"href":"https:\/\/www.europesays.com\/fr\/wp-json\/wp\/v2\/tags?post=473796"}],"curies":[{"name":"wp","href":"https:\/\/api.w.org\/{rel}","templated":true}]}}