{"id":473798,"date":"2025-10-19T01:55:46","date_gmt":"2025-10-19T01:55:46","guid":{"rendered":"https:\/\/www.europesays.com\/fr\/473798\/"},"modified":"2025-10-19T01:55:46","modified_gmt":"2025-10-19T01:55:46","slug":"14-mois-de-prison-pour-le-toxicomane-au-357-magnum","status":"publish","type":"post","link":"https:\/\/www.europesays.com\/fr\/473798\/","title":{"rendered":"14 mois de prison pour le toxicomane au 357 Magnum"},"content":{"rendered":"<p>Lunettes, tee-shirt gris, pantalon noir. Dans le box des pr\u00e9venus, Anthony Bernard garde les mains crois\u00e9es. Des mains qui, mercredi 8\u00a0octobre, vers 23\u00a0h\u00a030, tenaient un revolver 357 Magnum. Une arme puissante \u00e0 six coups, class\u00e9e en cat\u00e9gorie B, avec laquelle il lui est reproch\u00e9 d\u2019avoir menac\u00e9 son ex et un ami de celle-ci dans leur appartement de la rue d\u2019Amance, \u00e0 Seichamps. Une arme qu\u2019il aurait acquise aupr\u00e8s de ses fournisseurs de&#8230;<\/p>\n","protected":false},"excerpt":{"rendered":"Lunettes, tee-shirt gris, pantalon noir. Dans le box des pr\u00e9venus, Anthony Bernard garde les mains crois\u00e9es. Des mains&hellip;\n","protected":false},"author":2,"featured_media":473799,"comment_status":"","ping_status":"","sticky":false,"template":"","format":"standard","meta":{"footnotes":""},"categories":[9635],"tags":[1111,11,271,272,1707,1704,1706,1705,1777,674,274,1011,27,775,11362,3457,1702,12,25,13654],"class_list":{"0":"post-473798","1":"post","2":"type-post","3":"status-publish","4":"format-standard","5":"has-post-thumbnail","7":"category-nancy","8":"tag-actu","9":"tag-actualites","10":"tag-crime","11":"tag-delit-et-contravention","12":"tag-edition-luneville","13":"tag-edition-nancy-et-agglomeration","14":"tag-edition-pont-a-mousson","15":"tag-edition-toul","16":"tag-eu","17":"tag-europe","18":"tag-faits-divers-justice","19":"tag-fr","20":"tag-france","21":"tag-grand-est","22":"tag-metropole-du-grand-nancy-54b3","23":"tag-meurthe-et-moselle","24":"tag-nancy","25":"tag-news","26":"tag-republique-francaise","27":"tag-seichamps"},"share_on_mastodon":{"url":"https:\/\/pubeurope.com\/@fr\/115398346312663135","error":""},"_links":{"self":[{"href":"https:\/\/www.europesays.com\/fr\/wp-json\/wp\/v2\/posts\/473798","targetHints":{"allow":["GET"]}}],"collection":[{"href":"https:\/\/www.europesays.com\/fr\/wp-json\/wp\/v2\/posts"}],"about":[{"href":"https:\/\/www.europesays.com\/fr\/wp-json\/wp\/v2\/types\/post"}],"author":[{"embeddable":true,"href":"https:\/\/www.europesays.com\/fr\/wp-json\/wp\/v2\/users\/2"}],"replies":[{"embeddable":true,"href":"https:\/\/www.europesays.com\/fr\/wp-json\/wp\/v2\/comments?post=473798"}],"version-history":[{"count":0,"href":"https:\/\/www.europesays.com\/fr\/wp-json\/wp\/v2\/posts\/473798\/revisions"}],"wp:featuredmedia":[{"embeddable":true,"href":"https:\/\/www.europesays.com\/fr\/wp-json\/wp\/v2\/media\/473799"}],"wp:attachment":[{"href":"https:\/\/www.europesays.com\/fr\/wp-json\/wp\/v2\/media?parent=473798"}],"wp:term":[{"taxonomy":"category","embeddable":true,"href":"https:\/\/www.europesays.com\/fr\/wp-json\/wp\/v2\/categories?post=473798"},{"taxonomy":"post_tag","embeddable":true,"href":"https:\/\/www.europesays.com\/fr\/wp-json\/wp\/v2\/tags?post=473798"}],"curies":[{"name":"wp","href":"https:\/\/api.w.org\/{rel}","templated":true}]}}