{"id":473800,"date":"2025-10-19T01:56:26","date_gmt":"2025-10-19T01:56:26","guid":{"rendered":"https:\/\/www.europesays.com\/fr\/473800\/"},"modified":"2025-10-19T01:56:26","modified_gmt":"2025-10-19T01:56:26","slug":"pronostic-nancy-amiens-sc-ligue-2","status":"publish","type":"post","link":"https:\/\/www.europesays.com\/fr\/473800\/","title":{"rendered":"Pronostic Nancy Amiens SC &#8211; Ligue 2"},"content":{"rendered":"<p class=\"text-xs leading-5 text-gray-400 mb-2\">\n                        Publi\u00e9 le 18\/10\/2025 13:45<br \/>\n                        \u00a0par<br \/>\n                                                            <a href=\"https:\/\/www.sportytrader.com\/auteur\/steeven-occhipinti-1\/\" target=\"_blank\" rel=\"noopener\">Steeven Occhipinti<\/a><\/p>\n<p>                                                                                                            dans<br \/>\n                                <a data-trans=\"tips.published.competition %competition%\" href=\"https:\/\/www.sportytrader.com\/pronostics\/football\/france\/ligue-2-124\/\" target=\"_blank\" rel=\"noopener\"><br \/>\n                                    Pronostic Ligue 2<br \/>\n                                <\/a><\/p>\n<p style=\"text-align: justify;\">La 10e journ\u00e9e de la Ligue 2 prend fin avec cette affiche entre l&rsquo;AS Nancy-Lorraine et l&rsquo;Amiens SC, ce lundi \u00e0 20h45 au Stade Marcel-Picot. Apr\u00e8s avoir encha\u00een\u00e9 les huis-clos depuis sa remont\u00e9e en deuxi\u00e8me division tricolore, le club nanc\u00e9ien va enfin retrouver ses fans \u00e0 domicile. Une excellente nouvelle alors que le promu ne s&rsquo;est impos\u00e9 qu&rsquo;une seule fois lors de ses 6 pr\u00e9c\u00e9dentes rencontres de championnat. L&rsquo;\u00e9quipe entra\u00een\u00e9e par Pablo Correa compte bien renouer avec le succ\u00e8s. L&rsquo;actuel 8e du classement peut esp\u00e9rer le faire puisque son prochain adversaire encha\u00eene les mauvais r\u00e9sultats r\u00e9cemment.<\/p>\n<p style=\"text-align: justify;\">L&rsquo;Amiens SC n&rsquo;avait pas trop mal d\u00e9but\u00e9 dans cette nouvelle \u00e9dition de la Ligue 2. Il n&rsquo;avait perdu qu&rsquo;une seule fois apr\u00e8s ses 6 premi\u00e8res journ\u00e9es. Mais depuis, le club ami\u00e9nois n&rsquo;y arrive plus du tout. Il vient de tomber lors de ses 3 derniers matchs et a recul\u00e9 dans la zone rouge, \u00e0 la 16e place du classement. Lors de leur dernier d\u00e9placement, les hommes d&rsquo;Omar Daf ont d&rsquo;ailleurs connu un tr\u00e8s lourd revers sur la pelouse de l&rsquo;USL Dunkerque (6-2). La mission s&rsquo;annonce tout aussi compliqu\u00e9e \u00e0 Nancy, tandis que les locaux voudront f\u00eater leurs retrouvailles avec leur public de la plus belle des mani\u00e8res.<\/p>\n","protected":false},"excerpt":{"rendered":"Publi\u00e9 le 18\/10\/2025 13:45 \u00a0par Steeven Occhipinti dans Pronostic Ligue 2 La 10e journ\u00e9e de la Ligue 2&hellip;\n","protected":false},"author":2,"featured_media":473801,"comment_status":"","ping_status":"","sticky":false,"template":"","format":"standard","meta":{"footnotes":""},"categories":[9635],"tags":[1111,11,40798,1777,674,1011,27,775,446,1702,12,1817,1821,25],"class_list":{"0":"post-473800","1":"post","2":"type-post","3":"status-publish","4":"format-standard","5":"has-post-thumbnail","7":"category-nancy","8":"tag-actu","9":"tag-actualites","10":"tag-amiens-sc","11":"tag-eu","12":"tag-europe","13":"tag-fr","14":"tag-france","15":"tag-grand-est","16":"tag-ligue-2","17":"tag-nancy","18":"tag-news","19":"tag-pronostic","20":"tag-pronostics","21":"tag-republique-francaise"},"share_on_mastodon":{"url":"https:\/\/pubeurope.com\/@fr\/115398350190142137","error":""},"_links":{"self":[{"href":"https:\/\/www.europesays.com\/fr\/wp-json\/wp\/v2\/posts\/473800","targetHints":{"allow":["GET"]}}],"collection":[{"href":"https:\/\/www.europesays.com\/fr\/wp-json\/wp\/v2\/posts"}],"about":[{"href":"https:\/\/www.europesays.com\/fr\/wp-json\/wp\/v2\/types\/post"}],"author":[{"embeddable":true,"href":"https:\/\/www.europesays.com\/fr\/wp-json\/wp\/v2\/users\/2"}],"replies":[{"embeddable":true,"href":"https:\/\/www.europesays.com\/fr\/wp-json\/wp\/v2\/comments?post=473800"}],"version-history":[{"count":0,"href":"https:\/\/www.europesays.com\/fr\/wp-json\/wp\/v2\/posts\/473800\/revisions"}],"wp:featuredmedia":[{"embeddable":true,"href":"https:\/\/www.europesays.com\/fr\/wp-json\/wp\/v2\/media\/473801"}],"wp:attachment":[{"href":"https:\/\/www.europesays.com\/fr\/wp-json\/wp\/v2\/media?parent=473800"}],"wp:term":[{"taxonomy":"category","embeddable":true,"href":"https:\/\/www.europesays.com\/fr\/wp-json\/wp\/v2\/categories?post=473800"},{"taxonomy":"post_tag","embeddable":true,"href":"https:\/\/www.europesays.com\/fr\/wp-json\/wp\/v2\/tags?post=473800"}],"curies":[{"name":"wp","href":"https:\/\/api.w.org\/{rel}","templated":true}]}}