{"id":473802,"date":"2025-10-19T01:58:37","date_gmt":"2025-10-19T01:58:37","guid":{"rendered":"https:\/\/www.europesays.com\/fr\/473802\/"},"modified":"2025-10-19T01:58:37","modified_gmt":"2025-10-19T01:58:37","slug":"a57-fermeture-de-la-bif-a8-a57-direction-toulon-et-sortie-carnoules-n11-fermee-dir-toulon","status":"publish","type":"post","link":"https:\/\/www.europesays.com\/fr\/473802\/","title":{"rendered":"A57 fermeture de la bif A8\/A57 direction Toulon et sortie Carnoules N\u00b011 ferm\u00e9e dir Toulon"},"content":{"rendered":"<ol class=\"breadcrumb\" itemscope=\"\" itemtype=\"https:\/\/schema.org\/BreadcrumbList\">\n<li itemprop=\"itemListElement\" itemscope=\"\" itemtype=\"https:\/\/schema.org\/ListItem\">\n                    <a itemprop=\"item\" href=\"https:\/\/radio.vinci-autoroutes.com\/\" target=\"_blank\" rel=\"noopener\"><br \/>\n                        Accueil<br \/>\n                    <\/a><\/p>\n<\/li>\n<li itemprop=\"itemListElement\" itemscope=\"\" itemtype=\"https:\/\/schema.org\/ListItem\">\n                        <a itemprop=\"item\" href=\"https:\/\/radio.vinci-autoroutes.com\/rubrique\/infotrafic\" target=\"_blank\" rel=\"noopener\"><br \/>\n                            Actu trafic<br \/>\n                        <\/a><\/p>\n<\/li>\n<li itemprop=\"itemListElement\" itemscope=\"\" itemtype=\"https:\/\/schema.org\/ListItem\">\n                        <a itemprop=\"item\" href=\"https:\/\/radio.vinci-autoroutes.com\/rubrique\/travaux\" target=\"_blank\" rel=\"noopener\"><br \/>\n                            Travaux<br \/>\n                        <\/a><\/p>\n<\/li>\n<\/ol>\n<p class=\"article-chapeau\" itemprop=\"description\">Dans le Var, la nuit du lundi 20 au mardi 21 octobre, \u00e0 partir de 21h et au plus tard jusqu&rsquo;\u00e0 05h du matin, depuis l&rsquo;A8 vous ne pouvez pas vous ins\u00e9rer sur l&rsquo;A57 direction Toulon, cette bifurcation est ferm\u00e9e pour effectuer des travaux sur la chauss\u00e9e.<\/p>\n<p class=\"article-author\">Auteur : Nadine Mistre<\/p>\n<p class=\"article-modification\">Derni\u00e8re modification : 17\/10\/2025 12:37<\/p>\n<p>                <img decoding=\"async\" src=\"https:\/\/www.europesays.com\/fr\/wp-content\/uploads\/2025\/05\/M-jour-tunnel-toulon-sortie-est-S-LAVOUE.jpg\" alt=\"A57 fermeture de la bif A8\/A57 direction Toulon et sortie Carnoules N\u00b011 ferm\u00e9e dir Toulon\"\/><\/p>\n<p>                                                    0:26\n                                            <\/p>\n<p class=\"legende\">Sortie est du tunnel de Toulon en journ\u00e9e<\/p>\n<p>                            \u00a9 VINCI Autoroutes &#8211; S LAVOUE                        <\/p>\n<p>\n        En direction de Toulon, vous devez quitter l&rsquo;A8 au Cannet des Maures N\u00b013 pour cheminer sur le r\u00e9seau secondaire pour reprendre l&rsquo;autoroute A57 en direction de Toulon \u00e0 Puget-Ville N\u00b010.     <\/p>\n<p>            Pour approfondir le sujet<\/p>\n<p>        Partager cet article<\/p>\n","protected":false},"excerpt":{"rendered":"Accueil Actu trafic Travaux Dans le Var, la nuit du lundi 20 au mardi 21 octobre, \u00e0 partir&hellip;\n","protected":false},"author":2,"featured_media":70525,"comment_status":"","ping_status":"","sticky":false,"template":"","format":"standard","meta":{"footnotes":""},"categories":[9619],"tags":[1111,11,59729,13635,1777,674,4069,13407,1011,27,9865,9778,12,293,7518,882,25,3686,2310],"class_list":{"0":"post-473802","1":"post","2":"type-post","3":"status-publish","4":"format-standard","5":"has-post-thumbnail","7":"category-toulon","8":"tag-actu","9":"tag-actualites","10":"tag-carnoules","11":"tag-direction","12":"tag-eu","13":"tag-europe","14":"tag-fermee","15":"tag-fermeture","16":"tag-fr","17":"tag-france","18":"tag-lundi","19":"tag-mardi","20":"tag-news","21":"tag-nuit","22":"tag-octobre","23":"tag-provence-alpes-cote-dazur","24":"tag-republique-francaise","25":"tag-sortie","26":"tag-toulon"},"share_on_mastodon":{"url":"https:\/\/pubeurope.com\/@fr\/115398358141187236","error":""},"_links":{"self":[{"href":"https:\/\/www.europesays.com\/fr\/wp-json\/wp\/v2\/posts\/473802","targetHints":{"allow":["GET"]}}],"collection":[{"href":"https:\/\/www.europesays.com\/fr\/wp-json\/wp\/v2\/posts"}],"about":[{"href":"https:\/\/www.europesays.com\/fr\/wp-json\/wp\/v2\/types\/post"}],"author":[{"embeddable":true,"href":"https:\/\/www.europesays.com\/fr\/wp-json\/wp\/v2\/users\/2"}],"replies":[{"embeddable":true,"href":"https:\/\/www.europesays.com\/fr\/wp-json\/wp\/v2\/comments?post=473802"}],"version-history":[{"count":0,"href":"https:\/\/www.europesays.com\/fr\/wp-json\/wp\/v2\/posts\/473802\/revisions"}],"wp:featuredmedia":[{"embeddable":true,"href":"https:\/\/www.europesays.com\/fr\/wp-json\/wp\/v2\/media\/70525"}],"wp:attachment":[{"href":"https:\/\/www.europesays.com\/fr\/wp-json\/wp\/v2\/media?parent=473802"}],"wp:term":[{"taxonomy":"category","embeddable":true,"href":"https:\/\/www.europesays.com\/fr\/wp-json\/wp\/v2\/categories?post=473802"},{"taxonomy":"post_tag","embeddable":true,"href":"https:\/\/www.europesays.com\/fr\/wp-json\/wp\/v2\/tags?post=473802"}],"curies":[{"name":"wp","href":"https:\/\/api.w.org\/{rel}","templated":true}]}}