{"id":473808,"date":"2025-10-19T02:06:08","date_gmt":"2025-10-19T02:06:08","guid":{"rendered":"https:\/\/www.europesays.com\/fr\/473808\/"},"modified":"2025-10-19T02:06:08","modified_gmt":"2025-10-19T02:06:08","slug":"10-jours-demotions-sur-grand-ecran","status":"publish","type":"post","link":"https:\/\/www.europesays.com\/fr\/473808\/","title":{"rendered":"10 jours d\u2019\u00e9motions sur grand \u00e9cran"},"content":{"rendered":"<p>La treizi\u00e8me \u00e9dition du festival jeune public Voir ensemble se d\u00e9roule jusqu\u2019au dimanche 26\u00a0octobre au cin\u00e9ma Le M\u00e9li\u00e8s. Vingt-sept films dont quinze in\u00e9dits sont \u00e0 d\u00e9couvrir et partager sur grand \u00e9cran. Comme \u00e0 chaque \u00e9dition, cin\u00e9astes et artistes seront pr\u00e9sents et les spectateurs seront invit\u00e9s \u00e0 participer \u00e0 de nombreux ateliers. Marraine du festival, la r\u00e9alisatrice Sophie Roze en a dessin\u00e9 l\u2019affiche. Et trois jurys (enfants, jeunes, socioculturel) auront \u00e0 c\u0153ur de distinguer leur palmar\u00e8s parmi plus de 25 films.<\/p>\n<p>  Des \u0153uvres in\u00e9dites<\/p>\n<p>C\u2019est visiblement toujours avec la m\u00eame envie de f\u00eater le cin\u00e9ma art et essai et de c\u00e9l\u00e9brer l\u2019\u00e9ducation populaire \u00e0 l\u2019image\u00a0que cette nouvelle \u00e9dition du festival a \u00e9t\u00e9 une nouvelle fois \u00e9labor\u00e9e par Marco Gentil, directeur adjoint du cin\u00e9ma. Une volont\u00e9 de pr\u00e9senter des \u0153uvres, souvent in\u00e9dites, de provenances, de genres et de techniques diff\u00e9rentes.<\/p>\n<p>Parmi les rendez-vous \u00e0 ne pas manquer, Antoine Lanciaux pr\u00e9sentera ce dimanche 19\u00a0octobre Secret des m\u00e9sanges , merveille visuelle cisel\u00e9e en papier d\u00e9coup\u00e9. \u00ab\u00a0La technique du papier d\u00e9coup\u00e9 nous rem\u00e9more des souvenirs d\u2019enfance, m\u00eal\u00e9s \u00e0 des sensations de toucher, de parfums, de douceur. Une alliance id\u00e9ale pour la transmission et en coh\u00e9rence parfaite avec ce que je raconte dans le film. Le papier et l\u2019histoire r\u00e9sonnent entre eux, suscitant ainsi de l\u2019\u00e9motion\u00a0\u00bb, explique ce dernier pour cette histoire autour d\u2019un secret familial.<\/p>\n<p>Puis, Vincent Munier, accompagn\u00e9 de son fils, d\u00e9voilera, pour deux s\u00e9ances exceptionnelles le jeudi 23\u00a0octobre, Le Chant des for\u00eats. Apr\u00e8s La Panth\u00e8re des neiges avec Sylvain Tesson, Vincent Munier invite cette fois au c\u0153ur des for\u00eats des Vosges. C\u2019est l\u00e0 qu\u2019il a tout appris gr\u00e2ce \u00e0 son p\u00e8re Michel, naturaliste, ayant pass\u00e9 sa vie \u00e0 l\u2019aff\u00fbt dans les bois. Il est l\u2019heure pour eux de transmettre ce savoir \u00e0 Simon, le fils de Vincent. Trois regards, trois g\u00e9n\u00e9rations, une m\u00eame fascination pour la vie sauvage.<\/p>\n<p>  Une conf\u00e9rence sur un pionnier du dessin anim\u00e9 contemporaine<\/p>\n<p>Quant \u00e0 la journ\u00e9e du samedi 25\u00a0octobre, elle sera marqu\u00e9e par un hommage au r\u00e9alisateur Isao Takahata. Consid\u00e9r\u00e9 par ses pairs comme l\u2019un des plus grands r\u00e9alisateurs d\u2019animation, il exerce une influence capitale sur l\u2019\u00e9volution de son art et sa notori\u00e9t\u00e9 en Occident est devenue tr\u00e8s importante \u00e0 la sortie de son film Le tombeau des lucioles. Panda petit panda , Mes voisins les Yamada et Le conte de la princesse Kaguya seront \u00e0 (re) d\u00e9couvrir sur grand \u00e9cran. Fin connaisseur de sa filmographie, Ilan Nguy\u00ean animera une conf\u00e9rence sur ce pionnier du dessin anim\u00e9 contemporain de l\u2019apr\u00e8s-guerre au studio Ghibli. En lien avec de nombreux films pr\u00e9sent\u00e9s, des ateliers pour petits et grands sont propos\u00e9s tout au long du festival afin de d\u00e9couvrir les ing\u00e9nieuses techniques du cin\u00e9ma d\u2019animation.<\/p>\n<p class=\"note\">Programmation compl\u00e8te et r\u00e9servation sur le site du cin\u00e9ma Le M\u00e9li\u00e8s\u00a0: cinemalemelies.org<\/p>\n","protected":false},"excerpt":{"rendered":"La treizi\u00e8me \u00e9dition du festival jeune public Voir ensemble se d\u00e9roule jusqu\u2019au dimanche 26\u00a0octobre au cin\u00e9ma Le M\u00e9li\u00e8s.&hellip;\n","protected":false},"author":2,"featured_media":473809,"comment_status":"","ping_status":"","sticky":false,"template":"","format":"standard","meta":{"footnotes":""},"categories":[9566],"tags":[1111,11,2430,650,1687,112,1777,674,1011,27,2731,2732,12,25],"class_list":{"0":"post-473808","1":"post","2":"type-post","3":"status-publish","4":"format-standard","5":"has-post-thumbnail","7":"category-grenoble","8":"tag-actu","9":"tag-actualites","10":"tag-auvergne-rhone-alpes","11":"tag-cinema","12":"tag-culture-loisirs","13":"tag-edition-grenoble-agglomeration","14":"tag-eu","15":"tag-europe","16":"tag-fr","17":"tag-france","18":"tag-grenoble","19":"tag-grenoble-bassin","20":"tag-news","21":"tag-republique-francaise"},"share_on_mastodon":{"url":"https:\/\/pubeurope.com\/@fr\/115398389513079072","error":""},"_links":{"self":[{"href":"https:\/\/www.europesays.com\/fr\/wp-json\/wp\/v2\/posts\/473808","targetHints":{"allow":["GET"]}}],"collection":[{"href":"https:\/\/www.europesays.com\/fr\/wp-json\/wp\/v2\/posts"}],"about":[{"href":"https:\/\/www.europesays.com\/fr\/wp-json\/wp\/v2\/types\/post"}],"author":[{"embeddable":true,"href":"https:\/\/www.europesays.com\/fr\/wp-json\/wp\/v2\/users\/2"}],"replies":[{"embeddable":true,"href":"https:\/\/www.europesays.com\/fr\/wp-json\/wp\/v2\/comments?post=473808"}],"version-history":[{"count":0,"href":"https:\/\/www.europesays.com\/fr\/wp-json\/wp\/v2\/posts\/473808\/revisions"}],"wp:featuredmedia":[{"embeddable":true,"href":"https:\/\/www.europesays.com\/fr\/wp-json\/wp\/v2\/media\/473809"}],"wp:attachment":[{"href":"https:\/\/www.europesays.com\/fr\/wp-json\/wp\/v2\/media?parent=473808"}],"wp:term":[{"taxonomy":"category","embeddable":true,"href":"https:\/\/www.europesays.com\/fr\/wp-json\/wp\/v2\/categories?post=473808"},{"taxonomy":"post_tag","embeddable":true,"href":"https:\/\/www.europesays.com\/fr\/wp-json\/wp\/v2\/tags?post=473808"}],"curies":[{"name":"wp","href":"https:\/\/api.w.org\/{rel}","templated":true}]}}