{"id":47381,"date":"2025-04-23T19:48:09","date_gmt":"2025-04-23T19:48:09","guid":{"rendered":"https:\/\/www.europesays.com\/fr\/47381\/"},"modified":"2025-04-23T19:48:09","modified_gmt":"2025-04-23T19:48:09","slug":"des-travaux-a-lorigine-de-la-perforation","status":"publish","type":"post","link":"https:\/\/www.europesays.com\/fr\/47381\/","title":{"rendered":"des travaux \u00e0 l&rsquo;origine de la perforation"},"content":{"rendered":"<p>Une canalisation de gaz a \u00e9t\u00e9 accidentellement perfor\u00e9e au cours de travaux effectu\u00e9s par un particulier, ce mercredi 23 avril peu avant 19h30 dans un immeuble situ\u00e9 au 52 cours Jean-Jaur\u00e8s \u00e0 Grenoble.<\/p>\n<p>Les sapeurs-pompiers ont mobilis\u00e9 d&rsquo;importants moyens sur place mais ils n&rsquo;ont pas eu \u00e0 \u00e9vacuer le b\u00e2timent, les agents de GreenAlp \u00e9tant parvenus \u00e0 stopper la fuite tr\u00e8s rapidement.<\/p>\n<p>Tout risque d&rsquo;explosion \u00e9tant \u00e9cart\u00e9, le p\u00e9rim\u00e8tre de s\u00e9curit\u00e9 a \u00e9t\u00e9 lev\u00e9.<\/p>\n","protected":false},"excerpt":{"rendered":"Une canalisation de gaz a \u00e9t\u00e9 accidentellement perfor\u00e9e au cours de travaux effectu\u00e9s par un particulier, ce mercredi&hellip;\n","protected":false},"author":2,"featured_media":47382,"comment_status":"","ping_status":"","sticky":false,"template":"","format":"standard","meta":{"footnotes":""},"categories":[9566],"tags":[1111,11,2430,112,1777,674,274,1011,27,2731,108,12,25],"class_list":{"0":"post-47381","1":"post","2":"type-post","3":"status-publish","4":"format-standard","5":"has-post-thumbnail","7":"category-grenoble","8":"tag-actu","9":"tag-actualites","10":"tag-auvergne-rhone-alpes","11":"tag-edition-grenoble-agglomeration","12":"tag-eu","13":"tag-europe","14":"tag-faits-divers-justice","15":"tag-fr","16":"tag-france","17":"tag-grenoble","18":"tag-isere","19":"tag-news","20":"tag-republique-francaise"},"share_on_mastodon":{"url":"https:\/\/pubeurope.com\/@fr\/114389011871672363","error":""},"_links":{"self":[{"href":"https:\/\/www.europesays.com\/fr\/wp-json\/wp\/v2\/posts\/47381","targetHints":{"allow":["GET"]}}],"collection":[{"href":"https:\/\/www.europesays.com\/fr\/wp-json\/wp\/v2\/posts"}],"about":[{"href":"https:\/\/www.europesays.com\/fr\/wp-json\/wp\/v2\/types\/post"}],"author":[{"embeddable":true,"href":"https:\/\/www.europesays.com\/fr\/wp-json\/wp\/v2\/users\/2"}],"replies":[{"embeddable":true,"href":"https:\/\/www.europesays.com\/fr\/wp-json\/wp\/v2\/comments?post=47381"}],"version-history":[{"count":0,"href":"https:\/\/www.europesays.com\/fr\/wp-json\/wp\/v2\/posts\/47381\/revisions"}],"wp:featuredmedia":[{"embeddable":true,"href":"https:\/\/www.europesays.com\/fr\/wp-json\/wp\/v2\/media\/47382"}],"wp:attachment":[{"href":"https:\/\/www.europesays.com\/fr\/wp-json\/wp\/v2\/media?parent=47381"}],"wp:term":[{"taxonomy":"category","embeddable":true,"href":"https:\/\/www.europesays.com\/fr\/wp-json\/wp\/v2\/categories?post=47381"},{"taxonomy":"post_tag","embeddable":true,"href":"https:\/\/www.europesays.com\/fr\/wp-json\/wp\/v2\/tags?post=47381"}],"curies":[{"name":"wp","href":"https:\/\/api.w.org\/{rel}","templated":true}]}}