{"id":473810,"date":"2025-10-19T02:07:11","date_gmt":"2025-10-19T02:07:11","guid":{"rendered":"https:\/\/www.europesays.com\/fr\/473810\/"},"modified":"2025-10-19T02:07:11","modified_gmt":"2025-10-19T02:07:11","slug":"decouvrez-une-battle-de-danse-hip-hop-a-rennes-dimanche-19-octobre-sport-2","status":"publish","type":"post","link":"https:\/\/www.europesays.com\/fr\/473810\/","title":{"rendered":"D\u00e9couvrez une battle de danse hip-hop \u00e0 Rennes, dimanche 19 octobre . Sport"},"content":{"rendered":"<p>Pour sa 8e \u00e9dition, <a href=\"https:\/\/rennes.maville.com\/sport\/detail_-a-rennes-1-200-spectateurs-pour-une-battle-de-breakdance-survoltee-_7-6517082_actu.Htm\" target=\"_blank\" rel=\"noopener\">le battle International du Rennes storming festival<\/a> accueille, dimanche 19 octobre 2025 dans l\u2019apr\u00e8s-midi, au stade Robert-Poirier de Rennes (Ille-et-Vilaine), des \u00e9quipes de danseuses et danseurs hip-hop, venues du monde entier.<\/p>\n<p>Tous les vainqueurs des \u00e9ditions pr\u00e9c\u00e9dentes seront au rendez-vous pour s\u2019affronter. Les participants se retrouveront dans une ar\u00e8ne survolt\u00e9e pour tenter de remporter le troph\u00e9e des dix\u00a0ans.<\/p>\n<p>Chiner au village du festival<\/p>\n<p>Le public pourra aussi chiner dans le village du festival pour se restaurer, d\u00e9nicher des v\u00eatements, skater ou rencontrer les artistes. La manifestation reste ouverte aux danseurs bretons. Ils pourront se qualifier le jour m\u00eame pour affronter les concurrents internationaux.<\/p>\n<p><strong>Dimanche 19\u00a0octobre,<\/strong> de 14\u00a0h \u00e0 18\u00a0h, au stade Robert Poirier, 6,\u00a0avenue du Professeur-L\u00e9on-Bernard, \u00e0 Rennes. Tarifs\u00a0: de 6\u00a0\u20ac \u00e0 10\u00a0\u20ac.<\/p>\n<p>\u00a0<\/p>\n","protected":false},"excerpt":{"rendered":"Pour sa 8e \u00e9dition, le battle International du Rennes storming festival accueille, dimanche 19 octobre 2025 dans l\u2019apr\u00e8s-midi,&hellip;\n","protected":false},"author":2,"featured_media":473241,"comment_status":"","ping_status":"","sticky":false,"template":"","format":"standard","meta":{"footnotes":""},"categories":[2821],"tags":[1111,11,3809,1465,829,1777,674,63,1011,27,1792,1922,12,3086,584,25,479,517,1470],"class_list":{"0":"post-473810","1":"post","2":"type-post","3":"status-publish","4":"format-standard","5":"has-post-thumbnail","7":"category-rennes","8":"tag-actu","9":"tag-actualites","10":"tag-ball","11":"tag-basket","12":"tag-bretagne","13":"tag-eu","14":"tag-europe","15":"tag-football","16":"tag-fr","17":"tag-france","18":"tag-handball","19":"tag-info","20":"tag-news","21":"tag-redon","22":"tag-rennes","23":"tag-republique-francaise","24":"tag-rugby","25":"tag-sport","26":"tag-volley"},"share_on_mastodon":{"url":"https:\/\/pubeurope.com\/@fr\/115398393584853369","error":""},"_links":{"self":[{"href":"https:\/\/www.europesays.com\/fr\/wp-json\/wp\/v2\/posts\/473810","targetHints":{"allow":["GET"]}}],"collection":[{"href":"https:\/\/www.europesays.com\/fr\/wp-json\/wp\/v2\/posts"}],"about":[{"href":"https:\/\/www.europesays.com\/fr\/wp-json\/wp\/v2\/types\/post"}],"author":[{"embeddable":true,"href":"https:\/\/www.europesays.com\/fr\/wp-json\/wp\/v2\/users\/2"}],"replies":[{"embeddable":true,"href":"https:\/\/www.europesays.com\/fr\/wp-json\/wp\/v2\/comments?post=473810"}],"version-history":[{"count":0,"href":"https:\/\/www.europesays.com\/fr\/wp-json\/wp\/v2\/posts\/473810\/revisions"}],"wp:featuredmedia":[{"embeddable":true,"href":"https:\/\/www.europesays.com\/fr\/wp-json\/wp\/v2\/media\/473241"}],"wp:attachment":[{"href":"https:\/\/www.europesays.com\/fr\/wp-json\/wp\/v2\/media?parent=473810"}],"wp:term":[{"taxonomy":"category","embeddable":true,"href":"https:\/\/www.europesays.com\/fr\/wp-json\/wp\/v2\/categories?post=473810"},{"taxonomy":"post_tag","embeddable":true,"href":"https:\/\/www.europesays.com\/fr\/wp-json\/wp\/v2\/tags?post=473810"}],"curies":[{"name":"wp","href":"https:\/\/api.w.org\/{rel}","templated":true}]}}