{"id":473818,"date":"2025-10-19T02:14:12","date_gmt":"2025-10-19T02:14:12","guid":{"rendered":"https:\/\/www.europesays.com\/fr\/473818\/"},"modified":"2025-10-19T02:14:12","modified_gmt":"2025-10-19T02:14:12","slug":"municipales-de-2026-a-nantes-communistes-et-socialistes-sunissent","status":"publish","type":"post","link":"https:\/\/www.europesays.com\/fr\/473818\/","title":{"rendered":"Municipales de 2026 \u00e0 Nantes. Communistes et socialistes s\u2019unissent"},"content":{"rendered":"<p>Semaine charg\u00e9e pour Johanna Rolland, maire PS de Nantes\u00a0: <a href=\"https:\/\/nantes.maville.com\/actu\/actudet_-municipales-2026.-marie-vitoux-et-johanna-rolland-annoncent-leurs-ambitions-a-nantes-_8-7021714_actu.Htm\" target=\"_blank\" rel=\"noopener\">Apr\u00e8s les \u00e9cologistes mercredi<\/a>, c\u2019est avec les communistes qu\u2019elle a organis\u00e9 ce samedi matin une conf\u00e9rence de presse pour annoncer leur union en vue des \u00e9lections municipales de mars\u00a02026. \u00a0C\u2019est un moment important, assure Johanna Rolland. Nous partageons avec les communistes des convictions et une confiance n\u00e9e d\u2019un travail en commun depuis 12 ans. Nous n\u2019allons pas laisser ab\u00eemer Nantes et d\u00e9nigrer Nantes par un candidat bien \u00e0 droite. Ce sera projet contre projet, je l\u2019esp\u00e8re.\u00a0<\/p>\n<p>Une \u00e9tude pour la cr\u00e9ation d\u2019une nouvelle ligne de tramway entre Beaus\u00e9jour et Tertre<\/p>\n<p>L\u2019heure est \u00e0 l\u2019alliance avec <a href=\"https:\/\/nantes.maville.com\/actu\/actudet_-municipales-2026.-les-communistes-designent-un-duo-pour-aller-a-la-rencontre-des-forces-de-gauche-_8-6754176_actu.Htm\" target=\"_blank\" rel=\"noopener\">les communistes qui sont venus avec un programme riche de 160\u00a0propositions<\/a>. Mesure forte port\u00e9e par les communistes\u00a0: le lancement d\u2019une \u00e9tude pour la cr\u00e9ation d\u2019une nouvelle ligne de tramway entre Beaus\u00e9jour et Tertre au nord ouest de Nantes. \u00a0L\u2019enjeu est de poursuivre la d\u00e9carbonation des transports, nous avons d\u00e9j\u00e0 investi un milliard d\u2019euros, note Robin Salecroix, chef de file communiste. Cette \u00e9tude d\u2019opportunit\u00e9 va dans le m\u00eame sens.\u00a0<\/p>\n<p>Autre enjeu central qui rassemble communistes et socialistes nantais\u00a0: le logement. Les deux forces de gauche sont tomb\u00e9es d\u2019accord pour viser 40\u00a0% de logements sociaux et 20\u00a0% de logements abordables dans les nouvelles op\u00e9rations. 70\u00a0% de nos concitoyens peuvent pr\u00e9tendre au logement social, assure Robin Salecroix. Une ville accessible c\u2019est une ville qui loge ses infirmi\u00e8res, ses employ\u00e9s, ses policiers. Cela n\u2019a aucun sens d\u2019opposer logement social et logement libre.\u00a0<\/p>\n<p>Parmi les mesures qui ont fait l\u2019unanimit\u00e9 entre communistes et socialistes\u00a0: la cr\u00e9ation d\u2019une plateforme de soutien aux familles monoparentales.\u00a0On ne sait pas encore si on l\u2019appellera Allo parent solo ou Allo maman solo, indique Johanna Rolland. Tr\u00e8s souvent dans les familles monoparentales, la femme, la m\u00e8re ou la maman porte la famille seule.\u00a0Quand on la questionne sur le calendrier de la campagne, Johanna Rolland l\u2019assure\u00a0: \u00a0Le rassemblement va s\u2019\u00e9toffer\u00a0 sans pr\u00e9ciser avec qui.<\/p>\n<p>\u00a0<\/p>\n","protected":false},"excerpt":{"rendered":"Semaine charg\u00e9e pour Johanna Rolland, maire PS de Nantes\u00a0: Apr\u00e8s les \u00e9cologistes mercredi, c\u2019est avec les communistes qu\u2019elle&hellip;\n","protected":false},"author":2,"featured_media":473819,"comment_status":"","ping_status":"","sticky":false,"template":"","format":"standard","meta":{"footnotes":""},"categories":[2818],"tags":[5734,1111,11,13150,1777,674,1011,27,3554,766,12,2636,25,21710,59730],"class_list":{"0":"post-473818","1":"post","2":"type-post","3":"status-publish","4":"format-standard","5":"has-post-thumbnail","7":"category-nantes","8":"tag-5734","9":"tag-actu","10":"tag-actualites","11":"tag-communistes","12":"tag-eu","13":"tag-europe","14":"tag-fr","15":"tag-france","16":"tag-municipales","17":"tag-nantes","18":"tag-news","19":"tag-pays-de-la-loire","20":"tag-republique-francaise","21":"tag-socialistes","22":"tag-unissent"},"share_on_mastodon":{"url":"https:\/\/pubeurope.com\/@fr\/115398420992457293","error":""},"_links":{"self":[{"href":"https:\/\/www.europesays.com\/fr\/wp-json\/wp\/v2\/posts\/473818","targetHints":{"allow":["GET"]}}],"collection":[{"href":"https:\/\/www.europesays.com\/fr\/wp-json\/wp\/v2\/posts"}],"about":[{"href":"https:\/\/www.europesays.com\/fr\/wp-json\/wp\/v2\/types\/post"}],"author":[{"embeddable":true,"href":"https:\/\/www.europesays.com\/fr\/wp-json\/wp\/v2\/users\/2"}],"replies":[{"embeddable":true,"href":"https:\/\/www.europesays.com\/fr\/wp-json\/wp\/v2\/comments?post=473818"}],"version-history":[{"count":0,"href":"https:\/\/www.europesays.com\/fr\/wp-json\/wp\/v2\/posts\/473818\/revisions"}],"wp:featuredmedia":[{"embeddable":true,"href":"https:\/\/www.europesays.com\/fr\/wp-json\/wp\/v2\/media\/473819"}],"wp:attachment":[{"href":"https:\/\/www.europesays.com\/fr\/wp-json\/wp\/v2\/media?parent=473818"}],"wp:term":[{"taxonomy":"category","embeddable":true,"href":"https:\/\/www.europesays.com\/fr\/wp-json\/wp\/v2\/categories?post=473818"},{"taxonomy":"post_tag","embeddable":true,"href":"https:\/\/www.europesays.com\/fr\/wp-json\/wp\/v2\/tags?post=473818"}],"curies":[{"name":"wp","href":"https:\/\/api.w.org\/{rel}","templated":true}]}}