{"id":473824,"date":"2025-10-19T02:17:12","date_gmt":"2025-10-19T02:17:12","guid":{"rendered":"https:\/\/www.europesays.com\/fr\/473824\/"},"modified":"2025-10-19T02:17:12","modified_gmt":"2025-10-19T02:17:12","slug":"previsions-du-dimanche-19-octobre-2025-11","status":"publish","type":"post","link":"https:\/\/www.europesays.com\/fr\/473824\/","title":{"rendered":"pr\u00e9visions du dimanche 19 octobre 2025"},"content":{"rendered":"<p class=\"mb-4 text-lg md:leading-8 break-words\"><strong>M\u00e9t\u00e9o &#8211; Aujourd&rsquo;hui, un ciel avec des \u00e9claircies va peu \u00e0 peu prendre la place des nuages. Les temp\u00e9ratures seront de 18\u00b0C la matin\u00e9e et de 22\u00b0C l&rsquo;apr\u00e8s-midi&#8230;<\/strong><\/p>\n<p class=\"mb-4 text-lg md:leading-8 break-words\">\u00c0 Bordeaux, les valeurs seront comprises entre 13\u00b0C et 26\u00b0C dans la journ\u00e9e. Le ciel va l\u00e9g\u00e8rement se d\u00e9gager dans la matin\u00e9e avec des \u00e9claircies. Les temp\u00e9ratures seront de 18\u00b0C. Un vent de sud-est soufflera doucement. De l\u00e9gers nuages dans le ciel de l&rsquo;apr\u00e8s-midi retardent l&rsquo;arriv\u00e9e du soleil. En revanche, les temp\u00e9ratures vont monter de quelques degr\u00e9s. Les valeurs afficheront entre 19 et 26\u00b0C. Toujours de la grisaille le soir. Les nuages vont stationner. Des pluies \u00e9parses sont pr\u00e9vues. Pour les amateurs d&rsquo;astronomie, sachez que la nuit sera claire.<\/p>\n<p class=\"mb-4 text-lg md:leading-8 break-words\">Le soleil se fera d\u00e9sirer demain sur Bordeaux, o\u00f9 des nuages sont bien install\u00e9s. Les temp\u00e9ratures vont descendre de quelques degr\u00e9s. On pr\u00e9voit des valeurs d&rsquo;environ 17\u00b0C. Un vent de sud-ouest rafra\u00eechira l\u00e9g\u00e8rement l&rsquo;atmosph\u00e8re. Les nuages \u00e0 pr\u00e9voir le matin, et un ciel encore maussade. Des pluies \u00e9parses vont tomber sur la ville. Des \u00e9claircies feront leur apparition dans l&rsquo;apr\u00e8s-midi. Les temp\u00e9ratures s&rsquo;\u00e9chelonneront de 17 \u00e0 19\u00b0C. Demain soir, le soleil risque d&rsquo;\u00eatre masqu\u00e9 par des nuages. Des pluies \u00e9parses sont attendues. Il va faire en moyenne 16\u00b0C.<\/p>\n<p class=\"mb-4 text-lg md:leading-8 break-words\">Une m\u00e9t\u00e9o instable est attendue les jours suivants. Mardi, la m\u00e9t\u00e9o sera nuageuse alors qu&rsquo;une am\u00e9lioration est annonc\u00e9e mercredi.<\/p>\n<p class=\"mb-4 text-lg md:leading-8 break-words\">La circulation est plus compliqu\u00e9e lorsque la m\u00e9t\u00e9o est mauvaise. \u00c0 la visibilit\u00e9 restreinte se joint une tenue de route d\u00e9grad\u00e9e : vigilance !<\/p>\n<p class=\"mb-4 text-lg md:leading-8 break-words\"><a href=\"https:\/\/www.20minutes.fr\/planete\/previsions-meteo\/4180170-20251019-meteo-bordeaux-previsions-dimanche-19-octobre-2025?at_medium=RSS%20feed&amp;at_campaign=ynews&amp;utm_source=yahoo&amp;utm_medium=rss&amp;utm_campaign=news_feed&amp;utm_content=read_more_link&quot;\" rel=\"nofollow noopener\" target=\"_blank\" data-ylk=\"slk:Lire la suite sur 20minutes;elm:context_link;itc:0;sec:content-canvas\" class=\"link \">Lire la suite sur 20minutes<\/a><\/p>\n","protected":false},"excerpt":{"rendered":"M\u00e9t\u00e9o &#8211; Aujourd&rsquo;hui, un ciel avec des \u00e9claircies va peu \u00e0 peu prendre la place des nuages. Les&hellip;\n","protected":false},"author":2,"featured_media":473825,"comment_status":"","ping_status":"","sticky":false,"template":"","format":"standard","meta":{"footnotes":""},"categories":[2817],"tags":[1111,11,1997,1777,674,1011,27,51394,12,2219,25],"class_list":{"0":"post-473824","1":"post","2":"type-post","3":"status-publish","4":"format-standard","5":"has-post-thumbnail","7":"category-bordeaux","8":"tag-actu","9":"tag-actualites","10":"tag-bordeaux","11":"tag-eu","12":"tag-europe","13":"tag-fr","14":"tag-france","15":"tag-la-matinee","16":"tag-news","17":"tag-nouvelle-aquitaine","18":"tag-republique-francaise"},"share_on_mastodon":{"url":"https:\/\/pubeurope.com\/@fr\/115398434068868849","error":""},"_links":{"self":[{"href":"https:\/\/www.europesays.com\/fr\/wp-json\/wp\/v2\/posts\/473824","targetHints":{"allow":["GET"]}}],"collection":[{"href":"https:\/\/www.europesays.com\/fr\/wp-json\/wp\/v2\/posts"}],"about":[{"href":"https:\/\/www.europesays.com\/fr\/wp-json\/wp\/v2\/types\/post"}],"author":[{"embeddable":true,"href":"https:\/\/www.europesays.com\/fr\/wp-json\/wp\/v2\/users\/2"}],"replies":[{"embeddable":true,"href":"https:\/\/www.europesays.com\/fr\/wp-json\/wp\/v2\/comments?post=473824"}],"version-history":[{"count":0,"href":"https:\/\/www.europesays.com\/fr\/wp-json\/wp\/v2\/posts\/473824\/revisions"}],"wp:featuredmedia":[{"embeddable":true,"href":"https:\/\/www.europesays.com\/fr\/wp-json\/wp\/v2\/media\/473825"}],"wp:attachment":[{"href":"https:\/\/www.europesays.com\/fr\/wp-json\/wp\/v2\/media?parent=473824"}],"wp:term":[{"taxonomy":"category","embeddable":true,"href":"https:\/\/www.europesays.com\/fr\/wp-json\/wp\/v2\/categories?post=473824"},{"taxonomy":"post_tag","embeddable":true,"href":"https:\/\/www.europesays.com\/fr\/wp-json\/wp\/v2\/tags?post=473824"}],"curies":[{"name":"wp","href":"https:\/\/api.w.org\/{rel}","templated":true}]}}