{"id":47383,"date":"2025-04-23T19:49:08","date_gmt":"2025-04-23T19:49:08","guid":{"rendered":"https:\/\/www.europesays.com\/fr\/47383\/"},"modified":"2025-04-23T19:49:08","modified_gmt":"2025-04-23T19:49:08","slug":"de-lyon-a-grenoble-quand-luniversite-se-perd-dans-les-affres-de-lislamo-gauchisme","status":"publish","type":"post","link":"https:\/\/www.europesays.com\/fr\/47383\/","title":{"rendered":"de Lyon \u00e0 Grenoble, quand l\u2019universit\u00e9 se perd dans les affres de l\u2019islamo-gauchisme"},"content":{"rendered":"<p><strong>R\u00c9CIT &#8211; <\/strong>Depuis l\u2019interruption d\u2019un cours du professeur Fabrice Balanche par des militants pro-Gaza, la pol\u00e9mique ne redescend pas.<\/p>\n<p class=\"fig-paragraph\">Sur fond de\u00a0<a href=\"http:\/\/www.lefigaro.fr\/international\/sortez-nous-de-la-le-president-palestinien-exhorte-le-hamas-a-liberer-les-otages-israeliens-20250423\" target=\"_blank\" data-fig-type=\"NewsFlash\" rel=\"noopener\" data-gtm-custom-categorie=\"navigation\" data-gtm-custom-action=\"crossclick\" data-gtm-custom-label=\"Contextuel\" data-gtm-event=\"customEventSPE\" data-fig-domain=\"LEFIGARO\">conflit isra\u00e9lo-palestinien\u00a0<\/a>et de mobilisations \u00e9tudiantes pro-Gaza, c\u2019est le grand retour de l\u2019islamo-gauchisme sur la sc\u00e8ne universitaire. Et de la bataille rang\u00e9e entre deux camps que tout s\u00e9pare. Depuis\u00a0<a href=\"http:\/\/www.lefigaro.fr\/actualite-france\/fabrice-balanche-denigre-a-lyon-ii-il-faut-un-coup-de-balai-dans-cette-universite-plaide-le-maire-de-bron-20250419\" data-fig-type=\"Article\" data-gtm-custom-categorie=\"navigation\" data-gtm-custom-action=\"crossclick\" data-gtm-custom-label=\"Contextuel\" data-gtm-event=\"customEventSPE\" data-fig-domain=\"LEFIGARO\" target=\"_blank\" rel=\"noopener\">l\u2019affaire Balanche,<\/a>\u00a0survenue le 1er\u00a0avril \u00e0 Lyon\u00a02, l\u2019affrontement va crescendo entre ceux qui d\u00e9noncent une convergence \u00e0 l\u2019\u0153uvre entre extr\u00eame gauche et islamisme et ceux pour qui l\u2019islamo-gauchisme serait un pur fantasme relevant du seul registre de l\u2019extr\u00eame droite.<\/p>\n<p class=\"fig-paragraph\">Fabrice Balanche appartient au camp des premiers. Homme de droite, il est conseiller municipal LR \u00e0 Caluire-et-Cuire (Grand Lyon). Mais il est surtout agr\u00e9g\u00e9 de g\u00e9ographie, sp\u00e9cialiste du Proche-Orient, en particulier de la Syrie et du Liban, o\u00f9 il a v\u00e9cu une dizaine d\u2019ann\u00e9es, et enseignant-chercheur \u00e0 Lyon\u00a02. Pour lui, c\u2019est la double peine. Contraint de quitter son cours\u00a0<a href=\"https:\/\/etudiant.lefigaro.fr\/article\/etudes\/universite-lyon-2-une-enquete-ouverte-apres-l-irruption-de-militants-pendant-un-cours-sur-fond-de-revendications-islamistes-20250404\/\" target=\"_blank\" data-fig-type=\"Article\" rel=\"noopener\" data-gtm-custom-categorie=\"navigation\" data-gtm-custom-action=\"crossclick\" data-gtm-custom-label=\"Contextuel\" data-gtm-event=\"customEventSPE\" data-fig-domain=\"ETUDIANT\">sous les hu\u00e9es de militants propalestiniens<\/a>\u00a0le 1er\u00a0avril dernier, il a \u00e9t\u00e9 l\u00e2ch\u00e9 en rase campagne\u00a0<a href=\"https:\/\/etudiant.lefigaro.fr\/article\/etudes\/la-presidente-de-l-universite-lyon-ii-accuse-fabrice-balanche-menace-par-des-etudiants-propalestiniens-de-paroles-complotistes-20250417\/\" target=\"_blank\" data-fig-type=\"Article\" rel=\"noopener\" data-gtm-custom-categorie=\"navigation\" data-gtm-custom-action=\"crossclick\" data-gtm-custom-label=\"Contextuel\" data-gtm-event=\"customEventSPE\" data-fig-domain=\"ETUDIANT\">par la pr\u00e9sidente de l\u2019universit\u00e9 Lyon\u00a02\u2026<\/a><\/p>\n<p class=\"fig-premium-paywall__infos\">\n        Cet article est r\u00e9serv\u00e9 aux abonn\u00e9s.        Il vous reste 88% \u00e0 d\u00e9couvrir.\n    <\/p>\n<p>                <img  data- alt=\"Le Figaro\" class=\"fig-img--complete fig-img\"\/><\/p>\n<p class=\"fig-premium-paywall__title\">Vous avez envie de lire la suite ?<\/p>\n<p class=\"fig-premium-paywall__subtitle\">D\u00e9bloquez tous les articles imm\u00e9diatement.<\/p>\n<p class=\"fig-premium-paywall__connect\">\n                D\u00e9j\u00e0 abonn\u00e9\u00a0?                <a class=\"fig-premium-paywall__connect-link\" href=\"https:\/\/connect.lefigaro.fr\/login?client=horizon_web&amp;type=main&amp;redirect_uri=https%3A%2F%2Fwww.lefigaro.fr%2Factualite-france%2Fune-logique-de-propagande-de-lyon-a-grenoble-quand-l-universite-se-perd-dans-les-affres-de-l-islamo-gauchisme-20250423\" data-js-gtm=\"{&quot;customCategorie&quot;: &quot;conversion&quot;, &quot;customAction&quot;: &quot;before_Landing_Connexion_paywall_auto&quot;, &quot;customLabel&quot;: &quot;bGVmaWdhcm8uZnJfXzFmMDFmNTI4LTQxYWQtNjA1MC1hNWEwLWViZThmNjE1YTA5Yl9fQXJ0aWNsZQ==_\u00abUne logique de propagande\u00bb\u00a0: de Lyon \u00e0 Grenoble, quand l\u2019universit\u00e9 se perd dans les affres de l\u2019islamo-gauchisme_511&quot;, &quot;customIDSPE&quot;: &quot;bGVmaWdhcm8uZnJfXzFmMDFmNTI4LTQxYWQtNjA1MC1hNWEwLWViZThmNjE1YTA5Yl9fQXJ0aWNsZQ==&quot;, &quot;event&quot;: &quot;customEventSPE&quot;}\" target=\"_blank\" rel=\"noopener\"><br \/>\n                    Connectez-vous<br \/>\n                <\/a>\n            <\/p>\n","protected":false},"excerpt":{"rendered":"R\u00c9CIT &#8211; Depuis l\u2019interruption d\u2019un cours du professeur Fabrice Balanche par des militants pro-Gaza, la pol\u00e9mique ne redescend&hellip;\n","protected":false},"author":2,"featured_media":47384,"comment_status":"","ping_status":"","sticky":false,"template":"","format":"standard","meta":{"footnotes":""},"categories":[9566],"tags":[1111,47,1058,1054,1059,1060,1055,11,2430,1057,4854,1777,674,118,1011,27,2731,1061,12194,303,12,1062,25,5516,656,104,1056,809],"class_list":{"0":"post-47383","1":"post","2":"type-post","3":"status-publish","4":"format-standard","5":"has-post-thumbnail","7":"category-grenoble","8":"tag-actu","9":"tag-actualite","10":"tag-actualite-education","11":"tag-actualite-france","12":"tag-actualite-justice","13":"tag-actualite-securite","14":"tag-actualite-societe","15":"tag-actualites","16":"tag-auvergne-rhone-alpes","17":"tag-education","18":"tag-enseignement-superieur","19":"tag-eu","20":"tag-europe","21":"tag-faits-divers","22":"tag-fr","23":"tag-france","24":"tag-grenoble","25":"tag-immigration","26":"tag-islamo-gauchisme","27":"tag-justice","28":"tag-news","29":"tag-polemique","30":"tag-republique-francaise","31":"tag-sciences-po","32":"tag-securite","33":"tag-societe","34":"tag-societe-francaise","35":"tag-violence"},"share_on_mastodon":{"url":"https:\/\/pubeurope.com\/@fr\/114389015863070397","error":""},"_links":{"self":[{"href":"https:\/\/www.europesays.com\/fr\/wp-json\/wp\/v2\/posts\/47383","targetHints":{"allow":["GET"]}}],"collection":[{"href":"https:\/\/www.europesays.com\/fr\/wp-json\/wp\/v2\/posts"}],"about":[{"href":"https:\/\/www.europesays.com\/fr\/wp-json\/wp\/v2\/types\/post"}],"author":[{"embeddable":true,"href":"https:\/\/www.europesays.com\/fr\/wp-json\/wp\/v2\/users\/2"}],"replies":[{"embeddable":true,"href":"https:\/\/www.europesays.com\/fr\/wp-json\/wp\/v2\/comments?post=47383"}],"version-history":[{"count":0,"href":"https:\/\/www.europesays.com\/fr\/wp-json\/wp\/v2\/posts\/47383\/revisions"}],"wp:featuredmedia":[{"embeddable":true,"href":"https:\/\/www.europesays.com\/fr\/wp-json\/wp\/v2\/media\/47384"}],"wp:attachment":[{"href":"https:\/\/www.europesays.com\/fr\/wp-json\/wp\/v2\/media?parent=47383"}],"wp:term":[{"taxonomy":"category","embeddable":true,"href":"https:\/\/www.europesays.com\/fr\/wp-json\/wp\/v2\/categories?post=47383"},{"taxonomy":"post_tag","embeddable":true,"href":"https:\/\/www.europesays.com\/fr\/wp-json\/wp\/v2\/tags?post=47383"}],"curies":[{"name":"wp","href":"https:\/\/api.w.org\/{rel}","templated":true}]}}