{"id":473830,"date":"2025-10-19T02:21:18","date_gmt":"2025-10-19T02:21:18","guid":{"rendered":"https:\/\/www.europesays.com\/fr\/473830\/"},"modified":"2025-10-19T02:21:18","modified_gmt":"2025-10-19T02:21:18","slug":"international-lille-tattoo-convention-evenements","status":"publish","type":"post","link":"https:\/\/www.europesays.com\/fr\/473830\/","title":{"rendered":"International Lille Tattoo Convention \/ \u00c9v\u00e9nements"},"content":{"rendered":"<p>\n                                                                        Du 22<br \/>au 25 janvier 2026\n                                        <\/p>\n<p class=\"subtitle\">\u00e0 <strong><br \/>\nLille Grand Palais<\/strong><\/p>\n<p>Lille Tattoo Convention revient du 23 au 25 janvier 2026 !<\/p>\n<p>            <img loading=\"lazy\" decoding=\"async\" src=\"\/var\/www\/storage\/images\/mediatheque\/mairie-de-lille\/images-openagenda\/international-lille-tattoo-convention4\/3872389-1-fre-FR\/International-Lille-Tattoo-Convention_news_image_top.jpg\" width=\"779\" height=\"336\" alt=\"International Lille Tattoo Convention\"\/><\/p>\n<p>Cr\u00e9\u00e9e en 2016, l\u2019International Lille Tattoo Convention figure parmi les plus importantes conventions de tatouage en Europe, en nombre d\u2019exposants et de visiteurs.\u200b<\/p>\n<p>L\u2019\u00e9v\u00e8nement a r\u00e9uni l\u2019an dernier 16 000 visiteurs. Cette ann\u00e9e, du 23 au 25 janvier, la convention, organis\u00e9e par Lille Grand Palais et Mill\u00e9nium Events &amp; Com, rassemblera 500 tatoueurs s\u00e9lectionn\u00e9s sur la sc\u00e8ne nationale et internationale. La programmation de cet \u00e9v\u00e8nement d\u00e9di\u00e9 aux cultures urbaines fera aussi la part belle aux propositions audacieuses d\u2019artistes, de personnalit\u00e9s, et de cr\u00e9ateurs inspir\u00e9s par les cultures urbaines.<\/p>\n<p>        \t\t                                Infos pratiques<\/p>\n<p>                    Adresse<\/p>\n<p>1 Bd des Cit\u00e9s Unies, 59777 Lille<\/p>\n<p>                                                            Voir le plan<\/p>\n<p>                        Contact<\/p>\n<p>communication@lillegp.com<\/p>\n<p>\n                    PublicsDe 0 \u00e0 99 ans<\/p>\n<p>                            Horaires<\/p>\n<p class=\"textAlone\">Le 22\/01\/2026 de 12:00 \u00e0 23:00<br \/>Le 23\/01\/2026 de 14:00 \u00e0 23:00<br \/>Le 24\/01\/2026 de 11:00 \u00e0 23:00<br \/>Le 25\/01\/2026 de 11:00 \u00e0 20:00<\/p>\n<p>                        Tarifs<\/p>\n<p>Bient\u00f4t en vente ! Pass 3 jours + affiche offerte : 36 euros Pass weekend : euros Tarif groupe : 12 euros Tarif 12 \u00e0 18 ans \/ \u00e9tudiant \/ PSH : 11 euros Tarif -12 ans : 0 euros<\/p>\n","protected":false},"excerpt":{"rendered":"Du 22au 25 janvier 2026 \u00e0 Lille Grand Palais Lille Tattoo Convention revient du 23 au 25 janvier&hellip;\n","protected":false},"author":2,"featured_media":473831,"comment_status":"","ping_status":"","sticky":false,"template":"","format":"standard","meta":{"footnotes":""},"categories":[2815],"tags":[1111,11,4763,1777,674,1011,27,811,1307,5415,12,25],"class_list":{"0":"post-473830","1":"post","2":"type-post","3":"status-publish","4":"format-standard","5":"has-post-thumbnail","7":"category-lille","8":"tag-actu","9":"tag-actualites","10":"tag-agenda","11":"tag-eu","12":"tag-europe","13":"tag-fr","14":"tag-france","15":"tag-hauts-de-france","16":"tag-lille","17":"tag-mairie","18":"tag-news","19":"tag-republique-francaise"},"share_on_mastodon":{"url":"https:\/\/pubeurope.com\/@fr\/115398448943887081","error":""},"_links":{"self":[{"href":"https:\/\/www.europesays.com\/fr\/wp-json\/wp\/v2\/posts\/473830","targetHints":{"allow":["GET"]}}],"collection":[{"href":"https:\/\/www.europesays.com\/fr\/wp-json\/wp\/v2\/posts"}],"about":[{"href":"https:\/\/www.europesays.com\/fr\/wp-json\/wp\/v2\/types\/post"}],"author":[{"embeddable":true,"href":"https:\/\/www.europesays.com\/fr\/wp-json\/wp\/v2\/users\/2"}],"replies":[{"embeddable":true,"href":"https:\/\/www.europesays.com\/fr\/wp-json\/wp\/v2\/comments?post=473830"}],"version-history":[{"count":0,"href":"https:\/\/www.europesays.com\/fr\/wp-json\/wp\/v2\/posts\/473830\/revisions"}],"wp:featuredmedia":[{"embeddable":true,"href":"https:\/\/www.europesays.com\/fr\/wp-json\/wp\/v2\/media\/473831"}],"wp:attachment":[{"href":"https:\/\/www.europesays.com\/fr\/wp-json\/wp\/v2\/media?parent=473830"}],"wp:term":[{"taxonomy":"category","embeddable":true,"href":"https:\/\/www.europesays.com\/fr\/wp-json\/wp\/v2\/categories?post=473830"},{"taxonomy":"post_tag","embeddable":true,"href":"https:\/\/www.europesays.com\/fr\/wp-json\/wp\/v2\/tags?post=473830"}],"curies":[{"name":"wp","href":"https:\/\/api.w.org\/{rel}","templated":true}]}}