{"id":473832,"date":"2025-10-19T02:22:13","date_gmt":"2025-10-19T02:22:13","guid":{"rendered":"https:\/\/www.europesays.com\/fr\/473832\/"},"modified":"2025-10-19T02:22:13","modified_gmt":"2025-10-19T02:22:13","slug":"marseille-circulation-et-stationnement-interdits-cet-evenement-populaire-de-retour-sur-la-corniche","status":"publish","type":"post","link":"https:\/\/www.europesays.com\/fr\/473832\/","title":{"rendered":"Marseille. Circulation et stationnement interdits&#8230; Cet \u00e9v\u00e9nement populaire de retour sur la Corniche"},"content":{"rendered":"<p>            Par<br \/>\n        <strong><br \/>\n            <a href=\"https:\/\/actu.fr\/auteur\/thibault-nadal-actu-fr\" title=\"Consulter tous les articles de Thibault Nadal\" target=\"_blank\" rel=\"noopener\">Thibault Nadal<\/a><br \/>\n        <\/strong><\/p>\n<p>        Publi\u00e9 le<\/p>\n<p>            18 oct. 2025 \u00e0 6h12        <\/p>\n<p>C\u2019est un \u00e9v\u00e9nement qui attire toujours plus de monde. Surtout lorsque <a href=\"https:\/\/actu.fr\/marseille\/meteo\" target=\"_blank\" rel=\"noopener\">la m\u00e9t\u00e9o<\/a> est au rendez-vous. Ce dimanche 19\u00a0octobre 2025, la Ville de <a href=\"https:\/\/actu.fr\/marseille\/\" target=\"_blank\" rel=\"noopener\">Marseille<\/a> organise la 32e \u00e9dition de \u00ab\u2009La Voie est Libre\u2009\u00bb. Durant une journ\u00e9e, la circulation est proscrite sur la majeure partie de <a href=\"https:\/\/actu.fr\/tag\/corniche\" target=\"_blank\" rel=\"noopener\">la Corniche<\/a> (7e), afin de <strong>faire \u00ab\u2009la part belle aux promeneurs et aux mobilit\u00e9s douces\u2009\u00bb<\/strong>. Voici tout ce qu\u2019il faut savoir pour se d\u00e9placer.<\/p>\n<p>De la rue du Capitaine Dessemond jusqu\u2019au parc Talabot<\/p>\n<p class=\" wall-content\"><strong>De 10h \u00e0 19h<\/strong>, de la rue du Captaine Dessemont jusqu\u2019au parc Talabot, les Marseillais pourront profiter d\u2019animations sur toute la Corniche sur diff\u00e9rents th\u00e8mes\u2009: musique, environnement, jeux de soci\u00e9t\u00e9 ou food-truck.<\/p>\n<p class=\" wall-content\">\u00ab\u2009En lib\u00e9rant cet axe fr\u00e9quent\u00e9 du bord de mer, la Ville de Marseille renforce son action en faveur d\u2019un cadre de vie plus apais\u00e9 rendu aux Marseillaises et aux Marseillais\u2009\u00bb, se f\u00e9licite la municipalit\u00e9.<\/p>\n<p>Plusieurs lignes de bus perturb\u00e9s<\/p>\n<p class=\" wall-content\">Comme \u00e0 chaque \u00e9dition, <a href=\"https:\/\/actu.fr\/tag\/rtm\" target=\"_blank\" rel=\"noopener\">la RTM<\/a> est oblig\u00e9e d\u2019adapter le trajet des bus pour faire face \u00e0 la fermeture de la Corniche. Voici les lignes d\u00e9vi\u00e9es.<\/p>\n<p class=\" wall-content\"><strong>Bus 74<\/strong>\u2009:<\/p>\n<ul class=\" wall-content\">\n<li>Deux arr\u00eats non desservis\u2009: Traverse Nicolas et Oriol Corniche.<\/li>\n<li>Boucle chemin de l\u2019Oriol non effectu\u00e9e.<\/li>\n<\/ul>\n<p class=\" wall-content\"><strong>Bus 83<\/strong>\u2009:<\/p>\n<p>Votre r\u00e9gion, votre actu !<\/p>\n<p>Recevez chaque jour les infos qui comptent pour vous.<\/p>\n<p>\t<a href=\"https:\/\/actu.fr\/newsletter\" class=\"ac-btn ac-btn--corner ac-btn--medium ac-btn--blue800\" target=\"_blank\" rel=\"noopener\">S&rsquo;incrire<\/a><\/p>\n<ul class=\" wall-content\">\n<li>Douze arr\u00eats non desservis\u2009: Corniche Dessemond, Corniche Fr\u00e9gier, Vallon des Auffes, Endoume, Fausse Monnaie, Parc Valmer, Vallon de la Baudille, Vallon de l\u2019Oriol, Corniche Napoule, Plage du Proph\u00e8te, Chemin du Roucas Blanc et Corniche Talabot.<\/li>\n<li>Service de navettes entre Arenc Eurom\u00e9diterran\u00e9e \/ Catalans (Bus 54 situ\u00e9 rue du Capitaine Dessemond) et entre Stade Nautique \/ M\u00e9tro Rond-Point du Prado.<\/li>\n<\/ul>\n<p>Les restrictions de stationnement<\/p>\n<p class=\" wall-content\"><strong>Du 16\/10au 20\/10 de 21h30 \u00e0 23h<\/strong>\u2009:<\/p>\n<ul class=\" wall-content\">\n<li>Sur la totalit\u00e9 des emplacements du terre-plein situ\u00e9 \u00e0 la hauteur du n\u00b0397,<\/li>\n<li>C\u00f4t\u00e9 impair, sur 20m \u00e0 la hauteur du chemin du Vallon de l\u2019Oriol.<\/li>\n<\/ul>\n<p class=\" wall-content\"><strong>Du 18\/10 au 20\/10 de 8h \u00e0 midi<\/strong>\u2009:<\/p>\n<ul class=\" wall-content\">\n<li>Place Paul-Ricard en totalit\u00e9,<\/li>\n<li>Parking face \u00e0 la Villa Gaby,<\/li>\n<li>Parking de l\u2019H\u00e9lice (M\u00e9morial des Rapatri\u00e9s d\u2019Alg\u00e9rie) en totalit\u00e9,<\/li>\n<li>Square Danjaume en totalit\u00e9.<\/li>\n<\/ul>\n<p class=\" wall-content\"><strong>Du 18\/10 au 19\/10 de 21h30 \u00e0 23h<\/strong>\u2009:<\/p>\n<ul class=\" wall-content\">\n<li>Parking du Mar\u00e9graphe en totalit\u00e9,<\/li>\n<li>Parking du Proph\u00e8te en totalit\u00e9,<\/li>\n<li>Entre l\u2019avenue Talabot et la rue Capitaine-Dessemond, des deux c\u00f4t\u00e9s,<\/li>\n<li>Entre l\u2019avenue du Colonel-S\u00e9rot et l\u2019avenue Talabot des deux c\u00f4t\u00e9s,<\/li>\n<li>Traverse Sainte-H\u00e9l\u00e8ne\u2009: entre la rue Pierre-Mouren et la Corniche Kennedy des deux c\u00f4t\u00e9s,<\/li>\n<li>Promenade Pompidou\u2009: entre l\u2019avenue du Colonel-S\u00e9rot et la rue du Commandant-Rolland des deux c\u00f4t\u00e9s,<\/li>\n<li>Rue F\u00e9lix Fr\u00e9gier\u2009: entre Corniche Kennedy et le n\u02da7 sur 10 emplacements r\u00e9glement\u00e9s.<\/li>\n<\/ul>\n<p>La circulation interdite<\/p>\n<p class=\" wall-content\"><strong>Le 19\/10 de 9h \u00e0 20h<\/strong>\u2009:<\/p>\n<ul class=\" wall-content\">\n<li>Corniche Pr\u00e9sident JF-Kennedy entre la promenade Georges Pompidou et l\u2019avenue Talabot et dans ce sens,<\/li>\n<li>L\u2019avenue Talabot et la rue du Cne-Dessemond,<\/li>\n<li>La traverse Pey entre le boulevard Bompard et la Corniche Pr\u00e9sident JF-Kennedy,<\/li>\n<li>La rue Pierre-Mouren entre la rue d\u2019Endoume et la Corniche Pr\u00e9sident JF-Kennedy,<\/li>\n<li>La promenade G. Pompidou entre la rue du Commandant-Rolland et la Corniche,<\/li>\n<li>Pr\u00e9sident JF-Kennedy et dans ce sens.<\/li>\n<\/ul>\n<p class=\" wall-content\">Personnalisez votre actualit\u00e9 en ajoutant vos villes et m\u00e9dias en favori avec <a href=\"https:\/\/moncompte.actu.fr\" title=\"D\u00e9couvez Mon Actu\" rel=\"nofollow noopener\" data-trk=\"{&quot;cta&quot;:{&quot;action&quot;:&quot;https:\\\/\\\/moncompte.actu.fr&quot;,&quot;category&quot;:&quot;mon compte&quot;,&quot;from&quot;:&quot;article footer&quot;,&quot;name&quot;:&quot;Mon actu&quot;,&quot;type&quot;:&quot;cta&quot;}}\" target=\"_blank\">Mon Actu<\/a>.<\/p>\n","protected":false},"excerpt":{"rendered":"Par Thibault Nadal Publi\u00e9 le 18 oct. 2025 \u00e0 6h12 C\u2019est un \u00e9v\u00e9nement qui attire toujours plus de&hellip;\n","protected":false},"author":2,"featured_media":473833,"comment_status":"","ping_status":"","sticky":false,"template":"","format":"standard","meta":{"footnotes":""},"categories":[2814],"tags":[1111,11,646,7958,1777,674,1011,27,884,12,882,25,104,6173],"class_list":{"0":"post-473832","1":"post","2":"type-post","3":"status-publish","4":"format-standard","5":"has-post-thumbnail","7":"category-marseille","8":"tag-actu","9":"tag-actualites","10":"tag-automobile","11":"tag-corniche","12":"tag-eu","13":"tag-europe","14":"tag-fr","15":"tag-france","16":"tag-marseille","17":"tag-news","18":"tag-provence-alpes-cote-dazur","19":"tag-republique-francaise","20":"tag-societe","21":"tag-stationnement"},"share_on_mastodon":{"url":"https:\/\/pubeurope.com\/@fr\/115398452455859121","error":""},"_links":{"self":[{"href":"https:\/\/www.europesays.com\/fr\/wp-json\/wp\/v2\/posts\/473832","targetHints":{"allow":["GET"]}}],"collection":[{"href":"https:\/\/www.europesays.com\/fr\/wp-json\/wp\/v2\/posts"}],"about":[{"href":"https:\/\/www.europesays.com\/fr\/wp-json\/wp\/v2\/types\/post"}],"author":[{"embeddable":true,"href":"https:\/\/www.europesays.com\/fr\/wp-json\/wp\/v2\/users\/2"}],"replies":[{"embeddable":true,"href":"https:\/\/www.europesays.com\/fr\/wp-json\/wp\/v2\/comments?post=473832"}],"version-history":[{"count":0,"href":"https:\/\/www.europesays.com\/fr\/wp-json\/wp\/v2\/posts\/473832\/revisions"}],"wp:featuredmedia":[{"embeddable":true,"href":"https:\/\/www.europesays.com\/fr\/wp-json\/wp\/v2\/media\/473833"}],"wp:attachment":[{"href":"https:\/\/www.europesays.com\/fr\/wp-json\/wp\/v2\/media?parent=473832"}],"wp:term":[{"taxonomy":"category","embeddable":true,"href":"https:\/\/www.europesays.com\/fr\/wp-json\/wp\/v2\/categories?post=473832"},{"taxonomy":"post_tag","embeddable":true,"href":"https:\/\/www.europesays.com\/fr\/wp-json\/wp\/v2\/tags?post=473832"}],"curies":[{"name":"wp","href":"https:\/\/api.w.org\/{rel}","templated":true}]}}